{"id":266791,"date":"2026-09-04T07:20:01","date_gmt":"2026-09-04T05:20:01","guid":{"rendered":"https:\/\/www.brundisium.net\/?p=266791"},"modified":"2026-09-04T07:20:01","modified_gmt":"2026-09-04T05:20:01","slug":"provincia-di-brindisi-il-campo-largo-e-i-sindaci-sostengono-elio-ciccarese","status":"publish","type":"post","link":"https:\/\/www.brundisium.net\/index.php\/provincia-di-brindisi-il-campo-largo-e-i-sindaci-sostengono-elio-ciccarese\/","title":{"rendered":"Provincia di Brindisi: il campo largo e i Sindaci sostengono Elio Ciccarese"},"content":{"rendered":"<p>Il Partito Democratico, il Movimento 5 Stelle, Alleanza Verdi e Sinistra, Prossima, Per e i sindaci della provincia di Brindisi che sono espressione  di questa dell\u2019alleanza politica e civica sostengono la candidatura di Elio Ciccarese alla Presidenza della Provincia di Brindisi.<\/p>\n<p>Una scelta condivisa che nasce dalla volont\u00e0 di proseguire il lavoro avviato in occasione del recente rinnovo del Consiglio provinciale e dare piena attuazione alle linee di mandato approvate.<\/p>\n<p>Il 27 settembre, dunque, non si parte da zero. La candidatura di Elio Ciccarese si inserisce in un percorso amministrativo gi\u00e0 avviato, costruito attraverso il confronto tra forze politiche, realt\u00e0 civiche e amministratori del territorio.<\/p>\n<p>\u00c8 un percorso che abbiamo scelto di portare avanti insieme perch\u00e9 siamo convinti che la Provincia di Brindisi abbia bisogno di una guida capace di trasformare le scelte programmatiche gi\u00e0 assunte in interventi concreti e di rafforzare il ruolo dell&#8217;Ente al servizio dei Comuni e delle comunit\u00e0.<\/p>\n<p>Proseguire un lavoro gi\u00e0 avviato<\/p>\n<p>Le linee di mandato recentemente approvate dal Consiglio hanno individuato priorit\u00e0 e obiettivi sui quali concentrare l&#8217;azione amministrativa.<br \/>\nOggi riteniamo necessario dare seguito a quel lavoro.<\/p>\n<p>La candidatura di Elio Ciccarese nasce esattamente da questa esigenza: avere una Presidenza che, potendo contare sulla conoscenza della struttura amministrativa dell\u2019Ente e sugli obbiettivi strategici della fase che si \u00e8 aperta a febbraio con il rinnovo del consiglio, accompagni, sostenga e renda pi\u00f9 efficace l&#8217;attuazione degli indirizzi politici amministrativi approvati. <\/p>\n<p>Vogliamo rafforzare il ruolo di una Provincia che sappia coordinare, progettare e sostenere, valorizzando le specificit\u00e0 dei singoli territori ma costruendo, allo stesso tempo, una visione comune.<\/p>\n<p>Strade, scuole e territorio<\/p>\n<p>Le priorit\u00e0 individuate nelle linee di mandato devono tradursi in azioni concrete.<br \/>\nLa viabilit\u00e0 provinciale richiede un impegno costante sulla manutenzione e sulla sicurezza della rete stradale, con una programmazione capace di affrontare le criticit\u00e0 e migliorare i collegamenti tra i Comuni.<\/p>\n<p>L&#8217;edilizia scolastica deve continuare a essere una priorit\u00e0, attraverso interventi sulla sicurezza, sulla manutenzione, sull&#8217;efficientamento energetico e sulla qualit\u00e0 degli spazi destinati agli studenti.<\/p>\n<p>La tutela dell&#8217;ambiente e del territorio deve accompagnare ogni scelta di sviluppo, affrontando con responsabilit\u00e0 le trasformazioni che interessano il Brindisino e rafforzando il ruolo della Provincia nella programmazione e nel coordinamento.<\/p>\n<p>Una visione condivisa per lo sviluppo<br \/>\nIl territorio provinciale ha bisogno di una strategia capace di mettere insieme infrastrutture, lavoro, ambiente, innovazione, turismo, cultura, agricoltura ed energia.<br \/>\nPorto, aeroporto, rete ferroviaria e viaria, sistema produttivo e turistico rappresentano elementi di una stessa strategia territoriale.<\/p>\n<p>La Provincia pu\u00f2 e deve contribuire a costruire questa visione, favorendo il dialogo tra Comuni, Regione, Governo, imprese, organizzazioni sociali, mondo della formazione e societ\u00e0 civile.<\/p>\n<p>Per questo sar\u00e0 fondamentale rafforzare la capacit\u00e0 di progettazione dell&#8217;Ente e la sua capacit\u00e0 di intercettare risorse, trasformando le opportunit\u00e0 disponibili in opere e servizi per il territorio.<\/p>\n<p>Una coalizione larga, un obiettivo comune<\/p>\n<p>Il valore della candidatura di Elio Ciccarese \u00e8 anche nella forza della coalizione che la sostiene.<br \/>\nPartito Democratico, Movimento 5 Stelle, Alleanza Verdi e Sinistra, Prossima, Per e i sindaci della provincia di Brindisi che sono espressione di questa alleanza hanno scelto di mettere insieme le proprie esperienze e sensibilit\u00e0 per dare forza a un progetto comune.<\/p>\n<p>\u00c8 la scelta di lavorare insieme per una Provincia che sappia essere vicina ai Comuni, capace di programmare, autorevole nelle relazioni istituzionali e concreta nella realizzazione degli interventi.<br \/>\nQuesta unit\u00e0 rappresenta una risorsa per l&#8217;intero territorio.<\/p>\n<p>In questo percorso sar\u00e0 altrettanto importante che la futura governance dell\u2019Ente sappia esprimere pienamente la pluralit\u00e0 politica e territoriale della coalizione che sostiene questo progetto. La Provincia, per sua stessa natura, deve rappresentare e tenere insieme tutte le comunit\u00e0 del Brindisino, valorizzando i diversi territori e garantendo un equilibrio capace di rafforzarne il protagonismo nelle scelte e nelle responsabilit\u00e0 istituzionali.<\/p>\n<p>Siamo convinti che questo principio debba trovare concreta espressione anche nella definizione degli assetti istituzionali, valorizzando competenze, rappresentativit\u00e0 e radicamento territoriale, nel rispetto dello spirito unitario e plurale che ha portato alla costruzione di questa candidatura.<\/p>\n<p>Il 27 settembre per andare avanti<\/p>\n<p>Le elezioni del 27 settembre rappresentano quindi un passaggio importante per dare una guida stabile e autorevole alla Provincia di Brindisi. Le forze politiche e i sindaci del campo largo, con la candidatura di Elio Ciccarese alla carica di Presidente,  intendono proseguire l\u2019importante lavoro avviato  con maggiore forza e determinazione rilanciando un progetto che mette al centro lo sviluppo economico, sociale, culturale della Provincia di Brindisi.<\/p>\n<p>Partito Democratico<br \/>\nMovimento 5 Stelle<br \/>\nAlleanza Verdi e Sinistra<br \/>\nProssima<br \/>\nPer la Puglia<\/p>\n<p>I sindaci<\/p>\n<p>Antonello Denuzzo<br \/>\nEdmondo Moscatelli<br \/>\nElio Ciccarese<br \/>\nEnzo Perrini<br \/>\nFrancesco Rogoli<br \/>\nFrancesco Zaccaria<br \/>\nGiovanni Allegrini<br \/>\nGiovanni Barletta<br \/>\nLucia Argentieri<br \/>\nMarco Ruggiero<br \/>\nMassimo Lanzillotti<\/p>\n","protected":false},"excerpt":{"rendered":"<p>Il Partito Democratico, il Movimento 5 Stelle, Alleanza Verdi e Sinistra, Prossima, Per e i sindaci della provincia di Brindisi che sono espressione di questa dell\u2019alleanza politica e civica sostengono la candidatura di Elio Ciccarese alla Presidenza della Provincia di Brindisi. Una scelta condivisa che nasce dalla volont\u00e0 di proseguire il lavoro avviato in occasione del recente rinnovo del Consiglio provinciale e dare piena attuazione alle linee di mandato approvate. Il 27 settembre, dunque, non si parte da zero. La candidatura di Elio Ciccarese si inserisce in un percorso amministrativo gi\u00e0 avviato, costruito attraverso il confronto tra forze politiche, realt\u00e0 civiche e amministratori del territorio. \u00c8 un percorso che abbiamo scelto di portare avanti insieme perch\u00e9 siamo convinti che la Provincia di Brindisi abbia bisogno di una guida capace di trasformare le scelte programmatiche gi\u00e0 assunte in interventi concreti e di rafforzare il ruolo dell&#8217;Ente al servizio dei Comuni e delle comunit\u00e0. Proseguire un lavoro gi\u00e0 avviato Le linee di mandato recentemente approvate dal Consiglio hanno individuato priorit\u00e0 e obiettivi&#8230;<\/p>\n","protected":false},"author":2,"featured_media":260663,"comment_status":"closed","ping_status":"closed","sticky":false,"template":"","format":"standard","meta":{"footnotes":""},"categories":[7],"tags":[],"class_list":["post-266791","post","type-post","status-publish","format-standard","has-post-thumbnail","hentry","category-news"],"_links":{"self":[{"href":"https:\/\/www.brundisium.net\/index.php\/wp-json\/wp\/v2\/posts\/266791","targetHints":{"allow":["GET"]}}],"collection":[{"href":"https:\/\/www.brundisium.net\/index.php\/wp-json\/wp\/v2\/posts"}],"about":[{"href":"https:\/\/www.brundisium.net\/index.php\/wp-json\/wp\/v2\/types\/post"}],"author":[{"embeddable":true,"href":"https:\/\/www.brundisium.net\/index.php\/wp-json\/wp\/v2\/users\/2"}],"replies":[{"embeddable":true,"href":"https:\/\/www.brundisium.net\/index.php\/wp-json\/wp\/v2\/comments?post=266791"}],"version-history":[{"count":1,"href":"https:\/\/www.brundisium.net\/index.php\/wp-json\/wp\/v2\/posts\/266791\/revisions"}],"predecessor-version":[{"id":266792,"href":"https:\/\/www.brundisium.net\/index.php\/wp-json\/wp\/v2\/posts\/266791\/revisions\/266792"}],"wp:featuredmedia":[{"embeddable":true,"href":"https:\/\/www.brundisium.net\/index.php\/wp-json\/wp\/v2\/media\/260663"}],"wp:attachment":[{"href":"https:\/\/www.brundisium.net\/index.php\/wp-json\/wp\/v2\/media?parent=266791"}],"wp:term":[{"taxonomy":"category","embeddable":true,"href":"https:\/\/www.brundisium.net\/index.php\/wp-json\/wp\/v2\/categories?post=266791"},{"taxonomy":"post_tag","embeddable":true,"href":"https:\/\/www.brundisium.net\/index.php\/wp-json\/wp\/v2\/tags?post=266791"}],"curies":[{"name":"wp","href":"https:\/\/api.w.org\/{rel}","templated":true}]}}