{"id":266801,"date":"2026-09-04T12:28:11","date_gmt":"2026-09-04T10:28:11","guid":{"rendered":"https:\/\/www.brundisium.net\/?p=266801"},"modified":"2026-09-04T12:28:11","modified_gmt":"2026-09-04T10:28:11","slug":"cisternino-e-la-pro-loco-celebrano-la-bomminella-la-fiera-piu-antica-della-puglia","status":"publish","type":"post","link":"https:\/\/www.brundisium.net\/index.php\/cisternino-e-la-pro-loco-celebrano-la-bomminella-la-fiera-piu-antica-della-puglia\/","title":{"rendered":"Cisternino e la Pro Loco celebrano la Bomminella, la fiera pi\u00f9 antica della Puglia"},"content":{"rendered":"<p> Il Comune di Cisternino si prepara a vivere quattro giorni con la storica fiera della Bomminella, che \u00e8 stata rivalutata e rilanciata dall&#8217;Amministrazione comunale in collaborazione con la Pro Loco di Cisternino e altre associazioni locali con un ricco programmi di appuntamenti tradizionali tra cavalli, musica popolare e memoria storica della Valle d\u2019Itria. Grande attesa in citt\u00e0 con cittadini e commercianti pronti ad organizzare l&#8217;evento in maniera capillare.<\/p>\n<p>&#8220;Questo storico evento rappresenta l\u2019ultimo grande fulcro del cartellone estivo, una chiusura in pura bellezza che unisce la comunit\u00e0 e accoglie i visitatori nel cuore della Puglia per celebrare uno degli eventi pi\u00f9 antichi della Regione &#8211; dice il Sindaco Enzo Perrini di Cisternino insieme all&#8217;assessore alla cultura Annalisa Canzio  &#8211; questa programmazione speciale nasce per valorizzare e ampliare la storica fiera trasformandola in un festival diffuso che unisce le giornate precedenti e successive ai festeggiamenti principali&#8221;<\/p>\n<p>Le attivit\u00e0 prendono il via sabato 5 settembre a Porta Piccola, dove dalle ore 18:30 si aprir\u00e0 l&#8217;esposizione di tamburi a cornice e organetti a cura di Anghel Fumarola e Armando Pecere, mostra che rimarr\u00e0 allestita fino all&#8217;8 settembre. A seguire, alle ore 19:00 nello stesso luogo, si terr\u00e0 l&#8217;esibizione dei giovani musicisti di musica popolare curata dall&#8217;Associazione Musicisti Valle d&#8217;Itria, mentre la serata si sposter\u00e0 alle ore 20:30 in via La Fiera con l&#8217;appuntamento &#8220;ViniliGiusti&#8221; insieme a GianciM, in collaborazione e a cura di Santa Giusta.<\/p>\n<p>Domenica 6 settembre l&#8217;attenzione si focalizza sulla tradizione e sulla sfilata dei cavalli: alle ore 18:30 le vie del centro saranno animate dal corteo storico di carrozze, calessi e traini, che prevede un momento di saluti istituzionali in Largo Amati. Successivamente, alle ore 20:30 a Porta Grande, il Comitato Rievocazione Storica della Bomminella metter\u00e0 in scena la rievocazione dell&#8217;arrivo dei mercanti. La giornata si chiuder\u00e0 a partire dalle ore 21:00 con il corteo storico dei cavalli e degli attacchi con figuranti, che si snoder\u00e0 dalla Madonnina al Borgo includendo la sosta per la seconda parte della rievocazione.<\/p>\n<p>Il programma prosegue luned\u00ec 7 settembre con un pomeriggio culturale alla Torre Civica, dove alle ore 18:00 si terr\u00e0 il dialogo sull&#8217;evoluzione della fiera condotto da Paola Gentile. Alle ore 19:00 in Piazza dell&#8217;Orologio spazio al movimento con la lezione di pizzica e la quadriglia finale guidata da Gisella Di Palermo e Adriano Barranco della stessa Associazione Musicisti Valle d&#8217;Itria. Alle ore 20:15 la Villa Comunale ospiter\u00e0 lo spettacolo teatrale &#8220;Il traino dei fessi (ovvero dietro ogni scemo c\u2019\u00e8 un villaggio)&#8221; di e con Giuseppe Ciciriello, mentre la serata si concluder\u00e0 alle ore 21:30 nuovamente in Piazza dell&#8217;Orologio con l&#8217;evento &#8220;L&#8217;asta alla Bomminella: 10 pezzi rari x10 brani indimenticabili&#8221;, curato da Micro con Le Chicche di Zia Rosa, un\u2019asta fatta in piazza di oggetti antichi abbinati ad un brano musicale. Il battitore sar\u00e0 Alessandro Antonacci e i brani musicali saranno scelti da Gianci Moggia<\/p>\n<p>La giornata conclusiva di marted\u00ec 8 settembre, interamente dedicata alla Fiera, che come di consueto di svolger\u00e0 tra via Dante, via Regina Margherita e dintorni, vedr\u00e0 la presenza di artisti e suonatori per le vie del centro dal mattino fino a sera, come da tradizione. FRANCESCO ZIZZI <\/p>\n","protected":false},"excerpt":{"rendered":"<p>Il Comune di Cisternino si prepara a vivere quattro giorni con la storica fiera della Bomminella, che \u00e8 stata rivalutata e rilanciata dall&#8217;Amministrazione comunale in collaborazione con la Pro Loco di Cisternino e altre associazioni locali con un ricco programmi di appuntamenti tradizionali tra cavalli, musica popolare e memoria storica della Valle d\u2019Itria. Grande attesa in citt\u00e0 con cittadini e commercianti pronti ad organizzare l&#8217;evento in maniera capillare. &#8220;Questo storico evento rappresenta l\u2019ultimo grande fulcro del cartellone estivo, una chiusura in pura bellezza che unisce la comunit\u00e0 e accoglie i visitatori nel cuore della Puglia per celebrare uno degli eventi pi\u00f9 antichi della Regione &#8211; dice il Sindaco Enzo Perrini di Cisternino insieme all&#8217;assessore alla cultura Annalisa Canzio &#8211; questa programmazione speciale nasce per valorizzare e ampliare la storica fiera trasformandola in un festival diffuso che unisce le giornate precedenti e successive ai festeggiamenti principali&#8221; Le attivit\u00e0 prendono il via sabato 5 settembre a Porta Piccola, dove dalle ore 18:30 si aprir\u00e0 l&#8217;esposizione di tamburi a cornice e organetti a&#8230;<\/p>\n","protected":false},"author":2,"featured_media":266803,"comment_status":"closed","ping_status":"closed","sticky":false,"template":"","format":"standard","meta":{"footnotes":""},"categories":[7],"tags":[],"class_list":["post-266801","post","type-post","status-publish","format-standard","has-post-thumbnail","hentry","category-news"],"_links":{"self":[{"href":"https:\/\/www.brundisium.net\/index.php\/wp-json\/wp\/v2\/posts\/266801","targetHints":{"allow":["GET"]}}],"collection":[{"href":"https:\/\/www.brundisium.net\/index.php\/wp-json\/wp\/v2\/posts"}],"about":[{"href":"https:\/\/www.brundisium.net\/index.php\/wp-json\/wp\/v2\/types\/post"}],"author":[{"embeddable":true,"href":"https:\/\/www.brundisium.net\/index.php\/wp-json\/wp\/v2\/users\/2"}],"replies":[{"embeddable":true,"href":"https:\/\/www.brundisium.net\/index.php\/wp-json\/wp\/v2\/comments?post=266801"}],"version-history":[{"count":1,"href":"https:\/\/www.brundisium.net\/index.php\/wp-json\/wp\/v2\/posts\/266801\/revisions"}],"predecessor-version":[{"id":266804,"href":"https:\/\/www.brundisium.net\/index.php\/wp-json\/wp\/v2\/posts\/266801\/revisions\/266804"}],"wp:featuredmedia":[{"embeddable":true,"href":"https:\/\/www.brundisium.net\/index.php\/wp-json\/wp\/v2\/media\/266803"}],"wp:attachment":[{"href":"https:\/\/www.brundisium.net\/index.php\/wp-json\/wp\/v2\/media?parent=266801"}],"wp:term":[{"taxonomy":"category","embeddable":true,"href":"https:\/\/www.brundisium.net\/index.php\/wp-json\/wp\/v2\/categories?post=266801"},{"taxonomy":"post_tag","embeddable":true,"href":"https:\/\/www.brundisium.net\/index.php\/wp-json\/wp\/v2\/tags?post=266801"}],"curies":[{"name":"wp","href":"https:\/\/api.w.org\/{rel}","templated":true}]}}