{"id":266867,"date":"2026-09-05T10:19:59","date_gmt":"2026-09-05T08:19:59","guid":{"rendered":"https:\/\/www.brundisium.net\/?p=266867"},"modified":"2026-09-05T10:19:59","modified_gmt":"2026-09-05T08:19:59","slug":"uve-primitive-2026-da-oggi-oria-vive-due-giorni-di-festa-tra-vino-tradizioni-musica-carri-allegorici-e-grandi-ospiti","status":"publish","type":"post","link":"https:\/\/www.brundisium.net\/index.php\/uve-primitive-2026-da-oggi-oria-vive-due-giorni-di-festa-tra-vino-tradizioni-musica-carri-allegorici-e-grandi-ospiti\/","title":{"rendered":"Uve Primitive 2026: da oggi Oria vive due giorni di festa tra vino, tradizioni, musica, carri allegorici e grandi ospiti"},"content":{"rendered":"<p> Torna nel cuore della citt\u00e0 di Oria l&#8217;appuntamento con Uve Primitive 2026, il Festival dell&#8217;Uva e del Vino Pugliese che celebra la cultura della vendemmia, l&#8217;identit\u00e0 del territorio e le eccellenze vitivinicole della Puglia. Due giornate all&#8217;insegna del vino, della musica, dell&#8217;arte e delle tradizioni popolari che coinvolgeranno cittadini, turisti, appassionati e operatori del settore in un grande evento diffuso capace di valorizzare l&#8217;intero territorio.<\/p>\n<p>L&#8217;edizione 2026 si presenta con un programma ricco e articolato che vedr\u00e0 protagoniste le migliori cantine pugliesi, degustazioni enogastronomiche, masterclass AIS, spettacoli, musica popolare dal vivo, arte e folklore. Per due giorni il centro storico di Oria diventer\u00e0 un percorso esperienziale dedicato ai sapori, ai profumi e alle tradizioni della nostra terra.<\/p>\n<p>Tra gli appuntamenti pi\u00f9 attesi spicca il grande concerto di Antonio Castrignan\u00f2 &#038; Taranta Sounds, una delle figure pi\u00f9 rappresentative della musica popolare salentina, che porter\u00e0 sul palco di Piazza Lorch uno spettacolo coinvolgente fatto di pizzica, energia e tradizione. A chiudere la manifestazione sar\u00e0 invece Consuelo Alfieri con lo spettacolo &#8220;La festa delle feste&#8221;, che accompagner\u00e0 la cerimonia conclusiva e la premiazione dei carri allegorici.<br \/>\nCuore storico della manifestazione sar\u00e0 ancora una volta la tradizionale Sfilata dei Carri, simbolo identitario della festa. Decine di volontari e carristi lavorano per mesi alla progettazione e realizzazione delle opere che sfileranno lungo le vie cittadine, mantenendo viva una delle tradizioni pi\u00f9 sentite della comunit\u00e0 oritana. I carri rappresentano il legame tra il mondo contadino, la vendemmia e la memoria collettiva della citt\u00e0, trasformando Oria in un autentico museo a cielo aperto.<br \/>\nTra le novit\u00e0 pi\u00f9 attese dell&#8217;edizione 2026 figura il Contest delle Luminarie di Primitivo, iniziativa aperta a quartieri, associazioni e cittadini nella realizzazione di installazioni luminose ispirate al tema del vino e della vendemmia. Le luminarie diventeranno parte integrante del percorso del festival e saranno protagoniste di una speciale premiazione finale.<br \/>\nIl comitato organizzatore ha riservato grande attenzione alla promozione e alla comunicazione dell&#8217;evento. La strategia sviluppata ha previsto una campagna integrata che coinvolge canali social, radio, mezzi pubblici, manifesti, brochure e maxi-affissioni 6&#215;3, con una copertura estesa alle province di Brindisi, Taranto, Lecce Nord e Bari Sud.<br \/>\nIl monitoraggio dei dati testimonia la crescente notoriet\u00e0 del festival ed evidenzia come la community costruita negli anni continui a seguire e supportare spontaneamente il progetto, dimostrando che il successo di Uve Primitive non dipende soltanto dalle attivit\u00e0 promozionali ma soprattutto dalla qualit\u00e0 dell&#8217;evento e dal forte legame con il territorio.<br \/>\nPer tutti coloro che desiderano partecipare, il sito ufficiale www.uveprimitive.it rappresenta il punto di riferimento per ricevere aggiornamenti in tempo reale sull&#8217;evento. Attraverso il portale \u00e8 possibile consultare il programma completo, prenotare le masterclass, conoscere le cantine partecipanti, ottenere indicazioni sui parcheggi, individuare le strutture ricettive convenzionate e pianificare al meglio la propria permanenza a Oria durante i giorni del festival.<\/p>\n<p>Uve Primitive si conferma cos\u00ec non solo una festa dedicata al vino, ma un vero progetto di valorizzazione territoriale capace di promuovere cultura, turismo, tradizioni popolari e produzioni di eccellenza, contribuendo alla crescita dell&#8217;immagine di Oria e dell&#8217;intero territorio pugliese.<\/p>\n<p>Informazioni e aggiornamenti &#x1f310; www.uveprimitive.it<br \/>\n &#x1f4cd; Oria (BR)<br \/>\n &#x1f4c5; 5 e 6 settembre 2026<br \/>\n &#x1f4e7; e20promotionaps@gmail.com<br \/>\n &#x1f4de; (+39) 329 455 8811<\/p>\n","protected":false},"excerpt":{"rendered":"<p>Torna nel cuore della citt\u00e0 di Oria l&#8217;appuntamento con Uve Primitive 2026, il Festival dell&#8217;Uva e del Vino Pugliese che celebra la cultura della vendemmia, l&#8217;identit\u00e0 del territorio e le eccellenze vitivinicole della Puglia. Due giornate all&#8217;insegna del vino, della musica, dell&#8217;arte e delle tradizioni popolari che coinvolgeranno cittadini, turisti, appassionati e operatori del settore in un grande evento diffuso capace di valorizzare l&#8217;intero territorio. L&#8217;edizione 2026 si presenta con un programma ricco e articolato che vedr\u00e0 protagoniste le migliori cantine pugliesi, degustazioni enogastronomiche, masterclass AIS, spettacoli, musica popolare dal vivo, arte e folklore. Per due giorni il centro storico di Oria diventer\u00e0 un percorso esperienziale dedicato ai sapori, ai profumi e alle tradizioni della nostra terra. Tra gli appuntamenti pi\u00f9 attesi spicca il grande concerto di Antonio Castrignan\u00f2 &#038; Taranta Sounds, una delle figure pi\u00f9 rappresentative della musica popolare salentina, che porter\u00e0 sul palco di Piazza Lorch uno spettacolo coinvolgente fatto di pizzica, energia e tradizione. A chiudere la manifestazione sar\u00e0 invece Consuelo Alfieri con lo spettacolo &#8220;La festa&#8230;<\/p>\n","protected":false},"author":2,"featured_media":266871,"comment_status":"closed","ping_status":"closed","sticky":false,"template":"","format":"standard","meta":{"footnotes":""},"categories":[169,7],"tags":[],"class_list":["post-266867","post","type-post","status-publish","format-standard","has-post-thumbnail","hentry","category-evidenza4","category-news"],"_links":{"self":[{"href":"https:\/\/www.brundisium.net\/index.php\/wp-json\/wp\/v2\/posts\/266867","targetHints":{"allow":["GET"]}}],"collection":[{"href":"https:\/\/www.brundisium.net\/index.php\/wp-json\/wp\/v2\/posts"}],"about":[{"href":"https:\/\/www.brundisium.net\/index.php\/wp-json\/wp\/v2\/types\/post"}],"author":[{"embeddable":true,"href":"https:\/\/www.brundisium.net\/index.php\/wp-json\/wp\/v2\/users\/2"}],"replies":[{"embeddable":true,"href":"https:\/\/www.brundisium.net\/index.php\/wp-json\/wp\/v2\/comments?post=266867"}],"version-history":[{"count":1,"href":"https:\/\/www.brundisium.net\/index.php\/wp-json\/wp\/v2\/posts\/266867\/revisions"}],"predecessor-version":[{"id":266872,"href":"https:\/\/www.brundisium.net\/index.php\/wp-json\/wp\/v2\/posts\/266867\/revisions\/266872"}],"wp:featuredmedia":[{"embeddable":true,"href":"https:\/\/www.brundisium.net\/index.php\/wp-json\/wp\/v2\/media\/266871"}],"wp:attachment":[{"href":"https:\/\/www.brundisium.net\/index.php\/wp-json\/wp\/v2\/media?parent=266867"}],"wp:term":[{"taxonomy":"category","embeddable":true,"href":"https:\/\/www.brundisium.net\/index.php\/wp-json\/wp\/v2\/categories?post=266867"},{"taxonomy":"post_tag","embeddable":true,"href":"https:\/\/www.brundisium.net\/index.php\/wp-json\/wp\/v2\/tags?post=266867"}],"curies":[{"name":"wp","href":"https:\/\/api.w.org\/{rel}","templated":true}]}}