{"id":266869,"date":"2026-09-05T17:10:26","date_gmt":"2026-09-05T15:10:26","guid":{"rendered":"https:\/\/www.brundisium.net\/?p=266869"},"modified":"2026-09-05T17:10:26","modified_gmt":"2026-09-05T15:10:26","slug":"a-san-vito-parte-zaino-sospeso-raccolta-di-materiale-scolastico-per-bambini-e-famiglie-in-difficolta","status":"publish","type":"post","link":"https:\/\/www.brundisium.net\/index.php\/a-san-vito-parte-zaino-sospeso-raccolta-di-materiale-scolastico-per-bambini-e-famiglie-in-difficolta\/","title":{"rendered":"A San Vito parte &#8220;Zaino sospeso&#8221;, raccolta di materiale scolastico per bambini e famiglie in difficolt\u00e0"},"content":{"rendered":"<p>L\u2019Amministrazione Comunale di San Vito dei Normanni lancia l\u2019iniziativa solidale &#8220;Zaino Sospeso. Si parte tutti dallo stesso banco\u201d, una raccolta di materiale scolastico nuovo a sostegno di bambini e famiglie in difficolt\u00e0.<\/p>\n<p>Un piccolo gesto per garantire il diritto pi\u00f9 importante: quello a una scuola inclusiva, dove tutti partono dallo stesso punto, con le stesse opportunit\u00e0.<\/p>\n<p>Dal 7 al 30 settembre, chiunque potr\u00e0 contribuire donando materiale scolastico nuovo \u2013 quaderni, penne, matite, astucci, colori, zaini \u2013 consegnandolo nell\u2019apposito cesto \u201cZaino Sospeso\u201d allestito al primo piano della Biblioteca Comunale \u201cGiovanni XXIII\u201d, in via Mazzini, negli orari di apertura.<\/p>\n<p>Tutto il materiale raccolto sar\u00e0 affidato alle Dirigenze Scolastiche degli Istituti Comprensivi cittadini, che provvederanno a una distribuzione riservata, discreta e rispettosa, alle famiglie che ne hanno bisogno.<\/p>\n<p>&#8220;L&#8217;iniziativa nasce da un\u2019idea semplice: una scuola \u00e8 davvero inclusiva solo quando tutti i bambini si sentono uguali &#8211; lo dice l&#8217;assessore alla Pubblica Istruzione del Comune di San Vito dei Normanni Silvia Di Dio &#8211; &#8220;Zaino Sospeso&#8221; \u00e8 un segno di vicinanza concreta alle famiglie e, allo stesso tempo, un investimento sulla cultura della solidariet\u00e0. Quel che si vuole \u00e8 che ogni bambino di San Vito senta di far parte di un\u2019unica, grande comunit\u00e0 che si prende cura di lui. I bambini e i loro diritti sono e restano una priorit\u00e0 assoluta per questa Amministrazione\u201d.<\/p>\n<p>Si invitano tutti a partecipare: cittadini,  associazioni e attivit\u00e0 commerciali. <\/p>\n","protected":false},"excerpt":{"rendered":"<p>L\u2019Amministrazione Comunale di San Vito dei Normanni lancia l\u2019iniziativa solidale &#8220;Zaino Sospeso. Si parte tutti dallo stesso banco\u201d, una raccolta di materiale scolastico nuovo a sostegno di bambini e famiglie in difficolt\u00e0. Un piccolo gesto per garantire il diritto pi\u00f9 importante: quello a una scuola inclusiva, dove tutti partono dallo stesso punto, con le stesse opportunit\u00e0. Dal 7 al 30 settembre, chiunque potr\u00e0 contribuire donando materiale scolastico nuovo \u2013 quaderni, penne, matite, astucci, colori, zaini \u2013 consegnandolo nell\u2019apposito cesto \u201cZaino Sospeso\u201d allestito al primo piano della Biblioteca Comunale \u201cGiovanni XXIII\u201d, in via Mazzini, negli orari di apertura. Tutto il materiale raccolto sar\u00e0 affidato alle Dirigenze Scolastiche degli Istituti Comprensivi cittadini, che provvederanno a una distribuzione riservata, discreta e rispettosa, alle famiglie che ne hanno bisogno. &#8220;L&#8217;iniziativa nasce da un\u2019idea semplice: una scuola \u00e8 davvero inclusiva solo quando tutti i bambini si sentono uguali &#8211; lo dice l&#8217;assessore alla Pubblica Istruzione del Comune di San Vito dei Normanni Silvia Di Dio &#8211; &#8220;Zaino Sospeso&#8221; \u00e8 un segno di vicinanza concreta alle&#8230;<\/p>\n","protected":false},"author":2,"featured_media":266889,"comment_status":"closed","ping_status":"closed","sticky":false,"template":"","format":"standard","meta":{"footnotes":""},"categories":[7],"tags":[],"class_list":["post-266869","post","type-post","status-publish","format-standard","has-post-thumbnail","hentry","category-news"],"_links":{"self":[{"href":"https:\/\/www.brundisium.net\/index.php\/wp-json\/wp\/v2\/posts\/266869","targetHints":{"allow":["GET"]}}],"collection":[{"href":"https:\/\/www.brundisium.net\/index.php\/wp-json\/wp\/v2\/posts"}],"about":[{"href":"https:\/\/www.brundisium.net\/index.php\/wp-json\/wp\/v2\/types\/post"}],"author":[{"embeddable":true,"href":"https:\/\/www.brundisium.net\/index.php\/wp-json\/wp\/v2\/users\/2"}],"replies":[{"embeddable":true,"href":"https:\/\/www.brundisium.net\/index.php\/wp-json\/wp\/v2\/comments?post=266869"}],"version-history":[{"count":1,"href":"https:\/\/www.brundisium.net\/index.php\/wp-json\/wp\/v2\/posts\/266869\/revisions"}],"predecessor-version":[{"id":266891,"href":"https:\/\/www.brundisium.net\/index.php\/wp-json\/wp\/v2\/posts\/266869\/revisions\/266891"}],"wp:featuredmedia":[{"embeddable":true,"href":"https:\/\/www.brundisium.net\/index.php\/wp-json\/wp\/v2\/media\/266889"}],"wp:attachment":[{"href":"https:\/\/www.brundisium.net\/index.php\/wp-json\/wp\/v2\/media?parent=266869"}],"wp:term":[{"taxonomy":"category","embeddable":true,"href":"https:\/\/www.brundisium.net\/index.php\/wp-json\/wp\/v2\/categories?post=266869"},{"taxonomy":"post_tag","embeddable":true,"href":"https:\/\/www.brundisium.net\/index.php\/wp-json\/wp\/v2\/tags?post=266869"}],"curies":[{"name":"wp","href":"https:\/\/api.w.org\/{rel}","templated":true}]}}