{"id":266874,"date":"2026-09-05T10:30:45","date_gmt":"2026-09-05T08:30:45","guid":{"rendered":"https:\/\/www.brundisium.net\/?p=266874"},"modified":"2026-09-05T10:30:45","modified_gmt":"2026-09-05T08:30:45","slug":"al-via-cinema-sotto-le-stelle-2026-grandi-film-ed-emozioni-a-cielo-aperto-nelle-piazze-del-fasanese","status":"publish","type":"post","link":"https:\/\/www.brundisium.net\/index.php\/al-via-cinema-sotto-le-stelle-2026-grandi-film-ed-emozioni-a-cielo-aperto-nelle-piazze-del-fasanese\/","title":{"rendered":"Al via &#8220;Cinema sotto le stelle 2026&#8221;: grandi film ed emozioni a cielo aperto nelle piazze del fasanese"},"content":{"rendered":"<p>L&#8217;estate fasanese si accende ancora una volta con la rassegna\u00a0Cinema sotto le stelle 2026,\u00a0l&#8217;atteso appuntamento con il grande schermo all&#8217;aperto promosso dalla Citt\u00e0 di Fasano in collaborazione con il Cinema Teatro Kennedy. Un cartellone ricco e variegato animer\u00e0 le serate di Montalbano, Pezze di Greco e Fasano, offrendo al pubblico la possibilit\u00e0 di godere di proiezioni di qualit\u00e0 con ingresso completamente gratuito.<br \/>\nLe proiezioni avranno inizio alle\u00a0ore 20:30\u00a0e si svolgeranno in diverse suggestive location del territorio.<\/p>\n<p>Il programma:<br \/>\n    \u2022 Luned\u00ec 14 Settembre\u00a0\u2013 Fasano, Piazza Mercato Vecchio:\u00a0&#8220;Il Bene Comune&#8221;<br \/>\n    \u2022 Marted\u00ec 15 Settembre\u00a0\u2013 Montalbano, Piazza della Libert\u00e0:\u00a0&#8220;Un bel giorno&#8221;<br \/>\n    \u2022 Mercoled\u00ec 16 Settembre\u00a0\u2013 Pezze di Greco, Piazza XX Settembre:\u00a0&#8220;Buen Camino&#8221;<br \/>\n    \u2022 Gioved\u00ec 17 Settembre\u00a0\u2013 Fasano, Piazza Mercato Vecchio:\u00a0&#8220;Oi Vita mia&#8221;<br \/>\n    \u2022 Venerd\u00ec 18 Settembre\u00a0\u2013 Pezze di Greco, Piazza XX Settembre:\u00a0&#8220;&#8230;che Dio perdona tutti&#8221;<br \/>\n    \u2022 Sabato 19 Settembre\u00a0\u2013 Fasano, Piazza Mercato Vecchio:\u00a0&#8220;La Vita va cos\u00ec&#8221;<\/p>\n<p>\u00abSiamo entusiasti\u00a0di riproporre anche quest&#8217;anno &#8216;Cinema sotto le stelle&#8217;, un&#8217;iniziativa che coniuga cultura, intrattenimento e la bellezza dei nostri spazi urbani\u00a0&#8211; dichiara l&#8217;Assessore alla Cultura Cinzia Caroli -. L&#8217;ingresso libero \u00e8 una scelta che vuole rendere il cinema accessibile a tutti, offrendo serate di svago e riflessione per famiglie e amici. Invitiamo tutta la cittadinanza e\u00a0i turisti a partecipare numerosi a queste serate. Ringrazio infine gli uffici comunali e Paola Buongiorno del Cinema Kennedy per il lavoro svolto\u00a0per rendere possibile anche quest\u2019anno la rassegna, divenuta un appuntamento fisso dell\u2019estate fasanese\u00bb.<\/p>\n<p>Un&#8217;occasione imperdibile per vivere la magia del cinema sotto il cielo stellato di Fasano e delle sue frazioni, in un&#8217;atmosfera unica e conviviale.<\/p>\n<p>Ufficio Stampa<br \/>\nCitt\u00e0 di Fasano<\/p>\n","protected":false},"excerpt":{"rendered":"<p>L&#8217;estate fasanese si accende ancora una volta con la rassegna\u00a0Cinema sotto le stelle 2026,\u00a0l&#8217;atteso appuntamento con il grande schermo all&#8217;aperto promosso dalla Citt\u00e0 di Fasano in collaborazione con il Cinema Teatro Kennedy. Un cartellone ricco e variegato animer\u00e0 le serate di Montalbano, Pezze di Greco e Fasano, offrendo al pubblico la possibilit\u00e0 di godere di proiezioni di qualit\u00e0 con ingresso completamente gratuito. Le proiezioni avranno inizio alle\u00a0ore 20:30\u00a0e si svolgeranno in diverse suggestive location del territorio. Il programma: \u2022 Luned\u00ec 14 Settembre\u00a0\u2013 Fasano, Piazza Mercato Vecchio:\u00a0&#8220;Il Bene Comune&#8221; \u2022 Marted\u00ec 15 Settembre\u00a0\u2013 Montalbano, Piazza della Libert\u00e0:\u00a0&#8220;Un bel giorno&#8221; \u2022 Mercoled\u00ec 16 Settembre\u00a0\u2013 Pezze di Greco, Piazza XX Settembre:\u00a0&#8220;Buen Camino&#8221; \u2022 Gioved\u00ec 17 Settembre\u00a0\u2013 Fasano, Piazza Mercato Vecchio:\u00a0&#8220;Oi Vita mia&#8221; \u2022 Venerd\u00ec 18 Settembre\u00a0\u2013 Pezze di Greco, Piazza XX Settembre:\u00a0&#8220;&#8230;che Dio perdona tutti&#8221; \u2022 Sabato 19 Settembre\u00a0\u2013 Fasano, Piazza Mercato Vecchio:\u00a0&#8220;La Vita va cos\u00ec&#8221; \u00abSiamo entusiasti\u00a0di riproporre anche quest&#8217;anno &#8216;Cinema sotto le stelle&#8217;, un&#8217;iniziativa che coniuga cultura, intrattenimento e la bellezza dei nostri spazi urbani\u00a0&#8211; dichiara l&#8217;Assessore alla Cultura Cinzia Caroli&#8230;<\/p>\n","protected":false},"author":2,"featured_media":266877,"comment_status":"closed","ping_status":"closed","sticky":false,"template":"","format":"standard","meta":{"footnotes":""},"categories":[7],"tags":[],"class_list":["post-266874","post","type-post","status-publish","format-standard","has-post-thumbnail","hentry","category-news"],"_links":{"self":[{"href":"https:\/\/www.brundisium.net\/index.php\/wp-json\/wp\/v2\/posts\/266874","targetHints":{"allow":["GET"]}}],"collection":[{"href":"https:\/\/www.brundisium.net\/index.php\/wp-json\/wp\/v2\/posts"}],"about":[{"href":"https:\/\/www.brundisium.net\/index.php\/wp-json\/wp\/v2\/types\/post"}],"author":[{"embeddable":true,"href":"https:\/\/www.brundisium.net\/index.php\/wp-json\/wp\/v2\/users\/2"}],"replies":[{"embeddable":true,"href":"https:\/\/www.brundisium.net\/index.php\/wp-json\/wp\/v2\/comments?post=266874"}],"version-history":[{"count":1,"href":"https:\/\/www.brundisium.net\/index.php\/wp-json\/wp\/v2\/posts\/266874\/revisions"}],"predecessor-version":[{"id":266878,"href":"https:\/\/www.brundisium.net\/index.php\/wp-json\/wp\/v2\/posts\/266874\/revisions\/266878"}],"wp:featuredmedia":[{"embeddable":true,"href":"https:\/\/www.brundisium.net\/index.php\/wp-json\/wp\/v2\/media\/266877"}],"wp:attachment":[{"href":"https:\/\/www.brundisium.net\/index.php\/wp-json\/wp\/v2\/media?parent=266874"}],"wp:term":[{"taxonomy":"category","embeddable":true,"href":"https:\/\/www.brundisium.net\/index.php\/wp-json\/wp\/v2\/categories?post=266874"},{"taxonomy":"post_tag","embeddable":true,"href":"https:\/\/www.brundisium.net\/index.php\/wp-json\/wp\/v2\/tags?post=266874"}],"curies":[{"name":"wp","href":"https:\/\/api.w.org\/{rel}","templated":true}]}}