{"id":266902,"date":"2026-09-05T20:57:34","date_gmt":"2026-09-05T18:57:34","guid":{"rendered":"https:\/\/www.brundisium.net\/?p=266902"},"modified":"2026-09-05T20:57:34","modified_gmt":"2026-09-05T18:57:34","slug":"festa-patronale-il-discorso-del-sindaco-marchionna-2","status":"publish","type":"post","link":"https:\/\/www.brundisium.net\/index.php\/festa-patronale-il-discorso-del-sindaco-marchionna-2\/","title":{"rendered":"Festa patronale: il discorso del Sindaco Marchionna"},"content":{"rendered":"<p>Discorso del Sindaco di Brindisi alla Festa Patronale<br \/>\n5 settembre 2026<\/p>\n<p>Rivolgo un deferente saluto a Sua Eccellenza l\u2019Arcivescovo Giovanni Intini.<br \/>\nAnalogo omaggio rivolgo a Sua Eccellenza il Prefetto Guido Aprea, che quest\u2019anno partecipa per la prima volta in questa veste alla nostra antica manifestazione di devozione religiosa e di festa popolare.<br \/>\nUn caro saluto a tutte le altre Autorit\u00e0 civili e militari e il mio abbraccio affettuoso a tutti Voi cari concittadini che siete presenti qui o che ci seguite in diretta TV.<\/p>\n<p>La Festa in onore dei Santi Patroni conclude la stagione estiva che anche quest\u2019anno \u00e8 stata ricca di soddisfazioni e di successi per la nostra Citt\u00e0: questo splendido lungomare \u00e8 stato animato ogni sera da centinaia di brindisini, ma anche da gente proveniente da altri comuni della provincia e soprattutto da tanti, tantissimi turisti stranieri. E come vado dicendo da qualche tempo lo \u201csguardo dello straniero\u201d ci restituisce l\u2019immagine di una Citt\u00e0 bella e affascinante, nella quale \u00e8 piacevole vivere e godere delle sue bellezze.<br \/>\nPotremmo concludere che tutti apprezzano Brindisi, tranne &#8211; ahim\u00e8 &#8211; i brindisini\u2026<br \/>\n\u201cCati piru ca ti mangiu\u201d recitava un\u2019antica poesia del compianto senatore e Sindaco di Brindisi Ennio Masiello\u2026 Sembra proprio di essere rimasti fermi a quell\u2019epoca\u2026<\/p>\n<p>Certo, non intendo ignorare le polemiche sul Cartellone dell\u2019Estate Brindisina, quelle sullo Stadio rimesso a nuovo e, ultimo in ordine di tempo, quelle sul muro di contenimento dell\u2019argine del Canale Patri all\u2019interno del Parco del Cillarese.<br \/>\nSono abituato agli attacchi personali, visto che la mia storia \u00e8 sempre stata costellata di accuse ingiuste che poi si sono dissolte nel nulla.<br \/>\nPurtroppo devo anticiparvi che le polemiche aumenteranno di intensit\u00e0 e di volume ogni giorno che ci avvicina alle prossime elezioni politiche o amministrative che saranno celebrate nel 2027.<\/p>\n<p>Per\u00f2 vorrei dare un consiglio alla stragrande maggioranza dei cittadini esemplari, a quelli che pagano le tasse e la TARI, a quelli che fanno correttamente la raccolta differenziata, a quelli che non lasciano la loro auto ovunque pur di correre al ristorante prenotato: continuate a essere cittadini modello, insistete nel caratterizzarvi per l\u2019amore verso la vostra Citt\u00e0 e i suoi beni pubblici, non scoraggiatevi di fronte ai vandalismi gratuiti, agli atti di prepotenza, alla violenza verbale dei social, abbiate la piena consapevolezza di essere la parte sana su cui si poggia la convivenza civile in questa Citt\u00e0.<\/p>\n<p>Molti si sono interrogati giustamente sull\u2019esito concreto dell\u2019annuncio fatto da questo palco l\u2019anno scorso rispetto alla previsione di circa 20 milioni di entrate dalle compensazioni territoriali con cui avremmo avviato un grande progetto di manutenzione straordinaria della Citt\u00e0.<br \/>\nVi indico subito i risultati concreti che sono stati nel frattempo realizzati:<br \/>\nTotale incassi nello scorcio finale del 2025: \u20ac 544.847;<br \/>\nTotale incassi sino a questo momento nel 2026: \u20ac 495.805;<br \/>\nTotale da incassare per contratti gi\u00e0 sottoscritti: \u20ac 14.850.161<br \/>\nTotale da incassare per contratti ancora da sottoscrivere: \u20ac 20.529.396.<br \/>\nCome potete calcolare il totale non \u00e8 pi\u00f9 di circa 20 milioni, ma \u00e8 arrivato a circa 35 milioni. L\u2019effettiva disponibilit\u00e0 di queste somme (e quindi la concretizzazione degli interventi) \u00e8 purtroppo subordinata ai tempi e alle procedure della burocrazia italiana che, &#8211; come tutti sanno &#8211; sono un po\u2019 faticose e snervanti.<\/p>\n<p>Questi finanziamenti sono gi\u00e0 stati collegati a progetti gi\u00e0 pronti per essere appaltati e realizzati:<br \/>\n4 milioni per la manutenzione straordinaria di strade e marciapiedi;<br \/>\n2 milioni per la manutenzione straordinaria di case comunali;<br \/>\n2 milioni per la manutenzione straordinaria di scuole e palestre comunali;<br \/>\n2 milioni per la manutenzione straordinaria del verde pubblico;<br \/>\n1,5 milioni per la definitiva messa in sicurezza del Cavalcavia De Gasperi<br \/>\n10,2 milioni per il progetto di rigenerazione urbana del Quartiere Sant\u2019Elia, con la realizzazione di un\u2019area mercatale (che liberi le abitazioni dalla soffocante presenza delle bancarelle), la realizzazione di una strada diretta di collegamento tra Piazza Raffaello e l\u2019area commerciale posta a margine del quartiere, nonch\u00e9 la riqualificazione funzionale del complesso di Parco Buscicchio;<br \/>\n5,8 milioni per il progetto di rigenerazione urbana del Quartiere Perrino, con la realizzazione di un parco modulare che migliori la vivibilit\u00e0 del quartiere e la riqualificazione della via di accesso alla Citt\u00e0 da sud.<br \/>\nMa non ci siamo fermati a questi finanziamenti. Abbiamo battuto altre strade e grazie a un contributo ministeriale di circa 2 milioni, prevediamo a breve interventi sui 26 tratti di strada alterati dalle radici degli alberi nei quartieri Sant\u2019Elia, Santa Chiara, Commenda, Paradiso, Materdomini, Casale, Minnuta.<br \/>\nHo l\u2019obbligo di citare tante altre iniziative per sottolineare l\u2019impegno di questa Amministrazione verso una serie di interventi che assumono una valenza simbolica nel disegno di rivitalizzazione della Citt\u00e0:<br \/>\nla vendita della piscina comunale che l\u2019anno prossimo riprender\u00e0 a funzionare definitivamente, colmando un vuoto che si \u00e8 fatto molto sentire per troppi anni;<br \/>\nl\u2019affidamento di Cala Materdomini a una compagine di giovani e volenterosi imprenditori brindisini;<br \/>\nl\u2019ampliamento delle zone di libera fruizione del mare lungo il litorale nord;<br \/>\ni lavori di rifacimento del lungomare e il completamento del restauro dell\u2019ex Capannone Montecatini. All\u2019interno di questo progetto \u00e8 anche prevista l\u2019attivazione di un radar meteorologico che permetta di prevedere e anticipare eventi atmosferici eccezionali; il monitoraggio continuo del Canale Patri con sensori sui livelli dell\u2019acqua; i droni per il controllo del territorio; un giardino pluviale che assorba l\u2019acqua piovana invece che scaricarla nelle strade.<br \/>\nil recupero dei Capannoni ex SACA per il Centro di cura e assistenza ai bambini con disturbi dello spettro autistico, nonch\u00e9 del Centro della Dieta Mediterranea per contrastare i fenomeni di obesit\u00e0 \u2013 soprattutto infantile \u2013 che stanno assumendo proporzioni preoccupanti;<br \/>\nvantiamo il primato regionale di Citt\u00e0 che investe di pi\u00f9 nell\u2019ambito del settore Servizi Sociali e Servizi alle Persone;<br \/>\nstiamo rapidamente recuperando il disavanzo finanziario che ha portato il Comune ad attivare la procedura di pre-dissesto. In questo abbiamo avuto il conforto della Conte dei Conti, che ha approvato il nostro Piano di Riequilibrio, confermando la bont\u00e0 delle azioni di risanamento intraprese.<\/p>\n<p>Come potete constatare non siamo stati con le mani conserte\u2026<br \/>\nNon a caso poco fa accennavo alle pastoie burocratiche.<br \/>\nIn Italia \u2013 tra varie autorizzazioni di Organi sovra ordinati e Conferenze di Servizio &#8211; sono necessari almeno cinque anni per completare qualsiasi opera pubblica. Per questo solo ora stanno giungendo al termine una serie di interventi previsti dal PNRR, definiti e progettati nel 2021 dalla precedente Amministrazione, alla quale va doverosamente rivolto il ringraziamento a nome della Citt\u00e0 per l\u2019impegno profuso.<br \/>\nIn particolare, il nuovo parcheggio di Via Tor Pisana vedr\u00e0 un incremento di circa 200 posti auto (per un totale di 360) che consentir\u00e0 \u2013 attraverso il sottopasso della Stazione Ferroviaria \u2013 l\u2019immediato accesso al Centro Storico, svolgendo le funzioni di parcheggio di scambio.<\/p>\n<p>Una citazione a parte merita il compendio meglio noto come \u201cCittadella Universitaria\u201d, nel quale pensiamo di inaugurare la nuova sede universitaria di Brindisi per l\u2019anno accademico 2027-28. Essa comprende la ristrutturazione dell\u2019Ex Agenzia delle Entrate, l\u2019ex Istituto per Ragionieri Marconi, l\u2019ex Scuola elementare di Via Maglie, la ex Palestra Galiano oggi intitolata al compianto prof. Oddo, il Giardino della Rimembranza e altri interventi previsti in quella zona.<br \/>\nNella nuova Cittadella Universitaria UniSalento trasferir\u00e0 nuovi corsi di laurea magistrale con i relativi laboratori, collegati ai bisogni occupazionali della Citt\u00e0 e del suo entroterra che saranno collegati ai processi di transizione energetica, ambientale e digitale, nonch\u00e9 percorsi di riqualificazione per chi gi\u00e0 lavora, ma \u00e8 coinvolto nei processi di decarbonizzazione e di abbandono delle vecchie produzioni industriali.<\/p>\n<p>Forse non siamo stato molto bravi a comunicare tutto questo, a informare l\u2019opinione pubblica di tutti questi risultati. E di questo vi chiedo scusa a nome di tutta l\u2019Amministrazione e assumo l\u2019impegno a cercare di migliorare la nostra capacit\u00e0 di ascolto e di comunicazione con i cittadini.<\/p>\n<p>Non vi prometto che tutto questo cambier\u00e0 la vostra vita domani mattina.<br \/>\nLe citt\u00e0 non cambiano in un giorno e chi racconta il contrario \u00e8 palesemente in malafede.<br \/>\nMa vi prometto che il prossimo anno vedrete diventare reali le cose che oggi chiamiamo ancora progetti: un pezzo importante del Centro Storico restituito e popolato di studenti universitari; le navette che portano la gente al lavoro, i laboratori di ricerca accesi e funzionanti e infine un lavoro che nasce dalla conoscenza e non soltanto dalle ciminiere.<br \/>\nBrindisi ha conosciuto tante ferite, attese, occasioni perdute. Ma \u00e8 ancora qui, in piedi, bellissima e ostinata. E finch\u00e9 ci sar\u00e0 anche un solo brindisino disposto a difenderla, a migliorarla, ad amarla, questa citt\u00e0 avr\u00e0 sempre un futuro davanti a s\u00e9.<\/p>\n<p>Viva Brindisi!<br \/>\nViva i Santi Patroni!<br \/>\nBuona Festa Patronale a tutti!<\/p>\n","protected":false},"excerpt":{"rendered":"<p>Discorso del Sindaco di Brindisi alla Festa Patronale 5 settembre 2026 Rivolgo un deferente saluto a Sua Eccellenza l\u2019Arcivescovo Giovanni Intini. Analogo omaggio rivolgo a Sua Eccellenza il Prefetto Guido Aprea, che quest\u2019anno partecipa per la prima volta in questa veste alla nostra antica manifestazione di devozione religiosa e di festa popolare. Un caro saluto a tutte le altre Autorit\u00e0 civili e militari e il mio abbraccio affettuoso a tutti Voi cari concittadini che siete presenti qui o che ci seguite in diretta TV. La Festa in onore dei Santi Patroni conclude la stagione estiva che anche quest\u2019anno \u00e8 stata ricca di soddisfazioni e di successi per la nostra Citt\u00e0: questo splendido lungomare \u00e8 stato animato ogni sera da centinaia di brindisini, ma anche da gente proveniente da altri comuni della provincia e soprattutto da tanti, tantissimi turisti stranieri. E come vado dicendo da qualche tempo lo \u201csguardo dello straniero\u201d ci restituisce l\u2019immagine di una Citt\u00e0 bella e affascinante, nella quale \u00e8 piacevole vivere e godere delle sue bellezze. Potremmo&#8230;<\/p>\n","protected":false},"author":2,"featured_media":251612,"comment_status":"closed","ping_status":"closed","sticky":false,"template":"","format":"standard","meta":{"footnotes":""},"categories":[7],"tags":[],"class_list":["post-266902","post","type-post","status-publish","format-standard","has-post-thumbnail","hentry","category-news"],"_links":{"self":[{"href":"https:\/\/www.brundisium.net\/index.php\/wp-json\/wp\/v2\/posts\/266902","targetHints":{"allow":["GET"]}}],"collection":[{"href":"https:\/\/www.brundisium.net\/index.php\/wp-json\/wp\/v2\/posts"}],"about":[{"href":"https:\/\/www.brundisium.net\/index.php\/wp-json\/wp\/v2\/types\/post"}],"author":[{"embeddable":true,"href":"https:\/\/www.brundisium.net\/index.php\/wp-json\/wp\/v2\/users\/2"}],"replies":[{"embeddable":true,"href":"https:\/\/www.brundisium.net\/index.php\/wp-json\/wp\/v2\/comments?post=266902"}],"version-history":[{"count":1,"href":"https:\/\/www.brundisium.net\/index.php\/wp-json\/wp\/v2\/posts\/266902\/revisions"}],"predecessor-version":[{"id":266903,"href":"https:\/\/www.brundisium.net\/index.php\/wp-json\/wp\/v2\/posts\/266902\/revisions\/266903"}],"wp:featuredmedia":[{"embeddable":true,"href":"https:\/\/www.brundisium.net\/index.php\/wp-json\/wp\/v2\/media\/251612"}],"wp:attachment":[{"href":"https:\/\/www.brundisium.net\/index.php\/wp-json\/wp\/v2\/media?parent=266902"}],"wp:term":[{"taxonomy":"category","embeddable":true,"href":"https:\/\/www.brundisium.net\/index.php\/wp-json\/wp\/v2\/categories?post=266902"},{"taxonomy":"post_tag","embeddable":true,"href":"https:\/\/www.brundisium.net\/index.php\/wp-json\/wp\/v2\/tags?post=266902"}],"curies":[{"name":"wp","href":"https:\/\/api.w.org\/{rel}","templated":true}]}}