{"id":266904,"date":"2026-09-05T21:03:13","date_gmt":"2026-09-05T19:03:13","guid":{"rendered":"https:\/\/www.brundisium.net\/?p=266904"},"modified":"2026-09-05T21:03:13","modified_gmt":"2026-09-05T19:03:13","slug":"festa-patronale-il-discorso-dellarcivescovo-intini-2","status":"publish","type":"post","link":"https:\/\/www.brundisium.net\/index.php\/festa-patronale-il-discorso-dellarcivescovo-intini-2\/","title":{"rendered":"Festa Patronale: il discorso dell&#8217;Arcivescovo Intini"},"content":{"rendered":"<p>Discorso alla citt\u00e0 nella festa dei Santi Patroni:\u00a0Teodoro e Lorenzo da Brindisi<\/p>\n<p>&nbsp;<\/p>\n<p>Signor Sindaco,<\/p>\n<p>Stimatissime Autorit\u00e0 civili e militari,<\/p>\n<p>Amiche e amici.<\/p>\n<p>Prendo in prestito le parole del profeta Isaia per condividere con voi una breve riflessione.<\/p>\n<p>Cito Isaia: \u00abSentinella, quanto resta della notte? Sentinella quanto resta della notte? La sentinella risponde: Viene il mattino, poi anche la notte; se volete domandare, domandate, convertitevi, venite!\u00bb\u00a0 (Is 21, 11-12).<\/p>\n<p>La domanda \u00e8 rivolta a noi questa sera: Brindisi, quanto resta della tua notte?<\/p>\n<p>La notte mi sembra la categoria pi\u00f9 adeguata per rappresentare le tensioni che attraversano la nostra citt\u00e0: quanto resta della notta dell\u2019incapacit\u00e0 di costruire una visione unitaria di citt\u00e0, facendo interagire le forze sane, creative, produttive di questa citt\u00e0?<\/p>\n<p>Fino a quando si continuer\u00e0 a rattoppare il vestito vecchio di una visione frammentata, legata a interessi di parte, a passerelle che sono distanti dai reali problemi della gente?<\/p>\n<p>Fino a quando, nonostante l\u2019encomiabile lavoro della Magistratura e delle Forze dell\u2019ordine si lascer\u00e0 terreno fertile alla rete del malaffare, che \u00e8 viva e vegeta e toglie energie progettuali ed entusiasmo a chi vorrebbe tentare di lanciarsi nell\u2019impresa di avviare qualcosa di nuovo?<\/p>\n<p>Quanto durer\u00e0 ancora l\u2019autoreferenzialit\u00e0 della politica che spende tante energie per la conservazione del potere anzich\u00e9 adempiere al mandato dei cittadini di amministrare la citt\u00e0?<\/p>\n<p>Fino a quando durer\u00e0 la notte dell\u2019apatia di tanti di noi cittadini che con fare rassegnato ci accontentiamo di coltivare l\u2019orto di casa senza contribuire alla costruzione del grande campo della comunit\u00e0, che sente il dovere di far crescere la pianta dell\u2019accoglienza, della sostenibilit\u00e0, dell\u2019inclusione, del dialogo, dell\u2019incontro e del confronto senza polarizzazione e demonizzazione?<\/p>\n<p>Questa citt\u00e0, che ha vissuto una luminosa pagina della sua storia aprendo le porte ai profughi albanesi nel 1991, fino a quando preferir\u00e0 la notte di una mancanza di attenzione umanitaria verso gli immigrati di oggi, che prima di tutto sono persone e poi sono anche la forza lavoro che consente a tanti nostri prodotti agricoli di giungere sulle nostre tavole?<\/p>\n<p>\u00c8 notte quando in modo sbrigativo e subdolo identifichiamo lo straniero col delinquente, i delinquenti ci sono ovunque, come dappertutto c\u2019\u00e8 gente buona che chiede di realizzare la sua vita con dignit\u00e0, umanit\u00e0 e un pizzico di benessere per s\u00e9 e per le proprie famiglie.<\/p>\n<p>Fino a quando durer\u00e0 la piatta notte delle nostre comunit\u00e0 cristiane della citt\u00e0 abituate pi\u00f9 a fare cose per routine e abitudine consolidata che a testimoniare uno spirito profetico che cerca nuove modalit\u00e0 di evangelizzazione e promozione umana?<\/p>\n<p>\u00c8 notte quando non riusciamo a dare alla nostra citt\u00e0 un arredo urbano accogliente e non solo nel centro della citt\u00e0, cuore turistico e biglietto da visita, ma anche nei quartieri periferici, che sono anche citt\u00e0 e perci\u00f2 hanno tutto il diritto di godere di ambienti vivibili, dove bambini, ragazzi, anziani possono usufruire di un habitat dignitoso.<\/p>\n<p>Per fortuna il testo del profeta Isaia, che ho citato, apre una finestra di speranza; perch\u00e9 il pessimismo non diventi strutturale: \u201cViene il mattino\u2026\u201d, ma non viene come colpo di fortuna.<\/p>\n<p>Viene se prendiamo la decisione di costruirlo attraverso due indicazioni che il testo ci offre: \u201cConvertitevi, venite\u201d. Il mattino si costruisce attraverso un serio cambiamento di vita personale, morale, sociale, politico, ecclesiale, e attraverso una convergenza di forze che anche nella diversit\u00e0, coltivano uno spirito comune di comunione, collaborazione e fraternit\u00e0.<\/p>\n<p>I nostri Santi Patroni Teodoro e Lorenzo da Brindisi ci aiutino a costruire il mattino di Brindisi.<\/p>\n<p>Buona festa!<\/p>\n<p>&nbsp;<\/p>\n<p>+ Giovanni Intini<\/p>\n<p>Arcivescovo<\/p>\n","protected":false},"excerpt":{"rendered":"<p>Discorso alla citt\u00e0 nella festa dei Santi Patroni:\u00a0Teodoro e Lorenzo da Brindisi &nbsp; Signor Sindaco, Stimatissime Autorit\u00e0 civili e militari, Amiche e amici. Prendo in prestito le parole del profeta Isaia per condividere con voi una breve riflessione. Cito Isaia: \u00abSentinella, quanto resta della notte? Sentinella quanto resta della notte? La sentinella risponde: Viene il mattino, poi anche la notte; se volete domandare, domandate, convertitevi, venite!\u00bb\u00a0 (Is 21, 11-12). La domanda \u00e8 rivolta a noi questa sera: Brindisi, quanto resta della tua notte? La notte mi sembra la categoria pi\u00f9 adeguata per rappresentare le tensioni che attraversano la nostra citt\u00e0: quanto resta della notta dell\u2019incapacit\u00e0 di costruire una visione unitaria di citt\u00e0, facendo interagire le forze sane, creative, produttive di questa citt\u00e0? Fino a quando si continuer\u00e0 a rattoppare il vestito vecchio di una visione frammentata, legata a interessi di parte, a passerelle che sono distanti dai reali problemi della gente? Fino a quando, nonostante l\u2019encomiabile lavoro della Magistratura e delle Forze dell\u2019ordine si lascer\u00e0 terreno fertile alla rete del&#8230;<\/p>\n","protected":false},"author":2,"featured_media":266907,"comment_status":"closed","ping_status":"closed","sticky":false,"template":"","format":"standard","meta":{"footnotes":""},"categories":[7],"tags":[],"class_list":["post-266904","post","type-post","status-publish","format-standard","has-post-thumbnail","hentry","category-news"],"_links":{"self":[{"href":"https:\/\/www.brundisium.net\/index.php\/wp-json\/wp\/v2\/posts\/266904","targetHints":{"allow":["GET"]}}],"collection":[{"href":"https:\/\/www.brundisium.net\/index.php\/wp-json\/wp\/v2\/posts"}],"about":[{"href":"https:\/\/www.brundisium.net\/index.php\/wp-json\/wp\/v2\/types\/post"}],"author":[{"embeddable":true,"href":"https:\/\/www.brundisium.net\/index.php\/wp-json\/wp\/v2\/users\/2"}],"replies":[{"embeddable":true,"href":"https:\/\/www.brundisium.net\/index.php\/wp-json\/wp\/v2\/comments?post=266904"}],"version-history":[{"count":1,"href":"https:\/\/www.brundisium.net\/index.php\/wp-json\/wp\/v2\/posts\/266904\/revisions"}],"predecessor-version":[{"id":266906,"href":"https:\/\/www.brundisium.net\/index.php\/wp-json\/wp\/v2\/posts\/266904\/revisions\/266906"}],"wp:featuredmedia":[{"embeddable":true,"href":"https:\/\/www.brundisium.net\/index.php\/wp-json\/wp\/v2\/media\/266907"}],"wp:attachment":[{"href":"https:\/\/www.brundisium.net\/index.php\/wp-json\/wp\/v2\/media?parent=266904"}],"wp:term":[{"taxonomy":"category","embeddable":true,"href":"https:\/\/www.brundisium.net\/index.php\/wp-json\/wp\/v2\/categories?post=266904"},{"taxonomy":"post_tag","embeddable":true,"href":"https:\/\/www.brundisium.net\/index.php\/wp-json\/wp\/v2\/tags?post=266904"}],"curies":[{"name":"wp","href":"https:\/\/api.w.org\/{rel}","templated":true}]}}