{"id":266916,"date":"2026-09-06T08:20:16","date_gmt":"2026-09-06T06:20:16","guid":{"rendered":"https:\/\/www.brundisium.net\/?p=266916"},"modified":"2026-09-06T08:20:16","modified_gmt":"2026-09-06T06:20:16","slug":"pinto-pd-parole-forti-e-importanti-da-mons-intini-dobbiamo-essere-noi-a-costruire-il-giorno","status":"publish","type":"post","link":"https:\/\/www.brundisium.net\/index.php\/pinto-pd-parole-forti-e-importanti-da-mons-intini-dobbiamo-essere-noi-a-costruire-il-giorno\/","title":{"rendered":"Pinto (PD): &#8220;parole forti e importanti da Mons. Intini, dobbiamo essere noi a costruire il giorno&#8221;"},"content":{"rendered":"<p>Non avevo dubbi. Anche in questa festa patronale, le parole pi\u00f9 forti e importanti sono arrivate dalla Chiesa.<br \/>\nVenerd\u00ec sera don Giuseppe Satriano, brindisino e arcivescovo della diocesi di Bari-Bitonto, ha ricordato che non bastano le luci accese per le strade: \u00abDobbiamo diventare noi le luci di questa citt\u00e0\u00bb. Luci capaci di illuminare le coscienze, di non cedere al compromesso, di difendere la dignit\u00e0 degli altri e di avere ancora il coraggio di sognare una Brindisi migliore.<\/p>\n<p>Stasera mons. Giovanni Intini ha posto alla citt\u00e0 una domanda ancora pi\u00f9 diretta: \u00abBrindisi, quanto resta della tua notte?\u00bb<br \/>\nLa notte di una citt\u00e0 che fatica a costruire una visione comune. La notte degli interessi di parte e delle passerelle lontane dai problemi reali della gente. La notte del malaffare, dell&#8217;autoreferenzialit\u00e0 della politica, dell&#8217;apatia di cittadini troppo spesso rassegnati.<br \/>\nE ancora: la distanza dalle periferie, la scarsa attenzione verso gli ultimi, la facilit\u00e0 con cui si trasforma lo straniero in un nemico.<br \/>\nPoi, per\u00f2, la speranza: \u00abViene il mattino\u00bb. Ma quel mattino, ha ricordato l&#8217;arcivescovo, non arriva per caso. Bisogna costruirlo, cambiando e mettendo insieme le forze migliori della citt\u00e0.<\/p>\n<p>Mons. Intini parla sul solco tracciato da don Tonino Bello e dentro quella linea della Chiesa italiana che sceglie di non restare ai margini della realt\u00e0, ma di entrarci dentro con mani e piedi. Una Chiesa che guarda agli ultimi, alle periferie, alle fragilit\u00e0 e alle contraddizioni della societ\u00e0, senza rinunciare a richiamare tutti alle proprie responsabilit\u00e0.<br \/>\nEd \u00e8 forse questa la riflessione pi\u00f9 importante che ci lascia questa festa: ancora una volta \u00e8 la Chiesa a porsi come collante della comunit\u00e0. Vicina alle persone e alle loro difficolt\u00e0 reali, capace di vedere una citt\u00e0 che troppo spesso la politica sembra non riuscire a interpetrare. Figuriamoci a rappresentare.<\/p>\n<p>Una Chiesa che non si limita a consolare, ma chiama tutti all&#8217;impegno.<br \/>\nPerch\u00e9 la luce, il mattino di Brindisi, non pu\u00f2 essere affidato soltanto a qualcuno.<br \/>\nSe vogliamo davvero che finisca la notte, dobbiamo essere noi a costruire il giorno.<\/p>\n<p>&nbsp;<\/p>\n<p><em><strong>Oreste Pinto<\/strong><\/em><br \/>\n<em><strong>gi\u00e0 assessore comunale<br \/>\nComponente Segreteria Provinciale e Cittadina di Brindisi<\/strong><\/em><\/p>\n","protected":false},"excerpt":{"rendered":"<p>Non avevo dubbi. Anche in questa festa patronale, le parole pi\u00f9 forti e importanti sono arrivate dalla Chiesa. Venerd\u00ec sera don Giuseppe Satriano, brindisino e arcivescovo della diocesi di Bari-Bitonto, ha ricordato che non bastano le luci accese per le strade: \u00abDobbiamo diventare noi le luci di questa citt\u00e0\u00bb. Luci capaci di illuminare le coscienze, di non cedere al compromesso, di difendere la dignit\u00e0 degli altri e di avere ancora il coraggio di sognare una Brindisi migliore. Stasera mons. Giovanni Intini ha posto alla citt\u00e0 una domanda ancora pi\u00f9 diretta: \u00abBrindisi, quanto resta della tua notte?\u00bb La notte di una citt\u00e0 che fatica a costruire una visione comune. La notte degli interessi di parte e delle passerelle lontane dai problemi reali della gente. La notte del malaffare, dell&#8217;autoreferenzialit\u00e0 della politica, dell&#8217;apatia di cittadini troppo spesso rassegnati. E ancora: la distanza dalle periferie, la scarsa attenzione verso gli ultimi, la facilit\u00e0 con cui si trasforma lo straniero in un nemico. Poi, per\u00f2, la speranza: \u00abViene il mattino\u00bb. Ma quel mattino, ha&#8230;<\/p>\n","protected":false},"author":2,"featured_media":172129,"comment_status":"closed","ping_status":"closed","sticky":false,"template":"","format":"standard","meta":{"footnotes":""},"categories":[7],"tags":[],"class_list":["post-266916","post","type-post","status-publish","format-standard","has-post-thumbnail","hentry","category-news"],"_links":{"self":[{"href":"https:\/\/www.brundisium.net\/index.php\/wp-json\/wp\/v2\/posts\/266916","targetHints":{"allow":["GET"]}}],"collection":[{"href":"https:\/\/www.brundisium.net\/index.php\/wp-json\/wp\/v2\/posts"}],"about":[{"href":"https:\/\/www.brundisium.net\/index.php\/wp-json\/wp\/v2\/types\/post"}],"author":[{"embeddable":true,"href":"https:\/\/www.brundisium.net\/index.php\/wp-json\/wp\/v2\/users\/2"}],"replies":[{"embeddable":true,"href":"https:\/\/www.brundisium.net\/index.php\/wp-json\/wp\/v2\/comments?post=266916"}],"version-history":[{"count":1,"href":"https:\/\/www.brundisium.net\/index.php\/wp-json\/wp\/v2\/posts\/266916\/revisions"}],"predecessor-version":[{"id":266917,"href":"https:\/\/www.brundisium.net\/index.php\/wp-json\/wp\/v2\/posts\/266916\/revisions\/266917"}],"wp:featuredmedia":[{"embeddable":true,"href":"https:\/\/www.brundisium.net\/index.php\/wp-json\/wp\/v2\/media\/172129"}],"wp:attachment":[{"href":"https:\/\/www.brundisium.net\/index.php\/wp-json\/wp\/v2\/media?parent=266916"}],"wp:term":[{"taxonomy":"category","embeddable":true,"href":"https:\/\/www.brundisium.net\/index.php\/wp-json\/wp\/v2\/categories?post=266916"},{"taxonomy":"post_tag","embeddable":true,"href":"https:\/\/www.brundisium.net\/index.php\/wp-json\/wp\/v2\/tags?post=266916"}],"curies":[{"name":"wp","href":"https:\/\/api.w.org\/{rel}","templated":true}]}}