{"id":26761,"date":"2014-11-10T10:42:57","date_gmt":"2014-11-10T09:42:57","guid":{"rendered":"http:\/\/www.brundisium.net\/brun\/?p=26761"},"modified":"2014-11-22T07:49:56","modified_gmt":"2014-11-22T06:49:56","slug":"x-convegno-nazionale-di-studi-e-ricerca-storica-la-prima-eta-angioina-in-brindisi-e-nella-puglia","status":"publish","type":"post","link":"https:\/\/www.brundisium.net\/index.php\/x-convegno-nazionale-di-studi-e-ricerca-storica-la-prima-eta-angioina-in-brindisi-e-nella-puglia\/","title":{"rendered":"X Convegno Nazionale di Studi e Ricerca Storica &#8220;La prima et\u00e0 angioina in Brindisi e nella Puglia&#8221;"},"content":{"rendered":"<p>Nelle giornate del 13, 14, 20 e 21 novembre 2014, presso il Museo Provinciale \u201cFrancesco Ribezzo\u201d , si svolger\u00e0 il X Convegno Nazionale di Studi e Ricerca Storica &#8220;La prima et\u00e0 angioina (1266-1343) in Brindisi e nella Puglia&#8221;.<\/p>\n<p>&nbsp;<\/p>\n<p>Diciotto studiosi indagano la prima et\u00e0 angioina nei suoi riflessi sulla storia di Brindisi e della Puglia. Il governo e l&#8217;amministrazione centrale del Regno, le autonomie e i poteri locali, la politica mediterranea degli Angi\u00f2, la vecchia e la nuova aristocrazia feudale, le investiture cavalleresche, il rapporto tra la terra e gli uomini, l&#8217;amministrazione dei castelli, le costruzioni promosse dagli Angi\u00f2, l&#8217;architettura sacra, le arti figurative.<\/p>\n<p>&nbsp;<\/p>\n<p>L\u2019arco temporale oggetto d\u2019indagine trascorre dal 1266 al 1343. Nel 1266, chiamato in Italia dal papa, Carlo d&#8217;Angi\u00f2 sconfisse Manfredi a Benevento e assunse la corona del regno del Sud. Nonostante una forte pressione fiscale, sorsero splendide chiese, fabbriche monumentali, ci fu uno sviluppo notevole di artigianato e commercio.<\/p>\n<p>Tuttavia, le cose non furono affatto facili per il sovrano: dovette fronteggiare nel 1267 Corradino di Svevia, che, sconfitto a Tagliacozzo, fu fatto decapitare, poco pi\u00f9 che adolescente, in piazza Mercato; poi i Vespri Siciliani nel 1282, con la perdita della Sicilia e un tentativo di sommossa a Napoli nel 1284, a opera dei ghibellini, represso con l&#8217;aiuto dell&#8217;aristocrazia locale. Morto Carlo, nel 1285, gli succedette\u00a0Carlo II. Nel 1309 ascese al trono, per permanervi sino al 1243, \u00a0Roberto d&#8217;Angi\u00f2, detto il Saggio, amante delle lettere e dell&#8217;arte, che cre\u00f2 un clima intellettuale notevole.<\/p>\n<p><strong>\u00a0<\/strong><\/p>\n<p><strong>Questo il programma:<\/strong><\/p>\n<p>&nbsp;<\/p>\n<p><strong>13 novembre &#8211; Ore 17.00<\/strong><\/p>\n<p>Giancarlo Vallone &#8211; Universit\u00e0 del Salento<\/p>\n<p><em>La transizione dall&#8217;et\u00e0 sveva all&#8217;et\u00e0 angioina. Storia e geografia del potere in Terra d&#8217;Otranto<\/em><\/p>\n<p><em>\u00a0<\/em><\/p>\n<p>Pasquale Corsi &#8211; Universit\u00e0 di Bari<\/p>\n<p><em>Comunit\u00e0 ellenofone di Puglia in et\u00e0 angioina. Alcuni esempi<\/em>.<\/p>\n<p>&nbsp;<\/p>\n<p>Lorenzo Pellegrino &#8211; Presidente della Sezione di Manfredonia della Societ\u00e0 di Storia Patria per la Puglia<\/p>\n<p><em>L&#8217;errata denominazione dell&#8217;ospedale &#8220;della regina Giovanna&#8221; di Monte Sant&#8217;Angelo.<\/em><\/p>\n<p><em>\u00a0<\/em><\/p>\n<p>Coordinamento Antonio M. Caputo<\/p>\n<p><em>\u00a0<\/em><\/p>\n<p><strong>14 novembre &#8211; Ore 17.00<\/strong><\/p>\n<p>Paul Arthur &#8211; Universit\u00e0 del Salento<\/p>\n<p><em>Insediamenti d\u2019et\u00e0 angioina in Terra d\u2019Otranto<\/em><\/p>\n<p><em>\u00a0<\/em><\/p>\n<p>Cristian Guzzo &#8211; Societ\u00e0 di Storia Patria per la Puglia \u2013 Sezione di Brindisi<\/p>\n<p><em>L&#8217;impatto del processo ai templari sulla politica del Regnum Siciliae tra\u00a0Carlo e Roberto d\u2019Angio&#8217;<\/em><\/p>\n<p><em>\u00a0<\/em><\/p>\n<p>Giuseppe Maddalena Capiferro &#8211; Societ\u00e0 di Storia Patria per la Puglia<\/p>\n<p><em>Corradino di Hoenstaufen ai piani Palentini<\/em><\/p>\n<p><em>\u00a0<\/em><\/p>\n<p>Benedetto Ligorio &#8211; Societ\u00e0 di Storia Patria per la Puglia<\/p>\n<p><em>Gli ebrei di Puglia in et\u00e0 angioina. Aspetti economici e sociali<\/em><\/p>\n<p><strong>\u00a0<\/strong><\/p>\n<p>Coordinamento Pasquale Cordasco<\/p>\n<p><strong>\u00a0<\/strong><\/p>\n<p><strong>20 novembre \u00a0\u2013 Ore 9.00 \u00a0Auditorium Istituto\u00a0 \u201cEttore Palumbo\u201d (g.c.)<\/strong><\/p>\n<p>Luciana Petracca &#8211; Universit\u00e0 del Salento<\/p>\n<p><em>Fiere e mercati in Puglia tra et\u00e0 sveva e prima et\u00e0 angioina<\/em><\/p>\n<p><em>\u00a0<\/em><\/p>\n<p>Giuseppe Marella &#8211; Societ\u00e0 di Storia Patria per la Puglia \u2013 Sezione di Brindisi<\/p>\n<p><em>L&#8217;architettura francescana nella Brindisi degli Angi\u00f2.\u00a0La chiesa di San Paolo Eremita<\/em><\/p>\n<p><em>\u00a0<\/em><\/p>\n<p>Antonio Mingolla &#8211; Societ\u00e0 di Storia Patria per la Puglia \u2013 Sezione di Brindisi<\/p>\n<p><em>L\u2019insediamento domenicano della Maddalena in Brindisi<\/em><\/p>\n<p><strong>\u00a0<\/strong><\/p>\n<p>Coordinamento Giacomo Carito<\/p>\n<p><em>\u00a0<\/em><\/p>\n<p>&nbsp;<\/p>\n<p><strong>20 novembre\u00a0\u00a0 &#8211; ore 17.00<\/strong><\/p>\n<p><strong>\u00a0<\/strong><\/p>\n<p>Maria Stella Cal\u00f2<\/p>\n<p><em>Madonne e Santi del Re. Culti e immagini nella Puglia angioina.<\/em><\/p>\n<p><em>\u00a0<\/em><\/p>\n<p>Luigi Oliva<\/p>\n<p><em>Il principe e il mendicante. Modelli e influssi nell&#8217;architettura minorita del Principato di Taranto in et\u00e0 primoangioina<\/em><\/p>\n<p><em>\u00a0<\/em><\/p>\n<p>Teodoro De Giorgio<\/p>\n<p><em>L&#8217;iconografia del &#8220;Lignum Vitae&#8221; prima e dopo San Bonaventura. Un&#8217;ipotesi per l&#8217;affresco angioino di Santa Maria del Casale a Brindisi<\/em><em>.<\/em><\/p>\n<p>&nbsp;<\/p>\n<p><em>\u00a0<\/em><\/p>\n<p>Giuseppe Radaelli<\/p>\n<p><em>L\u2019epigrafe angioina del Carmine di Mesagne<\/em><\/p>\n<p>&nbsp;<\/p>\n<p>Coordinamento Giacomo Carito<\/p>\n<p><em>\u00a0<\/em><\/p>\n<p><strong>\u00a0<\/strong><\/p>\n<p><strong>21 novembre\u00a0\u00a0\u00a0\u00a0 &#8211; ore 17.00<\/strong><\/p>\n<p><strong>\u00a0<\/strong><\/p>\n<p>Maria Stella Cal\u00f2 &#8211; Universit\u00e0 di Bari<\/p>\n<p><em>Madonne e Santi del Re. Culti e immagini nella Puglia angioina.<\/em><\/p>\n<p><em>\u00a0<\/em><\/p>\n<p>Luigi Oliva &#8211; Universit\u00e0 di Sassari<\/p>\n<p><em>Il principe e il mendicante. Modelli e influssi nell&#8217;architettura minorita del Principato di Taranto in <\/em>et\u00e0 <em>primoangioina<\/em><\/p>\n<p>&nbsp;<\/p>\n<p>&nbsp;<\/p>\n<p>Teodoro De Giorgio &#8211; Istituto Italiano di Scienze Umane Firenze &#8211; Societ\u00e0 storia Patria per la Puglia<\/p>\n<p><em>L&#8217;iconografia<\/em><em> del &#8220;Lignum Vitae&#8221; prima e dopo San Bonaventura. Un&#8217;ipotesi per l&#8217;affresco angioino di Santa Maria del Casale a Brindisi<\/em><em>.<\/em><\/p>\n<p><em>\u00a0<\/em><\/p>\n<p>Giuseppe Radaelli<\/p>\n<p><em>L\u2019epigrafe angioina del Carmine di Mesagne<\/em><\/p>\n<p><em>\u00a0<\/em><\/p>\n<p>Coordinamento Maria Stella Cal\u00f2 Mariani<\/p>\n<p>&nbsp;<\/p>\n","protected":false},"excerpt":{"rendered":"<p>Nelle giornate del 13, 14, 20 e 21 novembre 2014, presso il Museo Provinciale \u201cFrancesco Ribezzo\u201d , si svolger\u00e0 il X Convegno Nazionale di Studi e Ricerca Storica &#8220;La prima et\u00e0 angioina (1266-1343) in Brindisi e nella Puglia&#8221;. &nbsp; Diciotto studiosi indagano la prima et\u00e0 angioina nei suoi riflessi sulla storia di Brindisi e della Puglia. Il governo e l&#8217;amministrazione centrale del Regno, le autonomie e i poteri locali, la politica mediterranea degli Angi\u00f2, la vecchia e la nuova aristocrazia feudale, le investiture cavalleresche, il rapporto tra la terra e gli uomini, l&#8217;amministrazione dei castelli, le costruzioni promosse dagli Angi\u00f2, l&#8217;architettura sacra, le arti figurative. &nbsp; L\u2019arco temporale oggetto d\u2019indagine trascorre dal 1266 al 1343. Nel 1266, chiamato in Italia dal papa, Carlo d&#8217;Angi\u00f2 sconfisse Manfredi a Benevento e assunse la corona del regno del Sud. Nonostante una forte pressione fiscale, sorsero splendide chiese, fabbriche monumentali, ci fu uno sviluppo notevole di artigianato e commercio. Tuttavia, le cose non furono affatto facili per il sovrano: dovette fronteggiare nel 1267 Corradino&#8230;<\/p>\n","protected":false},"author":2,"featured_media":26766,"comment_status":"open","ping_status":"closed","sticky":false,"template":"","format":"standard","meta":{"footnotes":""},"categories":[308,198,622],"tags":[2805],"class_list":["post-26761","post","type-post","status-publish","format-standard","has-post-thumbnail","hentry","category-convegno-cultura-2","category-cultura-2","category-storia-locale","tag-in-brindisi-e-nella-puglia"],"_links":{"self":[{"href":"https:\/\/www.brundisium.net\/index.php\/wp-json\/wp\/v2\/posts\/26761","targetHints":{"allow":["GET"]}}],"collection":[{"href":"https:\/\/www.brundisium.net\/index.php\/wp-json\/wp\/v2\/posts"}],"about":[{"href":"https:\/\/www.brundisium.net\/index.php\/wp-json\/wp\/v2\/types\/post"}],"author":[{"embeddable":true,"href":"https:\/\/www.brundisium.net\/index.php\/wp-json\/wp\/v2\/users\/2"}],"replies":[{"embeddable":true,"href":"https:\/\/www.brundisium.net\/index.php\/wp-json\/wp\/v2\/comments?post=26761"}],"version-history":[{"count":1,"href":"https:\/\/www.brundisium.net\/index.php\/wp-json\/wp\/v2\/posts\/26761\/revisions"}],"predecessor-version":[{"id":26767,"href":"https:\/\/www.brundisium.net\/index.php\/wp-json\/wp\/v2\/posts\/26761\/revisions\/26767"}],"wp:featuredmedia":[{"embeddable":true,"href":"https:\/\/www.brundisium.net\/index.php\/wp-json\/wp\/v2\/media\/26766"}],"wp:attachment":[{"href":"https:\/\/www.brundisium.net\/index.php\/wp-json\/wp\/v2\/media?parent=26761"}],"wp:term":[{"taxonomy":"category","embeddable":true,"href":"https:\/\/www.brundisium.net\/index.php\/wp-json\/wp\/v2\/categories?post=26761"},{"taxonomy":"post_tag","embeddable":true,"href":"https:\/\/www.brundisium.net\/index.php\/wp-json\/wp\/v2\/tags?post=26761"}],"curies":[{"name":"wp","href":"https:\/\/api.w.org\/{rel}","templated":true}]}}