{"id":27878,"date":"2014-11-21T23:55:06","date_gmt":"2014-11-21T22:55:06","guid":{"rendered":"http:\/\/www.brundisium.net\/brun\/?p=27878"},"modified":"2016-07-04T17:55:27","modified_gmt":"2016-07-04T15:55:27","slug":"questa-italia-che-mi-mette-tristezza-di-guido-giampietro","status":"publish","type":"post","link":"https:\/\/www.brundisium.net\/index.php\/questa-italia-che-mi-mette-tristezza-di-guido-giampietro\/","title":{"rendered":"Questa Italia che mi mette tristezza. Di Guido Giampietro"},"content":{"rendered":"<p><a href=\"http:\/\/www.brundisium.net\/brun\/wp-content\/uploads\/2014\/11\/genova-in-queste-ore1.jpg\"><img loading=\"lazy\" decoding=\"async\" class=\"alignleft size-medium wp-image-27879\" src=\"http:\/\/www.brundisium.net\/brun\/wp-content\/uploads\/2014\/11\/genova-in-queste-ore1-300x199.jpg\" alt=\"genova-in-queste-ore[1]\" width=\"300\" height=\"199\" srcset=\"https:\/\/www.brundisium.net\/brun\/wp-content\/uploads\/2014\/11\/genova-in-queste-ore1-300x199.jpg 300w, https:\/\/www.brundisium.net\/brun\/wp-content\/uploads\/2014\/11\/genova-in-queste-ore1.jpg 625w\" sizes=\"auto, (max-width: 300px) 100vw, 300px\" \/><\/a>I disastri alluvionali di questi giorni mi hanno indotto a riflettere sul mio personale rapporto con l\u2019Italia del terzo Millennio. E la conclusione \u00e8 stata amara, nel senso che il solo pensiero mi ha gettato in uno stato di sofferenza.<\/p>\n<p>Chi l\u2019avrebbe mai detto che un giorno l\u2019italianit\u00e0 avrebbe suscitato in me questo sentimento di mestizia? La strada che porta a discostarsi affettivamente dal proprio Paese \u00e8 lunga. Parte da lontano e, proprio come una vecchia strada dissestata, c\u2019induce a lamentarci contro chi non ne cura la manutenzione. Fin quando non ci si rende conto che non \u00e8 pi\u00f9 possibile percorrerla tanto \u00e8 lo stato di degrado in cui \u00e8 ridotta. Credo che la similitudine renda con sufficienza l\u2019idea delle conclusioni cui sono pervenuto.<\/p>\n<p>&nbsp;<\/p>\n<p>Ad accentuare la sofferenza \u00e8 il ricordo \u02d7 e il conseguente paragone \u02d7 di quello che ci \u00e8 stato insegnato in famiglia e a scuola. Chi (la domanda \u00e8 rivolta a quelli della mia generazione) non ricorda le parole del \u201c<em>Cuore<\/em>\u201d di De Amicis? L\u2019accorato discorso che il padre fa al piccolo Enrico: \u00ab<em>Poich\u00e9 il racconto del Tamburino sardo t\u2019ha scosso il cuore ti doveva essere facile, questa mattina, far bene il componimento d\u2019esame: \u201cPerch\u00e9 amate l\u2019Italia\u201d. Perch\u00e9 amo l\u2019Italia? Non si son presentate subito cento risposte? <\/em><\/p>\n<p><em>\u00a0\u00a0 \u00abIo amo l\u2019Italia perch\u00e9 mia madre \u00e8 italiana, perch\u00e9 il sangue che mi scorre nelle vene \u00e8 italiano, perch\u00e9 \u00e8 italiana la terra dove sono sepolti i morti che mia madre piange e che mio padre venera, perch\u00e9 la citt\u00e0 dove son nato, la lingua che parlo, i libri che m\u2019educano, perch\u00e9 mio fratello, mia sorella, i miei compagni, e il grande popolo in mezzo a cui vivo e la bella natura che mi circonda, e tutto ci\u00f2 che vedo, che amo, che studio, che ammiro, \u00e8 italiano. Oh tu non puoi ancora sentirlo intero questo affetto! Lo sentirai quando sarai un uomo\u2026<\/em>\u00bb.<\/p>\n<p>Era il 24 gennaio 1878 quando furono scritte queste parole, ma il loro significato \u00e8 stato comprensibilissimo e, soprattutto, condiviso fino a qualche decennio fa. Poi l\u2019italica gente si \u00e8 lasciata prendere dai gorghi della corruzione e, al tempo stesso, si \u00e8 persa la memoria dell\u2019antica grandezza e degli illustri uomini del passato.<\/p>\n<p>&nbsp;<\/p>\n<p>Confesso di non essere aggiornato sugli attuali piani di studio e perci\u00f2 ignoro se oggi ai ragazzi delle Elementari venga fatta leggere qualche pagina di quel libro. E, nel caso, quale possa essere il loro giudizio su valori cos\u00ec lontani dalla realt\u00e0 di tutti i giorni.<\/p>\n<p>&nbsp;<\/p>\n<p><a href=\"http:\/\/www.brundisium.net\/brun\/wp-content\/uploads\/2014\/11\/Campagna_Senese-Val_D_Orcia_1.jpg\"><img loading=\"lazy\" decoding=\"async\" class=\"alignright size-medium wp-image-27880\" src=\"http:\/\/www.brundisium.net\/brun\/wp-content\/uploads\/2014\/11\/Campagna_Senese-Val_D_Orcia_1-300x218.jpg\" alt=\"Campagna_Senese-Val_D_Orcia_[1]\" width=\"300\" height=\"218\" srcset=\"https:\/\/www.brundisium.net\/brun\/wp-content\/uploads\/2014\/11\/Campagna_Senese-Val_D_Orcia_1-300x218.jpg 300w, https:\/\/www.brundisium.net\/brun\/wp-content\/uploads\/2014\/11\/Campagna_Senese-Val_D_Orcia_1.jpg 800w\" sizes=\"auto, (max-width: 300px) 100vw, 300px\" \/><\/a>\u00a0 Comunque la \u201cdiscesa\u201d dell\u2019Italia \u00e8 stata lenta. Gi\u00e0 Goethe, nel primo decennio dell\u2019Ottocento, nel \u201c<em>Viaggio in Italia<\/em>\u201d, cos\u00ec lamentava: \u00ab<em>L\u2019Italia \u00e8 ancora come la lasciai, ancora polvere sulle strade, ancora truffe al forestiero, si presenti come vuole. Onest\u00e0 tedesca ovunque cercherai invano, c\u2019\u00e8 vita e animazione qui, ma non ordine e disciplina; ognuno pensa per s\u00e9, \u00e8 vano, dell\u2019altro diffida, e i capi dello Stato, pure loro, pensano per s\u00e9. Bello \u00e8 il paese! Ma Faustina, ahim\u00e8 pi\u00f9 non ritrovo. Non \u00e8 pi\u00f9 questa l\u2019Italia che lasciai con dolore<\/em>\u00bb.<\/p>\n<p>Un giudizio \u02d7 quello di Goethe \u02d7 troppo lontano nel tempo? Allora soffermiamoci su quello pi\u00f9 vicino a noi di Goffredo Parise per il quale l\u2019Italia \u00e8 oramai sparita con tutti i suoi aspetti politici, culturali, linguistici, fonici, agricoli, e non soltanto paesaggistici. Quanta amarezza si avverte nelle sue parole quando dice: \u00ab<em>Io non ricordo pi\u00f9 quei paesaggi e quelle montagne\u2026 n\u00e9 ricordo pi\u00f9 la citt\u00e0 dove sono nato, se non vaghe luci, come in sogno\u2026 non ricordo e non voglio ricordare\u2026\u00bb.<\/em><\/p>\n<p>&nbsp;<\/p>\n<p><em>\u00a0\u00a0 <\/em>Per non parlare del severo giudizio dato da Charles De Gaulle: \u00ab<em>L\u2019Italia non \u00e8 un paese povero; \u00e8 un povero paese<\/em>\u00bb!<\/p>\n<p>&nbsp;<\/p>\n<p>Ahim\u00e8, anche per me non \u00e8 pi\u00f9 questa la \u201cmia\u201d Italia. Quella che ho amato e servito per una vita. Quella dei patrioti del Risorgimento, della Resistenza, del patrimonio politico lasciato dai fondatori della Costituzione, del cosmopolitismo della cultura. E non mi si rimproveri che \u02d7 come disse un pacifista \u02d7 il patriottismo \u00e8 l\u2019ultimo rifugio dei mascalzoni. Perch\u00e9, alla Scalfaro, dico: \u00abIo non ci sto!\u00bb.<\/p>\n<p>Come mai \u00e8 potuto succedere tutto questo? Per colpa di chi siamo arrivati a questo punto? Eppure l\u2019Italia era circondata da affetto, simpatia, curiosit\u00e0. E anche se non eravamo sempre affidabili lo sforzo di ben figurare nel mondo era attendibile e riconosciuto.<\/p>\n<p>&nbsp;<\/p>\n<p>Poi, negli ultimi anni, \u00e8 avvenuto qualcosa senza precedenti. Non esiste pi\u00f9 una rotta da seguire e la stella polare \u00e8 diventata invisibile. L\u2019indecente spettacolo offerto dalla classe politica, la scure finanziaria abbattutasi sulla cultura, la distruzione dell\u2019ambiente a vantaggio di meschini interessi personali, la falcidia della piccola borghesia, il teatrino quotidianamente offerto dal partitismo, dai sindacati, dalle corporazioni, dall\u2019ordinamento regionale e dalla malavita \u02d7 spesso uniti in un unico intreccio che la legge non riesce a districare \u02d7 tutto ci\u00f2 sta conducendo al fallimento del Paese. Anzi, a giudicare da quello cui stiamo assistendo in queste ore, alla disintegrazione oramai fisica della Penisola!<\/p>\n<p>&nbsp;<\/p>\n<p><a href=\"http:\/\/www.brundisium.net\/brun\/wp-content\/uploads\/2014\/11\/15pol1f02-camusso1.jpg\"><img loading=\"lazy\" decoding=\"async\" class=\"alignleft size-medium wp-image-27881\" src=\"http:\/\/www.brundisium.net\/brun\/wp-content\/uploads\/2014\/11\/15pol1f02-camusso1-300x225.jpg\" alt=\"15pol1f02-camusso[1]\" width=\"300\" height=\"225\" srcset=\"https:\/\/www.brundisium.net\/brun\/wp-content\/uploads\/2014\/11\/15pol1f02-camusso1-300x225.jpg 300w, https:\/\/www.brundisium.net\/brun\/wp-content\/uploads\/2014\/11\/15pol1f02-camusso1.jpg 1024w\" sizes=\"auto, (max-width: 300px) 100vw, 300px\" \/><\/a> N\u00e9 possono risollevarci le parole che Susanna Camusso ha pronunciato qualche giorno fa: \u00ab<em>Il decreto \u201cSblocca Italia\u201d \u00e8 pieno di deroghe e favorisce il consumo del territorio. La priorit\u00e0 \u00e8 invece mettere in sicurezza il Paese\u2026 Dobbiamo decidere dove portiamo questo Paese e affrontare le questioni con responsabilit\u00e0, senza consumo del territorio e con grande rispetto dei lavoratori\u2026<\/em>\u00bb. Peccato che la Camusso, a fronte di queste impegnative parole, abbia indetto per il 12 dicembre uno sciopero generale che certamente non far\u00e0 bene all\u2019Italia.<\/p>\n<p>Come non fa bene il simpatico quadretto familiare dei coniugi Renzi che, in occasione della visita istituzionale in Australia, hanno il tempo e la voglia di dilettarsi con i cuccioli di koala. Nello stesso momento in cui la Liguria sta sprofondando in mare!<\/p>\n<p>E che dire del sindaco di Roma, e di altri come lui, che vivono fuori dalla realt\u00e0 e ignorano la rabbia dei propri cittadini (gli stessi ai quali hanno stretto le mani prima delle elezioni!) e la repulsione dei turisti verso citt\u00e0 sporche e del tutto inospitali?<\/p>\n<p>&nbsp;<\/p>\n<p>Oramai accettiamo situazioni che altrove sono inimmaginabili: le scorte che proteggono i politici nello stile di satrapie orientali, il provincialismo televisivo, la mancanza di progetti che non siano le colate di cemento con cui devastare il territorio, la dissacrazione dell\u2019unit\u00e0 nazionale (ivi compresi gli impuniti atti di vilipendio alla Bandiera), la rinuncia ai valori, l\u2019autoreferenzialit\u00e0, la stessa \u201cdisattenzione\u201d della Chiesa (con la coraggiosa eccezione di Papa Francesco) nei riguardi delle problematiche, non solo morali e religiose, che affliggono la gente comune.<\/p>\n<p>In passato il mondo identificava l\u2019Italia come pilastro fondante dell\u2019Europa. E adesso? Con quali valori, con quali pensieri si identifica oggi l\u2019italianit\u00e0? Forse con la scurrilit\u00e0 della Lega, \u00a0l\u2019incitamento allo sfascio istituzionale gridato dai grillini o con le scorribande dei giovani dei Centri sociali?<\/p>\n<p><a href=\"http:\/\/www.brundisium.net\/brun\/wp-content\/uploads\/2014\/11\/celeste-sfigato.jpg\"><img loading=\"lazy\" decoding=\"async\" class=\"alignright size-medium wp-image-26684\" src=\"http:\/\/www.brundisium.net\/brun\/wp-content\/uploads\/2014\/11\/celeste-sfigato-300x191.jpg\" alt=\"celeste-sfigato\" width=\"300\" height=\"191\" srcset=\"https:\/\/www.brundisium.net\/brun\/wp-content\/uploads\/2014\/11\/celeste-sfigato-300x191.jpg 300w, https:\/\/www.brundisium.net\/brun\/wp-content\/uploads\/2014\/11\/celeste-sfigato-112x70.jpg 112w, https:\/\/www.brundisium.net\/brun\/wp-content\/uploads\/2014\/11\/celeste-sfigato.jpg 580w\" sizes=\"auto, (max-width: 300px) 100vw, 300px\" \/><\/a>E poi ci sorprendiamo che gli stranieri ci ridano dietro. O ci offendiamo come quando, in occasione di un incontro europeo dell\u2019Enel Basket, Leon Kersten \u02d7 giornalista accreditato presso la squadra olandese SPM Shoeters \u02d7 ha usato termini offensivi (tra i quali \u201cmafia\u201d) all\u2019indirizzo del coach e dei giornalisti al seguito della squadra brindisina.<\/p>\n<p>&nbsp;<\/p>\n<p>Dopo questa amara disanima \u00e8 difficile che la tristezza non si sostituisca all\u2019orgoglio dell\u2019appartenenza alla nazione Italia e il pessimismo non prenda il sopravvento sulla speranza.<\/p>\n<p>\u00c8 difficile, s\u00ec, ma ancora non del tutto scontato!<\/p>\n<p>&nbsp;<\/p>\n<p><strong>Guido Giampietro<\/strong><\/p>\n","protected":false},"excerpt":{"rendered":"<p>I disastri alluvionali di questi giorni mi hanno indotto a riflettere sul mio personale rapporto con l\u2019Italia del terzo Millennio. E la conclusione \u00e8 stata amara, nel senso che il solo pensiero mi ha gettato in uno stato di sofferenza. Chi l\u2019avrebbe mai detto che un giorno l\u2019italianit\u00e0 avrebbe suscitato in me questo sentimento di mestizia? La strada che porta a discostarsi affettivamente dal proprio Paese \u00e8 lunga. Parte da lontano e, proprio come una vecchia strada dissestata, c\u2019induce a lamentarci contro chi non ne cura la manutenzione. Fin quando non ci si rende conto che non \u00e8 pi\u00f9 possibile percorrerla tanto \u00e8 lo stato di degrado in cui \u00e8 ridotta. Credo che la similitudine renda con sufficienza l\u2019idea delle conclusioni cui sono pervenuto. &nbsp; Ad accentuare la sofferenza \u00e8 il ricordo \u02d7 e il conseguente paragone \u02d7 di quello che ci \u00e8 stato insegnato in famiglia e a scuola. Chi (la domanda \u00e8 rivolta a quelli della mia generazione) non ricorda le parole del \u201cCuore\u201d di De Amicis? L\u2019accorato&#8230;<\/p>\n","protected":false},"author":2,"featured_media":27879,"comment_status":"open","ping_status":"closed","sticky":false,"template":"","format":"standard","meta":{"footnotes":""},"categories":[3129,9],"tags":[],"class_list":["post-27878","post","type-post","status-publish","format-standard","has-post-thumbnail","hentry","category-guido-giampietro","category-interventi"],"_links":{"self":[{"href":"https:\/\/www.brundisium.net\/index.php\/wp-json\/wp\/v2\/posts\/27878","targetHints":{"allow":["GET"]}}],"collection":[{"href":"https:\/\/www.brundisium.net\/index.php\/wp-json\/wp\/v2\/posts"}],"about":[{"href":"https:\/\/www.brundisium.net\/index.php\/wp-json\/wp\/v2\/types\/post"}],"author":[{"embeddable":true,"href":"https:\/\/www.brundisium.net\/index.php\/wp-json\/wp\/v2\/users\/2"}],"replies":[{"embeddable":true,"href":"https:\/\/www.brundisium.net\/index.php\/wp-json\/wp\/v2\/comments?post=27878"}],"version-history":[{"count":1,"href":"https:\/\/www.brundisium.net\/index.php\/wp-json\/wp\/v2\/posts\/27878\/revisions"}],"predecessor-version":[{"id":27882,"href":"https:\/\/www.brundisium.net\/index.php\/wp-json\/wp\/v2\/posts\/27878\/revisions\/27882"}],"wp:featuredmedia":[{"embeddable":true,"href":"https:\/\/www.brundisium.net\/index.php\/wp-json\/wp\/v2\/media\/27879"}],"wp:attachment":[{"href":"https:\/\/www.brundisium.net\/index.php\/wp-json\/wp\/v2\/media?parent=27878"}],"wp:term":[{"taxonomy":"category","embeddable":true,"href":"https:\/\/www.brundisium.net\/index.php\/wp-json\/wp\/v2\/categories?post=27878"},{"taxonomy":"post_tag","embeddable":true,"href":"https:\/\/www.brundisium.net\/index.php\/wp-json\/wp\/v2\/tags?post=27878"}],"curies":[{"name":"wp","href":"https:\/\/api.w.org\/{rel}","templated":true}]}}