{"id":2820,"date":"2014-01-20T14:10:38","date_gmt":"2014-01-20T13:10:38","guid":{"rendered":"http:\/\/www.seltest.info\/brun\/?p=2820"},"modified":"2014-01-20T14:17:37","modified_gmt":"2014-01-20T13:17:37","slug":"iaia-sul-trasferimento-del-mercato-al-capannone-ex-inapli","status":"publish","type":"post","link":"https:\/\/www.brundisium.net\/index.php\/iaia-sul-trasferimento-del-mercato-al-capannone-ex-inapli\/","title":{"rendered":"Iaia sul trasferimento del mercato al capannone ex INAPLI"},"content":{"rendered":"<p>In questi giorni sono apparsi sulla stampa numerosi articoli riguardanti le problematiche, sollevate dai commercianti , per lo spostamento del mercato rionale da Via Maria Ausiliatrice nel capannone ristrutturato ex INAPLI.<\/p>\n<p>Sempre dalla stampa apprendo che si sono fatti degli incontri con i commercianti ed il presidente della Confesercenti ed il Consigliere Antonio Elefante, del sopralluogo che il Sig. Sindaco ha ritenuto opportuno fare per verificare di persona i reali problemi esistenti.<\/p>\n<p>Vorrei precisare che incontri con i commercianti in presenza anche di tecnici e il presidente della Confesercenti erano gi\u00e0 stati fatti , e dai quali erano emerse le stesse problematiche che tornano oggi a fare tanto rumore e per le quali gi\u00e0 avevamo trovato delle soluzioni e concordato le modifiche da apportare al progetto originale.<\/p>\n<p>Come ad esempio l\u2019apertura di altri cancelli nei pressi delle postazioni di vendita dei coltivatori diretti, di fronte a Via pepe oltre ad un altro grande in via S.Pellico la pendenza dei banconi, il problema dei parcheggi per i quali si \u00e8 proposto l\u2019utilizzo di quelli (e sono tanti) vicino al Parco Di Giulio ed una migliore viabilit\u00e0, le postazioni di vendita, (a detta dei commercianti), strette ecc.<\/p>\n<p>Problemi che non erano stati sottovalutai, anzi, erano gi\u00e0 stati portati all\u2019attenzione delle ripartizioni di competenza, come si pu\u00f2 evincere dalle numerose comunicazioni intercorse con il Settore LL.PP<\/p>\n<p>Si sa che ogni cambiamento spaventa un po\u2019, ma quella struttura \u00e8 stata realizzata, per dare anche decoro a tutti i venditori che per anni sono sotto la pioggia, le intemperie, il caldo e che ogni giorno devono montare e smontare la loro bancarella. Essere sistemati in una struttura al coperto con acqua, servizi igienici, e altre comodit\u00e0 come l\u2019illuminazione elettrica , non credo sia poco essere sistemati in una struttura organizzata che dar\u00e0 loro la possibilit\u00e0 di offrire ai loro clienti un servizio sicuramente pi\u00f9 comodo ed efficiente sotto molti aspetti.<\/p>\n<p>Per quanto riguarda i disagi poi bisogna anche tener conto di tutti i disagi che da anni gli abitanti di Via Maria Ausiliatrice sono costretti a sopportare e che pi\u00f9 volte hanno lamentato a cominciare dal rumore gi\u00e0 dalle prime ore del mattino, le urla, la sporcizia e tanto traffico.<\/p>\n<p>Ripeto i cambiamenti spaventano, e rimostranze di questo tipo si verificarono anche alcuni anni fa quanto ci fu lo spostamento del mercato settimanale del gioved\u00ec dal rione Commenda al rione S.Elia.<\/p>\n<p>Anche in quel caso i venditore temevano di perdere i loro clienti, ma ci\u00f2 non \u00e8 avvenuto anzi il mercato del gioved\u00ec al rione S.Elia \u00e8 diventato un appuntamento importante, da non perdere, per tutti i Brindisi e non solo.<\/p>\n<p>Un problema importante invece da affrontare subito, per il quale in data 9 ottobre abbiamo inviato una nota al al Sig. Sindaco ed al Segretario generale, \u00e8: a chi consegnare lo stabile ex INAPLI?<\/p>\n<p>Nella nota su citata si chiedeva l\u2019individuazione delle modalit\u00e0 di gestione della struttura (apertura, chiusura, pulizia, manutenzione e fornitura utenze) e l\u2019individuazione di un soggetto gestore e delle risorse economiche necessarie.<br \/>\nSi chiedeva anche di programmare i lavori di modifica di Piazza Maria Ausiliatrice in concomitanza dei trasferimento degli operatori commerciali, ed in oltre la gestione amministrativa delle assegnazioni degli spazi e dei posteggi della nuova sede del mercato agli aventi diritto.<\/p>\n<p>Penso che con un po\u2019 di impegno e tolleranza da parte di tutti si possono superare le prime difficolt\u00e0 ed apprezzare tutti i vantaggi che la nuova struttura del Mercato coperto offre ai commercianti e a tutti i cittadini.<\/p>\n<p>COMUNICATO STAMPA RAFFAELE IAIA &#8211; ASSESSORE ALLE ATTIVITA&#8217; PRODUTTIVE<\/p>\n","protected":false},"excerpt":{"rendered":"<p>In questi giorni sono apparsi sulla stampa numerosi articoli riguardanti le problematiche, sollevate dai commercianti , per lo spostamento del mercato rionale da Via Maria Ausiliatrice nel capannone ristrutturato ex INAPLI. Sempre dalla stampa apprendo che si sono fatti degli incontri con i commercianti ed il presidente della Confesercenti ed il Consigliere Antonio Elefante, del sopralluogo che il Sig. Sindaco ha ritenuto opportuno fare per verificare di persona i reali problemi esistenti. Vorrei precisare che incontri con i commercianti in presenza anche di tecnici e il presidente della Confesercenti erano gi\u00e0 stati fatti , e dai quali erano emerse le stesse problematiche che tornano oggi a fare tanto rumore e per le quali gi\u00e0 avevamo trovato delle soluzioni e concordato le modifiche da apportare al progetto originale. Come ad esempio l\u2019apertura di altri cancelli nei pressi delle postazioni di vendita dei coltivatori diretti, di fronte a Via pepe oltre ad un altro grande in via S.Pellico la pendenza dei banconi, il problema dei parcheggi per i quali si \u00e8 proposto&#8230;<\/p>\n","protected":false},"author":2,"featured_media":2821,"comment_status":"open","ping_status":"open","sticky":false,"template":"","format":"standard","meta":{"footnotes":""},"categories":[7],"tags":[],"class_list":["post-2820","post","type-post","status-publish","format-standard","has-post-thumbnail","hentry","category-news"],"_links":{"self":[{"href":"https:\/\/www.brundisium.net\/index.php\/wp-json\/wp\/v2\/posts\/2820","targetHints":{"allow":["GET"]}}],"collection":[{"href":"https:\/\/www.brundisium.net\/index.php\/wp-json\/wp\/v2\/posts"}],"about":[{"href":"https:\/\/www.brundisium.net\/index.php\/wp-json\/wp\/v2\/types\/post"}],"author":[{"embeddable":true,"href":"https:\/\/www.brundisium.net\/index.php\/wp-json\/wp\/v2\/users\/2"}],"replies":[{"embeddable":true,"href":"https:\/\/www.brundisium.net\/index.php\/wp-json\/wp\/v2\/comments?post=2820"}],"version-history":[{"count":1,"href":"https:\/\/www.brundisium.net\/index.php\/wp-json\/wp\/v2\/posts\/2820\/revisions"}],"predecessor-version":[{"id":2822,"href":"https:\/\/www.brundisium.net\/index.php\/wp-json\/wp\/v2\/posts\/2820\/revisions\/2822"}],"wp:featuredmedia":[{"embeddable":true,"href":"https:\/\/www.brundisium.net\/index.php\/wp-json\/wp\/v2\/media\/2821"}],"wp:attachment":[{"href":"https:\/\/www.brundisium.net\/index.php\/wp-json\/wp\/v2\/media?parent=2820"}],"wp:term":[{"taxonomy":"category","embeddable":true,"href":"https:\/\/www.brundisium.net\/index.php\/wp-json\/wp\/v2\/categories?post=2820"},{"taxonomy":"post_tag","embeddable":true,"href":"https:\/\/www.brundisium.net\/index.php\/wp-json\/wp\/v2\/tags?post=2820"}],"curies":[{"name":"wp","href":"https:\/\/api.w.org\/{rel}","templated":true}]}}