{"id":2922,"date":"2014-01-21T12:49:56","date_gmt":"2014-01-21T11:49:56","guid":{"rendered":"http:\/\/www.seltest.info\/brun\/?p=2922"},"modified":"2014-01-21T13:16:02","modified_gmt":"2014-01-21T12:16:02","slug":"flaei-cisl-chi-si-preoccupa-dei-lavoratori-e-delle-loro-famiglie","status":"publish","type":"post","link":"https:\/\/www.brundisium.net\/index.php\/flaei-cisl-chi-si-preoccupa-dei-lavoratori-e-delle-loro-famiglie\/","title":{"rendered":"Flaei Cisl: &#8220;chi si preoccupa dei lavoratori e delle loro famiglie?&#8221;"},"content":{"rendered":"<p>Ma qualcuno si preoccupa ancora dei Lavoratori\u00a0 brindisini e del futuro delle loro famiglie?<\/p>\n<p>Sembra quasi inverosimile continuare a porre questioni populistiche e strumentali in una fase di grave crisi economica, nella\u00a0 quale ogni posto di lavoro rappresenta una risorsa preziosa!<\/p>\n<p>A Brindisi, territorio\u00a0 che ormai da un decennio \u00e8 alle prese con una crisi occupazionale senza fine e un tasso di disoccupazione passato dal 23% all\u2019attuale 29%, ogni occupato in pi\u00f9 rappresenta una goccia d\u2019acqua\u00a0 vitale nel deserto.<\/p>\n<p>L\u2019Italia \u00e8 in ginocchio e Brindisi \u00e8 piegata in due, la crisi economica che stiamo vivendo ha provocato circa 6.000 tra cassaintegrati e Lavoratori collocati in mobilit\u00e0, nonch\u00e9 la chiusura di oltre mille Imprese; insomma uno scenario catastrofico che, tuttavia, non sembra scuotere in alcun modo, Istituzioni e forze politiche.<\/p>\n<p>Tutto questo in barba agli sforzi che questo Sindacato, ha messo in campo per difendere il sistema produttivo locale, pretendendo, nel contempo,\u00a0 ed ottenendo da quest\u2019ultimo, sia nel settore industriale che agroalimentare, ingenti investimenti per la tutela ambientale del territorio.<\/p>\n<p>Citiamo, solo a titolo esemplificativo, alcuni importanti investimenti nell\u2019ambito della produzione di energia elettrica:<\/p>\n<p>&#8211;\u00a0 la riconversione della centrale elettrica ENI, oggi ENIPOWER, con un investimento di circa <b>un miliardo<\/b> <b>di euro<\/b>, per la trasformazione della sua alimentazione da olio combustibile a turbogas;<\/p>\n<p>&#8211;\u00a0 la copertura dei carbonili della centrale ENEL \u201cFederico II\u201d, <b>trecento milioni<\/b> <b>di euro<\/b> di investimenti, che consentir\u00e0 di risolvere definitivamente il problema delle polveri e della movimentazione del combustibile.<\/p>\n<p>&#8211;\u00a0 L\u2019impegno di A2A\/Edipower a rilanciare il sito produttivo di BR Nord attraverso importanti investimenti nell\u2019ottica dell\u2019ambientalizzazione degli impianti.<\/p>\n<p>&nbsp;<\/p>\n<p>Rivendichiamo all\u2019azione del Sindacato, e della FLAEI CISL in particolare, questi risultati, che uniti ai tanti altri interventi di riqualificazione gi\u00e0 attuati, hanno determinato condizioni di miglioramento oggettivo dell\u2019impatto ambientale, nonostante le strumentalizzazioni e gli allarmismi, posti in campo da certi personaggi che, comodamente posizionati dietro le proprie scrivanie, evocano scenari apocalittici.<\/p>\n<p>Quello che, tuttavia, ci preoccupa maggiormente \u00e8 il dover registrare sempre pi\u00f9 spesso il rifiuto di queste \u201ccassandre\u201d di confrontarsi con la realt\u00e0 delle conseguenze che provocherebbero certe decisioni populistiche, quando, invece, occorrerebbe farsi carico, con seriet\u00e0 e responsabilit\u00e0, dei problemi veri e concreti del territorio, a partire da quelli occupazionali.<\/p>\n<p>La vicenda della chiusura del ciclo dei rifiuti \u00e8 emblematica. Il territorio brindisino \u00e8 martoriato da decine di discariche, alcune autorizzate, ma altre illegali, che potrebbero, se non l\u2019hanno gi\u00e0 fatto, avvelenare le falde acquifere, provocando l\u2019alterazione della catena alimentare, con le conseguenze che si possono facilmente immaginare.<\/p>\n<p>Eppure quando si propongono progetti seri e concreti di riconversione industriale, come quello di A2a per la Centrale Edipower, ecco che subito si grida \u201cal lupo al lupo\u201d, al saccheggio del territorio, all\u2019avvelenamento collettivo, insomma si demonizza un progetto che, al contrario (vedi il caso di Brescia), andrebbe studiato, approfondito, magari migliorato, ma che \u00e8 essenziale per dare una svolta alla problematica dello smaltimento dei rifiuti, all\u2019implementazione della raccolta differenziata, alla stessa politica dei \u201czero rifiuti a discarica\u201d, che spesso viene invocata, non comprendendo che senza lo smaltimento finale dei rifiuti, l\u2019obiettivo \u201czero rifiuti a discarica\u201d resta solo una chimera. Questi sono gli argomenti che dovrebbero animare un vero ambientalista!<\/p>\n<p>Ci chiediamo, allora, se certi ostracismi siano dettati da comprensibile , ma non giustificata, difesa strenua dell\u2019ambiente o da interessi trasversali nel business delle discariche?<\/p>\n<p>&nbsp;<\/p>\n<p>Come FLAEI sosteniamo con convinzione il progetto EDIPOWER, sia perch\u00e9, come sottolineato, la soluzione proposta da A2a darebbe un valido contributo alla problematica del trattamento dei rifiuti, avviando un ciclo virtuoso di stimolo anche per tutte quelle realt\u00e0 comunali ancora restie alla raccolta differenziata spinta, sia perch\u00e9 l\u2019impatto occupazionale sarebbe di grande interesse, con il mantenimento di oltre 250 occupati, diretti e indiretti, che in una contingenza come quella attuale, sarebbero manna dal cielo.<\/p>\n<p>Tra qualche giorno si terr\u00e0 un importante Consiglio Comunale a Brindisi che, al di l\u00e0 delle eventuali ricadute giuridico-amministrative, potrebbe avere un impatto importantissimo sulle opportunit\u00e0 produttive del territorio, mettendo in luce qual \u00e8 il futuro economico-industriale che la classe politica brindisina vuole riservare alla Citt\u00e0 e a tutto il territorio provinciale.<\/p>\n<p>Pertanto, confidiamo che in quell\u2019assise si svolga un dibattito serio e responsabile, sia sul fronte tecnico che su quello politico, rifuggendo da esasperazioni ambientaliste e da quanto abbiamo visto in questi anni, e cio\u00e8 la corsa a chi la spara pi\u00f9 grossa per mera visibilit\u00e0 politico-elettorale.<\/p>\n<p>&nbsp;<\/p>\n<p>Oggi, infatti, si discute di Polo Energetico, ma proseguendo lungo questa china, tra un po\u2019 parleremo, in chiave sacrificale, anche di Chimica, di Farmaceutica, di Aeronautica, condannando Brindisi alla completa marginalizzazione economico-sociale, magari sull\u2019altare di qualche estemporanea scelta pseudo-ambientalista che, a fronte di pochi, futuri e, forse, fantomatici posti di lavoro, causer\u00e0 la perdita certa del lavoro per diverse centinaia di lavoratori, con gravissime conseguenze per le loro famiglie.<\/p>\n<p>Un esempio per tutti \u00e8 l\u2019irresponsabile proposta del \u201cpolitico di turno\u201d di utilizzare il gas come combustibile di alimentazione della Centrale \u201cFederico II\u201d, intervenendo sul percorso della TAP; soluzione che, oltre a creare sostanziali problemi di tracciato ed approdo del gasdotto, porterebbe alla sicura chiusura della centrale ENEL, a causa dell\u2019attuale scarsa competitivit\u00e0 produttiva delle centrali alimentate a gas.<\/p>\n<p>Per questo chiediamo a tutti i Lavoratori del sistema produttivo brindisino di mobilitarsi e di far sentire forte la propria voce, a partire dal Consiglio comunale del prossimo 24 gennaio. La FLAEI, come sempre, sar\u00e0 in campo a fianco dei Lavoratori.<\/p>\n<p>&nbsp;<\/p>\n<p>COMUNICATO STAMPA FLAEI CISL<\/p>\n","protected":false},"excerpt":{"rendered":"<p>Ma qualcuno si preoccupa ancora dei Lavoratori\u00a0 brindisini e del futuro delle loro famiglie? Sembra quasi inverosimile continuare a porre questioni populistiche e strumentali in una fase di grave crisi economica, nella\u00a0 quale ogni posto di lavoro rappresenta una risorsa preziosa! A Brindisi, territorio\u00a0 che ormai da un decennio \u00e8 alle prese con una crisi occupazionale senza fine e un tasso di disoccupazione passato dal 23% all\u2019attuale 29%, ogni occupato in pi\u00f9 rappresenta una goccia d\u2019acqua\u00a0 vitale nel deserto. L\u2019Italia \u00e8 in ginocchio e Brindisi \u00e8 piegata in due, la crisi economica che stiamo vivendo ha provocato circa 6.000 tra cassaintegrati e Lavoratori collocati in mobilit\u00e0, nonch\u00e9 la chiusura di oltre mille Imprese; insomma uno scenario catastrofico che, tuttavia, non sembra scuotere in alcun modo, Istituzioni e forze politiche. Tutto questo in barba agli sforzi che questo Sindacato, ha messo in campo per difendere il sistema produttivo locale, pretendendo, nel contempo,\u00a0 ed ottenendo da quest\u2019ultimo, sia nel settore industriale che agroalimentare, ingenti investimenti per la tutela ambientale del territorio. Citiamo,&#8230;<\/p>\n","protected":false},"author":2,"featured_media":2181,"comment_status":"open","ping_status":"open","sticky":false,"template":"","format":"standard","meta":{"footnotes":""},"categories":[7],"tags":[],"class_list":["post-2922","post","type-post","status-publish","format-standard","has-post-thumbnail","hentry","category-news"],"_links":{"self":[{"href":"https:\/\/www.brundisium.net\/index.php\/wp-json\/wp\/v2\/posts\/2922","targetHints":{"allow":["GET"]}}],"collection":[{"href":"https:\/\/www.brundisium.net\/index.php\/wp-json\/wp\/v2\/posts"}],"about":[{"href":"https:\/\/www.brundisium.net\/index.php\/wp-json\/wp\/v2\/types\/post"}],"author":[{"embeddable":true,"href":"https:\/\/www.brundisium.net\/index.php\/wp-json\/wp\/v2\/users\/2"}],"replies":[{"embeddable":true,"href":"https:\/\/www.brundisium.net\/index.php\/wp-json\/wp\/v2\/comments?post=2922"}],"version-history":[{"count":1,"href":"https:\/\/www.brundisium.net\/index.php\/wp-json\/wp\/v2\/posts\/2922\/revisions"}],"predecessor-version":[{"id":2923,"href":"https:\/\/www.brundisium.net\/index.php\/wp-json\/wp\/v2\/posts\/2922\/revisions\/2923"}],"wp:featuredmedia":[{"embeddable":true,"href":"https:\/\/www.brundisium.net\/index.php\/wp-json\/wp\/v2\/media\/2181"}],"wp:attachment":[{"href":"https:\/\/www.brundisium.net\/index.php\/wp-json\/wp\/v2\/media?parent=2922"}],"wp:term":[{"taxonomy":"category","embeddable":true,"href":"https:\/\/www.brundisium.net\/index.php\/wp-json\/wp\/v2\/categories?post=2922"},{"taxonomy":"post_tag","embeddable":true,"href":"https:\/\/www.brundisium.net\/index.php\/wp-json\/wp\/v2\/tags?post=2922"}],"curies":[{"name":"wp","href":"https:\/\/api.w.org\/{rel}","templated":true}]}}