{"id":2939,"date":"2014-01-21T15:16:34","date_gmt":"2014-01-21T14:16:34","guid":{"rendered":"http:\/\/www.seltest.info\/brun\/?p=2939"},"modified":"2014-01-21T16:21:12","modified_gmt":"2014-01-21T15:21:12","slug":"tares-a-fasano-pagamento-prorogato-al-31-marzo","status":"publish","type":"post","link":"https:\/\/www.brundisium.net\/index.php\/tares-a-fasano-pagamento-prorogato-al-31-marzo\/","title":{"rendered":"Tares a Fasano: pagamento prorogato al 31 marzo"},"content":{"rendered":"<p>Si \u00e8 tenuta oggi nella Sala di rappresentanza del Palazzo municipale, a Fasano, la conferenza stampa sulla questione-Tares volutamente aperta ai cittadini (la Sala era piena e con cittadini costretti a rimanere in piedi), come il sindaco Lello Di Bari aveva richiesto.<br \/>\nE\u2019 stato proprio il primo cittadino (in Sala erano presenti anche i suoi collaboratori di giunta, oltre alla dirigente comunale Risorse, Marisa Ruggiero, ed al direttore della \u201cTricom\u201d; Michele Russo) ad introdurre l\u2019appuntamento chiarendo che \u00abl\u2019Amministrazione comunale comprende le ragioni dei cittadini ed \u00e8 al loro fianco: per questo, abbiamo deciso di prorogare la scadenza del versamento della Tares al 31 marzo e verificheremo, come ci ha sollecitato a fare un\u2019osservazione pertinente a questo proposito, se ci sar\u00e0 la possibilit\u00e0 di prevedere la proroga anche per quella parte di tributo, ossia quei 30 centesimi in pi\u00f9 a mq., che andr\u00e0 nelle casse dello Stato\u00bb.<br \/>\nIl sindaco, in ogni caso, ha tenuto a sottolineare che la Tares, con le tariffe prefissate \u00ab\u00e8 un tributo stabilito dal governo Monti; noi Comuni abbiamo dovuto semplicemente applicare quanto deciso dal governo centrale.<br \/>\nAd ogni modo \u2013 ha sottolineato Di Bari \u2013 proprio perch\u00e9 ci siamo resi conto che il saldo Tares 2013 per i cittadini sarebbe aumentato a dismisura, rispetto al 2012, ci siamo adoperati per trovare soluzioni. Intanto, siamo l\u2019unico Comune della Puglia, assieme al Comune di Bari, che ha stanziato 600mila euro in Bilancio per coprire le agevolazioni che abbiamo voluto introdurre fino alla fascia di reddito Isee di 30mila euro. Ed in questa direzione \u2013 ha continuato il sindaco \u2013 ossia per evitare aumenti maggiori del saldo 2013 di Tares sulle fasce medie, siamo stati l\u2019unico Comune d\u2019Italia ad aver dimezzato l\u2019addizionale Irpef, reperendo in Bilancio una copertura ulteriore di 900mila euro.<br \/>\nPrevederemo, inoltre, una rateizzazione degli importi da versare in 12 rate mensili e, comunque, in questi 70 giorni che avremo a disposizione, prima della scadenza del 31 marzo, verificheremo se ci sono stati errori di calcolo e di applicazione della Tares ed anche l\u2019ipotesi di tenere un Consiglio comunale monotematico sull\u2019intera\u00bb.<br \/>\nE\u2019 toccato al vicesindaco Gianleo Moncalvo chiarire che \u00abnon \u00e8 possibile fare un raffronto con la Tarsu dello scorso anno, considerato che la Tares deve coprire tutti i costi della gestione dei rifiuti (dalla raccolta al trasporto, dal compostaggio al riciclo) e tenere conto di due quote da conteggiare, la fissa e la variabile. Non bisogna, inoltre \u2013 ha affermato Moncalvo \u2013 collegare gli aumenti della Tares al nuovo appalto sulla raccolta porta-a-porta dei rifiuti (questi sarebbero identici anche se avesse continuato ad operare la precedente ditta): il problema \u00e8 che il governo ha introdotto tariffe e applicazioni diverse per questa Tares e noi, come Comune, in ogni caso dobbiamo coprire costi per 9 milioni di euro circa, suddivisi, come ci impone la normativa, tra operatori produttivi (che devono coprire il 30 per cento del costo) e le utenze domestiche (per il restante 70 per cento). Occorre chiarire, peraltro \u2013 ha continuato Moncalvo \u2013 che il Comune, avendo approvato il Bilancio di previsione 2013 il 12 agosto scorso, non ha potuto avvalersi della possibilit\u00e0 introdotta dal governo ad ottobre, circa l\u2019applicazione delle stesse tariffe dello scorso anno anche per la Tares: la legge, infatti, stabilisce che le stesse tariffe possono essere applicate da quei Comuni che hanno approvato il Bilancio successivamente all\u2019introduzione della normativa\u00bb.<br \/>\nSulla questione sollevata circa il costo esoso dell\u2019appalto sulla raccolta differenziata, l\u2019assessore al ramo Giuseppe Angelini ha chiarito che \u00ab\u00e8 pi\u00f9 oneroso al fine di conseguire una maggiore quantit\u00e0 di raccolta differenziata, in modo da non dover gravare sul Bilancio comunale in ordine all\u2019ecotassa e per pagare minori costi per il conferimento in discarica dei rifiuti indifferenziati.<br \/>\nSe ritornassimo ai vecchi grandi cassonetti sparsi per le strade, il Comune dovrebbe pagare in pi\u00f9, come conferimento in discarica, almeno 900mila euro, oltre all\u2019ecotassa\u00bb. In ogni caso, ha voluto sottolineare il sindaco Di Bari \u00abvaluteremo per il prossimo Bilancio 2014 anche questo argomento, non tralasciando il discorso valutativo sul rispetto del contratto da parte della ditta appaltatrice del servizio di raccolta porta-a-porta dei rifiuti\u00bb. Infine, sulla questione della quota variabile che sarebbe stata applicata \u201cdoppiamente\u201d sulle pertinenze (oltre che sulle case), la risposta dell\u2019Amministrazione comunale \u00e8 stata che non sarebbe cambiato nulla in termini macroeconomici: se, infatti non si fosse calcolata la variabile sui 5.500 box pertinenze, la quota che il Comune dovrebbe comunque reperire sarebbe stata spalmata su tutte le unit\u00e0 immobiliari, ossia anche su quelle che non hanno una pertinenza \u00abil che \u2013 ha sottolineato l\u2019Amministrazione comunale \u2013 non sarebbe stato giusto\u00bb. Le questioni relative alle categorie produttive della ristorazione e degli agriturismi saranno trattate in un apposito incontro fissato per domani (mercoled\u00ec) a Speziale.<\/p>\n<p>COMUNICATO STAMPA AMMINISTRAZIONE COMUNALE DI FASANO<\/p>\n","protected":false},"excerpt":{"rendered":"<p>Si \u00e8 tenuta oggi nella Sala di rappresentanza del Palazzo municipale, a Fasano, la conferenza stampa sulla questione-Tares volutamente aperta ai cittadini (la Sala era piena e con cittadini costretti a rimanere in piedi), come il sindaco Lello Di Bari aveva richiesto. E\u2019 stato proprio il primo cittadino (in Sala erano presenti anche i suoi collaboratori di giunta, oltre alla dirigente comunale Risorse, Marisa Ruggiero, ed al direttore della \u201cTricom\u201d; Michele Russo) ad introdurre l\u2019appuntamento chiarendo che \u00abl\u2019Amministrazione comunale comprende le ragioni dei cittadini ed \u00e8 al loro fianco: per questo, abbiamo deciso di prorogare la scadenza del versamento della Tares al 31 marzo e verificheremo, come ci ha sollecitato a fare un\u2019osservazione pertinente a questo proposito, se ci sar\u00e0 la possibilit\u00e0 di prevedere la proroga anche per quella parte di tributo, ossia quei 30 centesimi in pi\u00f9 a mq., che andr\u00e0 nelle casse dello Stato\u00bb. Il sindaco, in ogni caso, ha tenuto a sottolineare che la Tares, con le tariffe prefissate \u00ab\u00e8 un tributo stabilito dal governo Monti; noi&#8230;<\/p>\n","protected":false},"author":2,"featured_media":2940,"comment_status":"open","ping_status":"open","sticky":false,"template":"","format":"standard","meta":{"footnotes":""},"categories":[7],"tags":[244,394],"class_list":["post-2939","post","type-post","status-publish","format-standard","has-post-thumbnail","hentry","category-news","tag-fasano","tag-tares"],"_links":{"self":[{"href":"https:\/\/www.brundisium.net\/index.php\/wp-json\/wp\/v2\/posts\/2939","targetHints":{"allow":["GET"]}}],"collection":[{"href":"https:\/\/www.brundisium.net\/index.php\/wp-json\/wp\/v2\/posts"}],"about":[{"href":"https:\/\/www.brundisium.net\/index.php\/wp-json\/wp\/v2\/types\/post"}],"author":[{"embeddable":true,"href":"https:\/\/www.brundisium.net\/index.php\/wp-json\/wp\/v2\/users\/2"}],"replies":[{"embeddable":true,"href":"https:\/\/www.brundisium.net\/index.php\/wp-json\/wp\/v2\/comments?post=2939"}],"version-history":[{"count":1,"href":"https:\/\/www.brundisium.net\/index.php\/wp-json\/wp\/v2\/posts\/2939\/revisions"}],"predecessor-version":[{"id":2941,"href":"https:\/\/www.brundisium.net\/index.php\/wp-json\/wp\/v2\/posts\/2939\/revisions\/2941"}],"wp:featuredmedia":[{"embeddable":true,"href":"https:\/\/www.brundisium.net\/index.php\/wp-json\/wp\/v2\/media\/2940"}],"wp:attachment":[{"href":"https:\/\/www.brundisium.net\/index.php\/wp-json\/wp\/v2\/media?parent=2939"}],"wp:term":[{"taxonomy":"category","embeddable":true,"href":"https:\/\/www.brundisium.net\/index.php\/wp-json\/wp\/v2\/categories?post=2939"},{"taxonomy":"post_tag","embeddable":true,"href":"https:\/\/www.brundisium.net\/index.php\/wp-json\/wp\/v2\/tags?post=2939"}],"curies":[{"name":"wp","href":"https:\/\/api.w.org\/{rel}","templated":true}]}}