{"id":29643,"date":"2014-12-10T13:29:50","date_gmt":"2014-12-10T12:29:50","guid":{"rendered":"http:\/\/www.brundisium.net\/brun\/?p=29643"},"modified":"2014-12-10T13:29:50","modified_gmt":"2014-12-10T12:29:50","slug":"il-segno-che-vorrei-mostra-darte-contemporanea-nella-galleria-le-ali-di-mirna","status":"publish","type":"post","link":"https:\/\/www.brundisium.net\/index.php\/il-segno-che-vorrei-mostra-darte-contemporanea-nella-galleria-le-ali-di-mirna\/","title":{"rendered":"Il Segno che vorrei: mostra d\u2019Arte Contemporanea nella Galleria &#8220;Le Ali di Mirna&#8221;"},"content":{"rendered":"<p>Come da tradizione consolidata da anni, in occasione delle festivit\u00e0 natalizie, la Galleria d\u2019Arte Contemporanea \u201cLe Ali di Mirna\u201d, espressione dell\u2019Associazione culturale \u201cEterogenea\u201d ubicata in Via Ruggiero Normanno n. 22 a Mesagne, organizza la mostra collettiva d\u2019Arte Contemporanea dal titolo \u201cIl Segno che vorrei\u201d. Oltre agli artisti presenti in Galleria in permanenza, quest\u2019anno esporranno nuovi artisti anch\u2019essi apprezzati nell\u2019ambito nazionale :<br \/>\nAngioletta DE NITTO nasce a Mesagne (Brindisi) nel 1963, dove vive e lavora. Dopo gli studi scientifici frequenta l\u2019Accademia di B.B.A.A. di Lecce diplomandosi in Pittura con il Prof.Alfonso Siano. Nel 1995 decide di dedicarsi esclusivamente alla ricerca artistica. Nel 1996 \u00e8 tra i finalisti del Premio Arte bandito dall\u2019editoriale Giorgio Mondadori. Dal 1996 ad oggi \u00e8 inserita attivamente nella vita artistica nazionale ed internazionale con mostre personali e partecipazioni in collaborazione con prestigiose gallerie d&#8217;arte. La sua ricerca artistica, che continua ancora oggi, si muove all\u2019inizio nell\u2019ambito strettamente figurativo, con connotazioni iperrealistiche ed evolve poi progressivamente in una produzione astratta e simbolici;<br \/>\nSusy MANZO nasce a Milano nel 1963. Terminati gli studi magistrali, frequenta scuole e corsi in ambito artistico. Segue i corsi di decorazione murale per interni ed esterni presso la scuola Esem di Milano, diretti dall\u2019artista Isabella Bai, e corsi di decorazione e ceramica (3\u00b0 fuoco) a Nova Milanese(MI). Frequenta l\u2019atelier del maestro d\u2019arte Fabio Cuman, a Sesto Ulteriano (MI), per apprendere la tecnica della scultura e approfondire quella della pittura. Apre un laboratorio di decorazione, Broceliande, a Cusano Milanino. Dal 2000 dedica la sua ricerca artistica alla pittura ad olio , al disegno ed alla scultura, sviluppando progetti sul ruolo della donna nella societ\u00e0. Ha partecipato a mostre personali in Italia e in Portogallo, numerose mostre collettive nazionali ed internazionali, fiere d\u2019arte in Italia, Austria e Turchia;<br \/>\nGiovanni MARZIANO nasce a Catanzaro nel 1949. Avverte sin da ragazzo una autentica passione per il disegno e la pittura che coltiver\u00e0 con grande impegno parallelamente agli studi psico-pedagogici e filosofici. Accanto all\u2019attivit\u00e0 di docente, la pratica della pittura assumer\u00e0 un peso sempre pi\u00f9 rilevante nella sua vita. L\u2019affinit\u00e0 con gli artisti del realismo esistenziale confermer\u00e0 la sua scelta coraggiosa della figurazione che sar\u00e0 lodata da Renzo Vespignani, suo punto di riferimento e maestro. Dal 1972 partecipa a rassegne d&#8217;arte nazionali ed internazionali e dallo stesso anno espone le sue opere in numerose citt\u00e0 tra le quali: Roma, Torino, Novara, Ancona, Bergamo, Bari, Firenze, Miami, Hong Kong, Parigi, Bologna;<br \/>\nMichele VOLPICELLA\u00a0nasce a Bari nel 1955. Ha approfondito la sua formazione artistica presso l\u2019Accademia di Belle Arti di Bari. Ha frequentato le lezioni di Incisione Sperimentale di Hector Saunier direttore dell\u2019Atelier Contrepoint de Paris(ex Atelier17) e di Tecniche dell\u2019acquerello e calligrafia del Maestro cinese Zhang Huinan. Descritto dai critici come soggetto dotato di realistica e spiccata sensibilit\u00e0 cromatica, per cui le sue tele tendono a staccarsi dalla figurazione abituale, acquistando pregio nei colori come nelle stesse sceneggiature ricche di echi nordici, avvolte e sospese in un\u2019atmosfera silente che potremmo definire metafisica.<br \/>\nUna sezione della mostra sar\u00e0 dedicata alle ceramiche della bottega Mastro di Grottaglie che ha raggiunto tutti i mercati d\u2019Europa e che da ben quattro generazioni si dedica con successo all\u2019arte dell\u2019argilla. Ma della tradizione della famiglia Mastro si trovano tracce negli antichi elenchi dell\u2019Archivio di Stato di Napoli che nell\u2019anno 1567 riporta il nome di un cretaro di 25 anni Mastro Valerio De Cataldo.<br \/>\nIn occasione dell\u2019 apertura della mostra il 13 Dicembre 2014 alle ore 18.00 , verranno esposti anche i lavori degli allievi della \u201cpiccola Accademia\u201d della Galleria in concomitanza con la conclusione del 1\u00b0 modulo del corso di pittura e disegno.<br \/>\nLa mostra potr\u00e0 essere visitata con ingresso libero sino al 9 Gennaio 2015 con i seguenti orari di apertura: dal luned\u00ec al sabato ore 18.00-20.00. Per informazioni tel. 3470080778- e-mail lealidimirna@libero.it<\/p>\n","protected":false},"excerpt":{"rendered":"<p>Come da tradizione consolidata da anni, in occasione delle festivit\u00e0 natalizie, la Galleria d\u2019Arte Contemporanea \u201cLe Ali di Mirna\u201d, espressione dell\u2019Associazione culturale \u201cEterogenea\u201d ubicata in Via Ruggiero Normanno n. 22 a Mesagne, organizza la mostra collettiva d\u2019Arte Contemporanea dal titolo \u201cIl Segno che vorrei\u201d. Oltre agli artisti presenti in Galleria in permanenza, quest\u2019anno esporranno nuovi artisti anch\u2019essi apprezzati nell\u2019ambito nazionale : Angioletta DE NITTO nasce a Mesagne (Brindisi) nel 1963, dove vive e lavora. Dopo gli studi scientifici frequenta l\u2019Accademia di B.B.A.A. di Lecce diplomandosi in Pittura con il Prof.Alfonso Siano. Nel 1995 decide di dedicarsi esclusivamente alla ricerca artistica. Nel 1996 \u00e8 tra i finalisti del Premio Arte bandito dall\u2019editoriale Giorgio Mondadori. Dal 1996 ad oggi \u00e8 inserita attivamente nella vita artistica nazionale ed internazionale con mostre personali e partecipazioni in collaborazione con prestigiose gallerie d&#8217;arte. La sua ricerca artistica, che continua ancora oggi, si muove all\u2019inizio nell\u2019ambito strettamente figurativo, con connotazioni iperrealistiche ed evolve poi progressivamente in una produzione astratta e simbolici; Susy MANZO nasce a Milano nel&#8230;<\/p>\n","protected":false},"author":2,"featured_media":11483,"comment_status":"open","ping_status":"closed","sticky":false,"template":"","format":"standard","meta":{"footnotes":""},"categories":[489],"tags":[],"class_list":["post-29643","post","type-post","status-publish","format-standard","has-post-thumbnail","hentry","category-mostra-cultura-2"],"_links":{"self":[{"href":"https:\/\/www.brundisium.net\/index.php\/wp-json\/wp\/v2\/posts\/29643","targetHints":{"allow":["GET"]}}],"collection":[{"href":"https:\/\/www.brundisium.net\/index.php\/wp-json\/wp\/v2\/posts"}],"about":[{"href":"https:\/\/www.brundisium.net\/index.php\/wp-json\/wp\/v2\/types\/post"}],"author":[{"embeddable":true,"href":"https:\/\/www.brundisium.net\/index.php\/wp-json\/wp\/v2\/users\/2"}],"replies":[{"embeddable":true,"href":"https:\/\/www.brundisium.net\/index.php\/wp-json\/wp\/v2\/comments?post=29643"}],"version-history":[{"count":1,"href":"https:\/\/www.brundisium.net\/index.php\/wp-json\/wp\/v2\/posts\/29643\/revisions"}],"predecessor-version":[{"id":29644,"href":"https:\/\/www.brundisium.net\/index.php\/wp-json\/wp\/v2\/posts\/29643\/revisions\/29644"}],"wp:featuredmedia":[{"embeddable":true,"href":"https:\/\/www.brundisium.net\/index.php\/wp-json\/wp\/v2\/media\/11483"}],"wp:attachment":[{"href":"https:\/\/www.brundisium.net\/index.php\/wp-json\/wp\/v2\/media?parent=29643"}],"wp:term":[{"taxonomy":"category","embeddable":true,"href":"https:\/\/www.brundisium.net\/index.php\/wp-json\/wp\/v2\/categories?post=29643"},{"taxonomy":"post_tag","embeddable":true,"href":"https:\/\/www.brundisium.net\/index.php\/wp-json\/wp\/v2\/tags?post=29643"}],"curies":[{"name":"wp","href":"https:\/\/api.w.org\/{rel}","templated":true}]}}