{"id":2972,"date":"2014-01-18T09:55:10","date_gmt":"2014-01-18T08:55:10","guid":{"rendered":"http:\/\/www.seltest.info\/brun\/?p=2972"},"modified":"2014-01-21T17:41:19","modified_gmt":"2014-01-21T16:41:19","slug":"uil-contro-marino-vuole-davvero-affrontare-i-problemi","status":"publish","type":"post","link":"https:\/\/www.brundisium.net\/index.php\/uil-contro-marino-vuole-davvero-affrontare-i-problemi\/","title":{"rendered":"Uil contro Marin\u00f2: &#8220;vuole davvero affrontare i problemi?&#8221;"},"content":{"rendered":"<p>Rileviamo alcune dichiarazioni del presidente di Confindustria Brindisi dottor Marin\u00f2 fatte a margine di una iniziativa sui temi che riguardano il mercato del lavoro ed in particolare la situazione occupazionale nel nostro territorio. Si esprimono critiche nei confronti del Sindacato rispetto ad una bozza di \u201caccordo collettivo territoriale finalizzato ad incidere positivamente sui livelli occupazionali\u201d presentata al CPEL (Comitato Provinciale Economia e Lavoro). Un Sindacato fermo, secondo il presidente, su \u201cretaggi e posizioni ideologiche ed anacronistiche\u201d che non fornisce \u201cdisponibilit\u00e0 ad avviare una specifica trattativa\u201d. Come si sa l\u2019obiettivo dei tavoli tematici del CPEL \u00e8 quello di avanzare proposte di merito per rilanciare economia, occupazione e sviluppo nel territorio. Negli ultimi incontri avvenuti nei tavoli tematici del CPEL organizzati dalla Provincia di Brindisi a cui hanno partecipato i dirigenti della UIL territoriale \u00e8 stata annunciata dal rappresentante di Confindustria la presentazione di una serie di proposte finalizzate allo scopo che, ad oggi, non sono state discusse ufficialmente in plenaria perch\u00e9 il CPEL dalle ultime riunioni di fine anno scorso ad oggi non si \u00e8 ancora riunito per conoscere esattamente di che cosa si tratta. La UIL di Brindisi, cos\u00ec come sollecitato per l&#8217;ennesima volta nel comunicato stampa del 13 gennaio scorso, da anni richiama la necessit\u00e0 di affrontare \u201ccon chiarezza di idee e collegiale partecipazione\u201d anche \u201cgli Organismi di rappresentanza del mondo imprenditoriale per fare blocco unico per rilanciare la VERTENZA BRINDISI\u201d ponendo in primo piano il problema della disoccupazione. Non si possono quindi lanciare severe quanto generiche accuse per colpe, responsabilit\u00e0 non assunte ed arretratezza intellettuale su temi tanto vitali ed essenziali. Confindustria \u00e8 veramente interessata ad affrontare questi temi? Se \u00e8 cos\u00ec, allora si faccia carico di organizzare un confronto permanente con il Sindacato e si vedr\u00e0 chi veramente vuole dare un contributo reale per risolverli e se, al contrario, ci sono altri che vogliono continuare a recitare solo la parte di una tragedia che non ha certo bisogno trasformarsi in commedia.<br \/>\nCOMUNICATO STAMPA UIL<\/p>\n","protected":false},"excerpt":{"rendered":"<p>Rileviamo alcune dichiarazioni del presidente di Confindustria Brindisi dottor Marin\u00f2 fatte a margine di una iniziativa sui temi che riguardano il mercato del lavoro ed in particolare la situazione occupazionale nel nostro territorio. Si esprimono critiche nei confronti del Sindacato rispetto ad una bozza di \u201caccordo collettivo territoriale finalizzato ad incidere positivamente sui livelli occupazionali\u201d presentata al CPEL (Comitato Provinciale Economia e Lavoro). Un Sindacato fermo, secondo il presidente, su \u201cretaggi e posizioni ideologiche ed anacronistiche\u201d che non fornisce \u201cdisponibilit\u00e0 ad avviare una specifica trattativa\u201d. Come si sa l\u2019obiettivo dei tavoli tematici del CPEL \u00e8 quello di avanzare proposte di merito per rilanciare economia, occupazione e sviluppo nel territorio. Negli ultimi incontri avvenuti nei tavoli tematici del CPEL organizzati dalla Provincia di Brindisi a cui hanno partecipato i dirigenti della UIL territoriale \u00e8 stata annunciata dal rappresentante di Confindustria la presentazione di una serie di proposte finalizzate allo scopo che, ad oggi, non sono state discusse ufficialmente in plenaria perch\u00e9 il CPEL dalle ultime riunioni di fine anno scorso ad&#8230;<\/p>\n","protected":false},"author":2,"featured_media":2470,"comment_status":"open","ping_status":"open","sticky":false,"template":"","format":"standard","meta":{"footnotes":""},"categories":[7],"tags":[],"class_list":["post-2972","post","type-post","status-publish","format-standard","has-post-thumbnail","hentry","category-news"],"_links":{"self":[{"href":"https:\/\/www.brundisium.net\/index.php\/wp-json\/wp\/v2\/posts\/2972","targetHints":{"allow":["GET"]}}],"collection":[{"href":"https:\/\/www.brundisium.net\/index.php\/wp-json\/wp\/v2\/posts"}],"about":[{"href":"https:\/\/www.brundisium.net\/index.php\/wp-json\/wp\/v2\/types\/post"}],"author":[{"embeddable":true,"href":"https:\/\/www.brundisium.net\/index.php\/wp-json\/wp\/v2\/users\/2"}],"replies":[{"embeddable":true,"href":"https:\/\/www.brundisium.net\/index.php\/wp-json\/wp\/v2\/comments?post=2972"}],"version-history":[{"count":1,"href":"https:\/\/www.brundisium.net\/index.php\/wp-json\/wp\/v2\/posts\/2972\/revisions"}],"predecessor-version":[{"id":2973,"href":"https:\/\/www.brundisium.net\/index.php\/wp-json\/wp\/v2\/posts\/2972\/revisions\/2973"}],"wp:featuredmedia":[{"embeddable":true,"href":"https:\/\/www.brundisium.net\/index.php\/wp-json\/wp\/v2\/media\/2470"}],"wp:attachment":[{"href":"https:\/\/www.brundisium.net\/index.php\/wp-json\/wp\/v2\/media?parent=2972"}],"wp:term":[{"taxonomy":"category","embeddable":true,"href":"https:\/\/www.brundisium.net\/index.php\/wp-json\/wp\/v2\/categories?post=2972"},{"taxonomy":"post_tag","embeddable":true,"href":"https:\/\/www.brundisium.net\/index.php\/wp-json\/wp\/v2\/tags?post=2972"}],"curies":[{"name":"wp","href":"https:\/\/api.w.org\/{rel}","templated":true}]}}