{"id":29853,"date":"2014-12-13T01:13:25","date_gmt":"2014-12-13T00:13:25","guid":{"rendered":"http:\/\/www.brundisium.net\/brun\/?p=29853"},"modified":"2016-07-04T17:54:07","modified_gmt":"2016-07-04T15:54:07","slug":"come-si-vive-a-brindisi-di-guido-giampietro","status":"publish","type":"post","link":"https:\/\/www.brundisium.net\/index.php\/come-si-vive-a-brindisi-di-guido-giampietro\/","title":{"rendered":"Come si vive a Brindisi? Di Guido Giampietro"},"content":{"rendered":"<p><a href=\"http:\/\/www.brundisium.net\/brun\/wp-content\/uploads\/2014\/12\/qualita-della-vita.jpg\"><img loading=\"lazy\" decoding=\"async\" class=\"alignright size-medium wp-image-28736\" src=\"http:\/\/www.brundisium.net\/brun\/wp-content\/uploads\/2014\/12\/qualita-della-vita-300x178.jpg\" alt=\"qualita-della-vita\" width=\"300\" height=\"178\" srcset=\"https:\/\/www.brundisium.net\/brun\/wp-content\/uploads\/2014\/12\/qualita-della-vita-300x178.jpg 300w, https:\/\/www.brundisium.net\/brun\/wp-content\/uploads\/2014\/12\/qualita-della-vita.jpg 640w\" sizes=\"auto, (max-width: 300px) 100vw, 300px\" \/><\/a> Sono di questi giorni due distinti rapporti, pubblicati da <em>Il Sole 24 Ore<\/em>, il quotidiano di Confindustria: l\u2019uno sulla mappa del crimine nei capoluoghi di provincia (dati provenienti direttamente dagli archivi del Ministero dell\u2019Interno) e l\u2019altro sulla qualit\u00e0 della vita.<\/p>\n<p>&nbsp;<\/p>\n<p>Prima di addentrarci nell\u2019analisi dei dati e delle statistiche ritengo per\u00f2 necessaria una precisazione.<\/p>\n<p>Come per le temperature dell\u2019aria cos\u00ec per le questioni attinenti alla sicurezza si dovrebbe distinguere tra le asettiche graduatorie e la reale \u201cpercezione\u201d di malessere che il cittadino avverte sulla propria pelle. Infatti non \u00e8 fuori di luogo affermare che, anche in presenza di dati obiettivamente e comparativamente rassicuranti, la sensazione di paura avvertita \u00e8 sicuramente maggiore.<\/p>\n<p>&nbsp;<\/p>\n<p>Passando ad esaminare i dati si nota che, per quanto concerne i reati totali commessi nel 2013, \u00a0Brindisi occupa la 53^ posizione su scala nazionale, con una variazione del +8,2% sul 2012, mentre risulta al terzo posto tra le province pugliesi.<\/p>\n<p>Entrando nel dettaglio, \u00e8 al 21^ posto (4^ in Puglia) per le rapine (con una variazione addirittura negativa del 4,5% rispetto al 2012). Un dato confortante, dunque. Che sa invece di amaro se si pensa alle rapine di questi ultimi tempi e, in particolare, a quella perpetrata solo pochi giorni fa in una gioielleria del Centro Commerciale \u201cLe Colonne\u201d! Tra l\u2019altro un assalto con tanto di mitraglietta, del tutto ingiustificata in rapporto al pugno di euro della merce arraffata\u2026<\/p>\n<p><a href=\"http:\/\/www.brundisium.net\/brun\/wp-content\/uploads\/2014\/02\/7_1024x768.jpg\"><img loading=\"lazy\" decoding=\"async\" class=\"alignleft size-medium wp-image-3664\" src=\"http:\/\/www.brundisium.net\/brun\/wp-content\/uploads\/2014\/02\/7_1024x768-300x225.jpg\" alt=\"7_1024x768\" width=\"300\" height=\"225\" srcset=\"https:\/\/www.brundisium.net\/brun\/wp-content\/uploads\/2014\/02\/7_1024x768-300x225.jpg 300w, https:\/\/www.brundisium.net\/brun\/wp-content\/uploads\/2014\/02\/7_1024x768.jpg 1024w\" sizes=\"auto, (max-width: 300px) 100vw, 300px\" \/><\/a>\u00a0 Per i furti in casa Brindisi occupa la 57^ posizione nazionale, risultando la pi\u00f9 \u201cvirtuosa\u201d tra le province pugliesi (ma con una variazione del +1,8). Nel campo dei borseggi si trova all\u201981^ posto in Italia e al 4^ in Puglia (addirittura con una variazione del +48,8%!). In fatto di rapine \u00e8 al 21^ posto su scala nazionale e 4^ su quella regionale (variazione del -4,5%). E per truffe e frodi \u00e8 56^ in Italia e 3^ in Puglia (variazione del +18,3%).<\/p>\n<p>&nbsp;<\/p>\n<p>Un\u2019analisi di pi\u00f9 ampio respiro porterebbe alla conclusione dell\u2019inesistenza, in Puglia, di una \u201ccupola\u201d intesa come vertice di organizzazioni tipo \u201cCosa nostra\u201d. Esiste, invece, una costellazione di clan criminali in grado d\u2019intervenire in ogni ganglio della vita economica e produttiva. E proprio la mancanza di una centralizzazione verticistica di queste attivit\u00e0 delittuose ha favorito le loro \u00a0delocalizzazioni. Come dire, una sorta di subappalto dei lavori malavitosi&#8230;<\/p>\n<p>In tal modo le bande di rumeni si dedicano ai furti nelle case di campagna e negli appartamenti in citt\u00e0 (con o senza i legittimi proprietari all\u2019interno). Quelle di albanesi continuano a trafficare in armi, contrabbando di sigarette e carne umana. I clan africani si sono riservati il business dello spaccio di droga. La microcriminalit\u00e0 locale cura invece le pi\u00f9 redditizie (e infamanti) attivit\u00e0 del racket e dell\u2019usura. Gli zingari, infine, checch\u00e9 ne pensi la Presidente della Camera dei Deputati, tiranneggiano i propri bambini ai semafori pagando a loro volta il pizzo ai clan&#8230;<\/p>\n<p>Malgrado ci\u00f2 il sottosegretario agli Interni Bubbico, pochi giorni fa, asseriva che Brindisi \u00e8 \u201csufficientemente sicura\u201d e che non giungeranno rinforzi alle nostre forze dell\u2019ordine. Se lo dice lui possiamo stare tranquilli!<\/p>\n<p>&nbsp;<\/p>\n<p><a href=\"http:\/\/www.brundisium.net\/brun\/wp-content\/uploads\/2014\/12\/handcuffed_to_money1.jpg\"><img loading=\"lazy\" decoding=\"async\" class=\"alignright size-medium wp-image-29854\" src=\"http:\/\/www.brundisium.net\/brun\/wp-content\/uploads\/2014\/12\/handcuffed_to_money1-300x146.jpg\" alt=\"handcuffed_to_money[1]\" width=\"300\" height=\"146\" srcset=\"https:\/\/www.brundisium.net\/brun\/wp-content\/uploads\/2014\/12\/handcuffed_to_money1-300x146.jpg 300w, https:\/\/www.brundisium.net\/brun\/wp-content\/uploads\/2014\/12\/handcuffed_to_money1.jpg 496w\" sizes=\"auto, (max-width: 300px) 100vw, 300px\" \/><\/a>\u00a0\u00a0 Invece quello di cui non parlano i dati ministeriali \u00e8 la corruzione. Ad aprirci gli occhi (ma non era nemmeno tanto necessario) \u00e8 la classifica mondiale di <em>Transparency International<\/em>, che bolla l\u2019Italia come il Paese pi\u00f9 corrotto dell\u2019Europa insieme con Romania, Grecia, Bulgaria. Questa indagine misura, in ciascuno dei 175 Paesi selezionati, il grado di consapevolezza, insicurezza, disagio o paura di fronte ai cicloni di bustarelle che frullano negli uffici pubblici (Roma <em>docet<\/em>, ma non solo) o in qualunque ambiente.<\/p>\n<p>&nbsp;<\/p>\n<p>L\u2019Italia, al 69\u00b0 posto, sta peggio di Ghana e Ruanda\u2026 La Danimarca sta meglio di tutti, come Paese pi\u00f9 pulito del mondo. E la Puglia? E Brindisi\u2026? Qui\u00e9n sabe? A naso si pu\u00f2 tranquillamente affermare che anche in questo caso non siamo messi molto bene.<\/p>\n<p>Il latino \u201ccorrompere\u201d voleva dire sia \u201cfare in mille pezzi\u201d, sia \u201crovinare, guastare\u201d. In fondo \u00e8 quello che succede oggi: corruttori e corrotti mandano in frantumi il funzionamento della macchina pubblica e ne compromettono la credibilit\u00e0. La speranza \u00e8 che sul tema si intervenga quanto prima. Finch\u00e9 almeno ci sono pezzi da rimettere insieme.<\/p>\n<p>&nbsp;<\/p>\n<p><a href=\"http:\/\/www.brundisium.net\/brun\/wp-content\/uploads\/2014\/12\/Capitello-colonna-romana-Brindisi-.jpg\"><img loading=\"lazy\" decoding=\"async\" class=\"alignleft size-medium wp-image-29818\" src=\"http:\/\/www.brundisium.net\/brun\/wp-content\/uploads\/2014\/12\/Capitello-colonna-romana-Brindisi--300x200.jpg\" alt=\"Capitello colonna romana Brindisi -\" width=\"300\" height=\"200\" srcset=\"https:\/\/www.brundisium.net\/brun\/wp-content\/uploads\/2014\/12\/Capitello-colonna-romana-Brindisi--300x200.jpg 300w, https:\/\/www.brundisium.net\/brun\/wp-content\/uploads\/2014\/12\/Capitello-colonna-romana-Brindisi-.jpg 640w\" sizes=\"auto, (max-width: 300px) 100vw, 300px\" \/><\/a>\u00a0\u00a0 Un discorso a parte merita l\u2019argomento \u201cqualit\u00e0 della vita\u201d, ovvero la graduatoria della vivibilit\u00e0 delle citt\u00e0 italiane. Anche in questo caso il rapporto stilato da <em>Il Sole 24 Ore <\/em>evidenzia l\u2019enorme divario esistente tra il Centro-Nord e il Mezzogiorno d\u2019Italia. Infatti, escludendo Roma (che sale dal 20^ al 12^ posto), la prima citt\u00e0 meridionale nella classifica \u00e8 L\u2019Aquila (70^).<\/p>\n<p>E mentre l\u2019anno scorso la capofila pugliese era Lecce (90^) seguita da Brindisi (92^) e Bari (97^), quest\u2019anno a salire sul podio \u00e8 proprio Brindisi che, guadagnando sei posizioni, si attesta all\u201986^ posto.<\/p>\n<p>Ma, esaminando nel particolare i parametri, si notano delle contraddizioni nei sei \u201cambiti\u201d in cui si articola l\u2019indagine. Se, infatti, per i \u201cServizi e Ambiente\u201d e per il \u201cTempo libero\u201d \u00e8 al 66^ posto, si trova al 70^ per il \u201cTenore di vita\u201d e l\u2019\u201cOrdine pubblico\u201d, e all\u201983^ posizione per gli \u201cAffari e lavoro\u201d. Precipita addirittura al 106^ posto per quanto riguarda la \u201cPopolazione\u201d!<\/p>\n<p>Anche questa graduatoria della vivibilit\u00e0 mi lascia per\u00f2 alquanto perplesso. Mi sarei aspettato, nell\u2019ambito \u201cServizi e Ambiente\u201d un indice che indicasse, per esempio, la qualit\u00e0 dell\u2019aria che respiriamo. E invece si parla di \u201cIndice Tagliacarne (?)\u00a0 della dotazione di infrastrutture\u201d, di \u201cIndice sintetico di Legambiente sull\u2019ecosistema urbano\u201d, di \u201cIndici presa in carico asili nidi\u201d\u2026<\/p>\n<p>&nbsp;<\/p>\n<p><a href=\"http:\/\/www.brundisium.net\/brun\/wp-content\/uploads\/2014\/12\/thumb-montanelli-21.jpg\"><img loading=\"lazy\" decoding=\"async\" class=\"alignright size-full wp-image-29855\" src=\"http:\/\/www.brundisium.net\/brun\/wp-content\/uploads\/2014\/12\/thumb-montanelli-21.jpg\" alt=\"thumb-montanelli%202[1]\" width=\"280\" height=\"210\" \/><\/a>\u00a0 Per capire quale sia lo stato di salute dell\u2019aria ho dovuto allora chiederlo all\u2019alberello di arance \u00a0che si trova nel mio piccolo agrumeto cittadino. Mi \u00e8 bastato guardare il colore della parte superiore dei frutti \u02d7 un nero antracite \u02d7 per rendermi conto della sofferenza della pianta che un tempo mi regalava pomi d\u2019oro. Gli stessi che Goethe declamava alla sua bella: \u00ab<em>Conosci tu la terra dove il limone fiorisce, \/ dove le arance d\u2019oro splendono tra le foglie scure (\u2026). Laggi\u00f9, laggi\u00f9 voglio con te fuggire<\/em>\u00bb.<\/p>\n<p>E ritorno alla piaga del malaffare e della corruzione, la madre di tutti i nostri guai. Il mio giornalista di riferimento \u02d7 Indro Montanelli \u02d7 cos\u00ec si esprimeva: \u00abSono giunto alla conclusione che la corruzione non ci deriva da questo o da quel regime o da queste o quelle \u201cregole\u201d di cui battiamo, inutilmente, ogni primato di produzione. Ci deriva da qualche virus annidato nel nostro sangue e di cui non abbiamo mai trovato il vaccino. Tutto in Italia ne viene regolarmente contaminato\u00bb.<\/p>\n<p>Ecco il vaccino di cui abbiamo veramente bisogno! Altro che quello antinfluenzale\u2026<\/p>\n<p>&nbsp;<\/p>\n<p><strong>Guido Giampietro<\/strong><\/p>\n<p>&nbsp;<\/p>\n","protected":false},"excerpt":{"rendered":"<p>Sono di questi giorni due distinti rapporti, pubblicati da Il Sole 24 Ore, il quotidiano di Confindustria: l\u2019uno sulla mappa del crimine nei capoluoghi di provincia (dati provenienti direttamente dagli archivi del Ministero dell\u2019Interno) e l\u2019altro sulla qualit\u00e0 della vita. &nbsp; Prima di addentrarci nell\u2019analisi dei dati e delle statistiche ritengo per\u00f2 necessaria una precisazione. Come per le temperature dell\u2019aria cos\u00ec per le questioni attinenti alla sicurezza si dovrebbe distinguere tra le asettiche graduatorie e la reale \u201cpercezione\u201d di malessere che il cittadino avverte sulla propria pelle. Infatti non \u00e8 fuori di luogo affermare che, anche in presenza di dati obiettivamente e comparativamente rassicuranti, la sensazione di paura avvertita \u00e8 sicuramente maggiore. &nbsp; Passando ad esaminare i dati si nota che, per quanto concerne i reati totali commessi nel 2013, \u00a0Brindisi occupa la 53^ posizione su scala nazionale, con una variazione del +8,2% sul 2012, mentre risulta al terzo posto tra le province pugliesi. Entrando nel dettaglio, \u00e8 al 21^ posto (4^ in Puglia) per le rapine (con una variazione&#8230;<\/p>\n","protected":false},"author":2,"featured_media":3663,"comment_status":"open","ping_status":"closed","sticky":false,"template":"","format":"standard","meta":{"footnotes":""},"categories":[3129],"tags":[18],"class_list":["post-29853","post","type-post","status-publish","format-standard","has-post-thumbnail","hentry","category-guido-giampietro","tag-guido-giampietro"],"_links":{"self":[{"href":"https:\/\/www.brundisium.net\/index.php\/wp-json\/wp\/v2\/posts\/29853","targetHints":{"allow":["GET"]}}],"collection":[{"href":"https:\/\/www.brundisium.net\/index.php\/wp-json\/wp\/v2\/posts"}],"about":[{"href":"https:\/\/www.brundisium.net\/index.php\/wp-json\/wp\/v2\/types\/post"}],"author":[{"embeddable":true,"href":"https:\/\/www.brundisium.net\/index.php\/wp-json\/wp\/v2\/users\/2"}],"replies":[{"embeddable":true,"href":"https:\/\/www.brundisium.net\/index.php\/wp-json\/wp\/v2\/comments?post=29853"}],"version-history":[{"count":1,"href":"https:\/\/www.brundisium.net\/index.php\/wp-json\/wp\/v2\/posts\/29853\/revisions"}],"predecessor-version":[{"id":29856,"href":"https:\/\/www.brundisium.net\/index.php\/wp-json\/wp\/v2\/posts\/29853\/revisions\/29856"}],"wp:featuredmedia":[{"embeddable":true,"href":"https:\/\/www.brundisium.net\/index.php\/wp-json\/wp\/v2\/media\/3663"}],"wp:attachment":[{"href":"https:\/\/www.brundisium.net\/index.php\/wp-json\/wp\/v2\/media?parent=29853"}],"wp:term":[{"taxonomy":"category","embeddable":true,"href":"https:\/\/www.brundisium.net\/index.php\/wp-json\/wp\/v2\/categories?post=29853"},{"taxonomy":"post_tag","embeddable":true,"href":"https:\/\/www.brundisium.net\/index.php\/wp-json\/wp\/v2\/tags?post=29853"}],"curies":[{"name":"wp","href":"https:\/\/api.w.org\/{rel}","templated":true}]}}