{"id":3087,"date":"2014-01-22T13:47:04","date_gmt":"2014-01-22T12:47:04","guid":{"rendered":"http:\/\/www.seltest.info\/brun\/?p=3087"},"modified":"2014-01-22T16:08:47","modified_gmt":"2014-01-22T15:08:47","slug":"blasi-rispetto-per-no-al-carbone-la-loro-battaglia-e-la-mia-battaglia-ma-cerano-si-puo-riconvertire-con-tap","status":"publish","type":"post","link":"https:\/\/www.brundisium.net\/index.php\/blasi-rispetto-per-no-al-carbone-la-loro-battaglia-e-la-mia-battaglia-ma-cerano-si-puo-riconvertire-con-tap\/","title":{"rendered":"Blasi: \u201cRispetto per \u2018No al carbone\u2019, la loro battaglia \u00e8 la mia battaglia. Ma Cerano si pu\u00f2 riconvertire con Tap\u201d"},"content":{"rendered":"<div>\u00a0\u201c<em>Non per fare polemica ma nell\u2019esclusivo interesse delle nostre popolazioni e della loro salute, leggendo le cronache dell\u2019incontro tenutosi ieri a Trepuzzi dal titolo \u201cTap \u2013 Cerano\u201d, vengo a conoscenza della dichiarazione del rappresentante del comitato No al carbone di Brindisi rispetto all\u2019ipotesi di una riconversione a gas della Centrale di Cerano. E non posso tacere nel momento in cui leggo, che l\u2019ipotesi viene \u2018<\/em>scartata a priori dal Comitato No al carbone perch\u00e9 ritenuta irrealizzabile dal punto di vista economico e strutturale<em>\u2019. <\/em><\/div>\n<div><em>Come in molti sanno, il Comitato No al carbone di Brindisi possiede 5 azioni Enel acquistate per portare le ragioni della opposizione al carbone fin nell\u2019Assemblea dei soci del gigante dell\u2019energia. Una strategia meritoria, che rivela la caparbiet\u00e0 della loro azione. <\/em><\/div>\n<div><em>Nell\u2019assemblea dei soci Enel del 30 aprile 2013 il sig. Daniele Pomes, rappresentante nell\u2019assemblea del movimento No al carbone di Brindisi, dichiara: \u201c<\/em>In qualit\u00e0 di rappresentante del movimento No al carbone e in qualit\u00e0 di azionista, concludo chiedendo con forza che entro il 2020 si esca definitivamente dall\u2019era del carbone a Brindisi, come richiesto dalla Comunit\u00e0 Europea e che si riconverta la centrale Federico II a gas<em>\u201d.<\/em> <em>(Link al verbale dell\u2019assemblea dei soci Enel del 30\/04\/2013: <a title=\"http:\/\/bit.ly\/1kWOHph\" href=\"http:\/\/bit.ly\/1kWOHph\">http:\/\/bit.ly\/1kWOHph<\/a> )<\/em><\/div>\n<div><em>Ci tengo a precisare che proprio perch\u00e9 considero sacrosante le battaglie del movimento No al carbone, ho deciso di riportare al centro del dibattito su Tap la questione della riconversione di Cerano. <\/em><\/div>\n<div><em>Perch\u00e9 per troppo tempo la politica \u00e8 stata assente su quella che oggi \u00e8 un\u2019opera che non possiamo rimandare.<\/em> <em>In questa sede mi preme solo ricordare come oggi, con l\u2019arrivo della Tap e con la possibilit\u00e0 dell\u2019approdo a Cerano, \u00e8 possibile realizzare una riconversione\u00a0 che comincerebbe a compensare il territorio brindisino e leccese di un danno sanitario, quello della centrale a carbone Federico II, quantificato dall\u2019Agenzia Europea dell\u2019Ambiente tra i 500 e i 700 milioni di euro. Di questa possibilit\u00e0 la Regione Puglia deve farsi portavoce presso il Governo. <\/em><\/div>\n<div><em>A Roma sarebbe necessario aprire un tavolo tra le due multinazionali interessate, Enel e Tap, per favorire un accordo commerciale che renda la riconversione conveniente, anche attraverso la vendita agevolata del gas da parte di Tap a Enel. <\/em> <em>Questo non perch\u00e9 ci premono gli affari di queste societ\u00e0, ma perch\u00e9 in Puglia ci siamo stancati di contare i malati mentre qualcun altro conta i soldi\u201d<\/em>.<\/div>\n<div><\/div>\n<div><strong>COMUNICATO STAMPA SERGIO BLASI &#8211; SEGRETARIO REGIONALE PARTITO DEMOCRATICO<\/strong><\/div>\n","protected":false},"excerpt":{"rendered":"<p>\u00a0\u201cNon per fare polemica ma nell\u2019esclusivo interesse delle nostre popolazioni e della loro salute, leggendo le cronache dell\u2019incontro tenutosi ieri a Trepuzzi dal titolo \u201cTap \u2013 Cerano\u201d, vengo a conoscenza della dichiarazione del rappresentante del comitato No al carbone di Brindisi rispetto all\u2019ipotesi di una riconversione a gas della Centrale di Cerano. E non posso tacere nel momento in cui leggo, che l\u2019ipotesi viene \u2018scartata a priori dal Comitato No al carbone perch\u00e9 ritenuta irrealizzabile dal punto di vista economico e strutturale\u2019. Come in molti sanno, il Comitato No al carbone di Brindisi possiede 5 azioni Enel acquistate per portare le ragioni della opposizione al carbone fin nell\u2019Assemblea dei soci del gigante dell\u2019energia. Una strategia meritoria, che rivela la caparbiet\u00e0 della loro azione. Nell\u2019assemblea dei soci Enel del 30 aprile 2013 il sig. Daniele Pomes, rappresentante nell\u2019assemblea del movimento No al carbone di Brindisi, dichiara: \u201cIn qualit\u00e0 di rappresentante del movimento No al carbone e in qualit\u00e0 di azionista, concludo chiedendo con forza che entro il 2020 si esca definitivamente&#8230;<\/p>\n","protected":false},"author":2,"featured_media":3107,"comment_status":"open","ping_status":"open","sticky":false,"template":"","format":"standard","meta":{"footnotes":""},"categories":[7],"tags":[],"class_list":["post-3087","post","type-post","status-publish","format-standard","has-post-thumbnail","hentry","category-news"],"_links":{"self":[{"href":"https:\/\/www.brundisium.net\/index.php\/wp-json\/wp\/v2\/posts\/3087","targetHints":{"allow":["GET"]}}],"collection":[{"href":"https:\/\/www.brundisium.net\/index.php\/wp-json\/wp\/v2\/posts"}],"about":[{"href":"https:\/\/www.brundisium.net\/index.php\/wp-json\/wp\/v2\/types\/post"}],"author":[{"embeddable":true,"href":"https:\/\/www.brundisium.net\/index.php\/wp-json\/wp\/v2\/users\/2"}],"replies":[{"embeddable":true,"href":"https:\/\/www.brundisium.net\/index.php\/wp-json\/wp\/v2\/comments?post=3087"}],"version-history":[{"count":1,"href":"https:\/\/www.brundisium.net\/index.php\/wp-json\/wp\/v2\/posts\/3087\/revisions"}],"predecessor-version":[{"id":3088,"href":"https:\/\/www.brundisium.net\/index.php\/wp-json\/wp\/v2\/posts\/3087\/revisions\/3088"}],"wp:featuredmedia":[{"embeddable":true,"href":"https:\/\/www.brundisium.net\/index.php\/wp-json\/wp\/v2\/media\/3107"}],"wp:attachment":[{"href":"https:\/\/www.brundisium.net\/index.php\/wp-json\/wp\/v2\/media?parent=3087"}],"wp:term":[{"taxonomy":"category","embeddable":true,"href":"https:\/\/www.brundisium.net\/index.php\/wp-json\/wp\/v2\/categories?post=3087"},{"taxonomy":"post_tag","embeddable":true,"href":"https:\/\/www.brundisium.net\/index.php\/wp-json\/wp\/v2\/tags?post=3087"}],"curies":[{"name":"wp","href":"https:\/\/api.w.org\/{rel}","templated":true}]}}