{"id":31119,"date":"2014-12-29T21:01:26","date_gmt":"2014-12-29T20:01:26","guid":{"rendered":"http:\/\/www.brundisium.net\/brun\/?p=31119"},"modified":"2014-12-29T23:14:27","modified_gmt":"2014-12-29T22:14:27","slug":"grande-successo-di-pubblico-per-lincontro-con-lautrice-silvia-palano","status":"publish","type":"post","link":"https:\/\/www.brundisium.net\/index.php\/grande-successo-di-pubblico-per-lincontro-con-lautrice-silvia-palano\/","title":{"rendered":"Grande successo di pubblico per l&#8217;incontro con l&#8217;autrice Silvia Palano"},"content":{"rendered":"<p><a href=\"http:\/\/www.brundisium.net\/brun\/wp-content\/uploads\/2014\/12\/palano-feltrinelli.jpg\"><img loading=\"lazy\" decoding=\"async\" class=\" size-medium wp-image-31121 alignleft\" src=\"http:\/\/www.brundisium.net\/brun\/wp-content\/uploads\/2014\/12\/palano-feltrinelli-300x200.jpg\" alt=\"palano feltrinelli\" width=\"300\" height=\"200\" srcset=\"https:\/\/www.brundisium.net\/brun\/wp-content\/uploads\/2014\/12\/palano-feltrinelli-300x200.jpg 300w, https:\/\/www.brundisium.net\/brun\/wp-content\/uploads\/2014\/12\/palano-feltrinelli.jpg 1024w\" sizes=\"auto, (max-width: 300px) 100vw, 300px\" \/><\/a>Grande successo di pubblico ieri per la presentazione del libro Tomba 321 presso la Feltrinelli di Brindisi.<\/p>\n<p>Il romanzo \u00e8 l\u2019opera di esordio della brindisina Silvia Palano, in passato autrice di un testo riguardante la chiesa di Santa Maria del Casale.<\/p>\n<p>&nbsp;<\/p>\n<p>Durante la serata il Prof. Vito Pascariello ha declamato alcuni passi del romanzo accompagnato dalla chitarra del maestro Vito Fiore.<\/p>\n<p>&nbsp;<\/p>\n<p>Pascariello e la Palano si conoscono da molti anni, una conoscenza maturata negli ambienti teatrali brindisini. In virt\u00f9 di questo rapporto consolidato e della stima reciproca, Vito Pascariello ha chiesto a Silvia di poter portare l\u2019opera in teatro. Non \u00e8 escluso che questo possa accadere\u2026.<\/p>\n<p>&nbsp;<\/p>\n<p>&nbsp;<\/p>\n<p><a href=\"http:\/\/www.brundisium.net\/brun\/wp-content\/uploads\/2014\/12\/silvia-palano1.jpg\"><img loading=\"lazy\" decoding=\"async\" class=\"alignright size-medium wp-image-31120\" src=\"http:\/\/www.brundisium.net\/brun\/wp-content\/uploads\/2014\/12\/silvia-palano1-200x300.jpg\" alt=\"silvia palano\" width=\"200\" height=\"300\" srcset=\"https:\/\/www.brundisium.net\/brun\/wp-content\/uploads\/2014\/12\/silvia-palano1-200x300.jpg 200w, https:\/\/www.brundisium.net\/brun\/wp-content\/uploads\/2014\/12\/silvia-palano1.jpg 683w\" sizes=\"auto, (max-width: 200px) 100vw, 200px\" \/><\/a>L\u2019insegnante trentacinquenne, che attualmente vive e lavora in provincia di Milano, ha in passato collaborato con la curia arcivescovile di Brindisi alla stesura di un volume riguardante l\u2019analisi di alcuni affreschi del noto santuario cittadino di Santa Maria del Casale. Il volume, tutt\u2019ora in vendita all\u2019interno del sacrario, \u00e8 stato utilizzato anche per la formazione professionale delle guide turistiche della provincia di Brindisi.<br \/>\nNel settembre del 2011 Silvia inizia la stesura di Tomba 321 che sar\u00e0 appunto presentato nei prossimi giorni proprio nella sua citt\u00e0 natale.<\/p>\n<p>Si tratta di un romanzo d\u2019esordio che per\u00f2 ha gi\u00e0 raccolto ampi consensi, non solo per il modo in cui viene affrontato un argomento esigente e complesso, ma anche per l\u2019immediatezza della lettura data da una maniera \u201calternativa\u201d di raccontare gli eventi. Un romanzo storico frutto in parte della fantasia dell\u2019autrice, in parte di eventi realmente accaduti e di ricerche storiche effettuate nell\u2019arco di circa due anni dalla Palano.<\/p>\n<p>&nbsp;<\/p>\n<p>&nbsp;<\/p>\n<p>L\u2019argomento, o meglio, le vicende storiche alle quali il libro fa riferimento sono relative all\u2019ultimo periodo nazista e che hanno portato a quello che viene definito Olocausto. Una parte del romanzo narra vicende consumatesi all\u2019interno dei campi di concentramento, ma non nella maniera classica cui il lettore \u00e8 abituato, bens\u00ec attraverso lo scorrere delle pagine del diario di un nazista che \u00e8 anche personaggio-chiave della storia reale; l\u2019altro livello del racconto \u00e8 ambientato a Buenos Aires nel 1979, quando il nazista, ormai vecchio e stanco di una non-vita da rifugiato, si reca in un confessionale con la speranza di poter \u201crivelare\u201d finalmente ad un giovane prete tutto quello che non \u00e8 mai riuscito a confessare nemmeno a se stesso.<\/p>\n<p>&nbsp;<\/p>\n<p><a href=\"http:\/\/www.brundisium.net\/brun\/wp-content\/uploads\/2014\/12\/tomab-231.jpg\"><img loading=\"lazy\" decoding=\"async\" class=\"alignleft size-medium wp-image-30577\" src=\"http:\/\/www.brundisium.net\/brun\/wp-content\/uploads\/2014\/12\/tomab-231-221x300.jpg\" alt=\"tomab 231\" width=\"221\" height=\"300\" srcset=\"https:\/\/www.brundisium.net\/brun\/wp-content\/uploads\/2014\/12\/tomab-231-221x300.jpg 221w, https:\/\/www.brundisium.net\/brun\/wp-content\/uploads\/2014\/12\/tomab-231.jpg 588w\" sizes=\"auto, (max-width: 221px) 100vw, 221px\" \/><\/a>Ci si trova immersi in una lettura scorrevole, a tratti dura, sfrontata, incredibilmente vera che trascina il lettore in un vortice di sentimenti contrapposti. Lo sdegno, la rabbia ma anche la compassione. E nel momento in cui sembra che si arrivi alla conclusione della vicenda, gli eventi irrompono con forza, stravolgendo nuovamente il tutto e rimettendo in gioco ogni certezza. Ci\u00f2 che coinvolge maggiormente \u00e8 la suspence data dalla capacit\u00e0 descrittiva delle ambientazioni e delle situazioni. Leggendo si riescono a disegnare con la mente luoghi, persone e a dare forma concreta ad una gamma molto diversificata di emozioni.<br \/>\nIl finale fa riferimento ad un fatto storicamente accertato al quale si giunge grazie ad una escalation di colpi di scena che s\u2019intersecano e si compenetrano profondamente nei due livelli del racconto, sciogliendo e svelando solo alla fine, appunto, la scelta del titolo del romanzo, che non poteva non chiamarsi che cos\u00ec. Solo alla fine, infatti, il lettore riuscir\u00e0 a capire cosa rappresenta la famigerata tomba anonima definita solo attraverso un numero, cos\u00ec come, per ironia della sorte, solo numeri furono per i nazisti le vittime dell\u2019Olocausto.<br \/>\nTravolgente, spietato e sconvolgente fino all\u2019ultima parola. Questo basterebbe per descrivere Tomba 321 e la capacit\u00e0 narrativa di Silvia Palano, nuova scoperta del panorama italiano della narrativa.<\/p>\n<p>&nbsp;<\/p>\n<p><em><strong>Tiziana Piliego<\/strong><\/em><\/p>\n","protected":false},"excerpt":{"rendered":"<p>Grande successo di pubblico ieri per la presentazione del libro Tomba 321 presso la Feltrinelli di Brindisi. Il romanzo \u00e8 l\u2019opera di esordio della brindisina Silvia Palano, in passato autrice di un testo riguardante la chiesa di Santa Maria del Casale. &nbsp; Durante la serata il Prof. Vito Pascariello ha declamato alcuni passi del romanzo accompagnato dalla chitarra del maestro Vito Fiore. &nbsp; Pascariello e la Palano si conoscono da molti anni, una conoscenza maturata negli ambienti teatrali brindisini. In virt\u00f9 di questo rapporto consolidato e della stima reciproca, Vito Pascariello ha chiesto a Silvia di poter portare l\u2019opera in teatro. Non \u00e8 escluso che questo possa accadere\u2026. &nbsp; &nbsp; L\u2019insegnante trentacinquenne, che attualmente vive e lavora in provincia di Milano, ha in passato collaborato con la curia arcivescovile di Brindisi alla stesura di un volume riguardante l\u2019analisi di alcuni affreschi del noto santuario cittadino di Santa Maria del Casale. Il volume, tutt\u2019ora in vendita all\u2019interno del sacrario, \u00e8 stato utilizzato anche per la formazione professionale delle guide turistiche della&#8230;<\/p>\n","protected":false},"author":2,"featured_media":31122,"comment_status":"open","ping_status":"closed","sticky":false,"template":"","format":"standard","meta":{"footnotes":""},"categories":[198,224,7],"tags":[],"class_list":["post-31119","post","type-post","status-publish","format-standard","has-post-thumbnail","hentry","category-cultura-2","category-libri","category-news"],"_links":{"self":[{"href":"https:\/\/www.brundisium.net\/index.php\/wp-json\/wp\/v2\/posts\/31119","targetHints":{"allow":["GET"]}}],"collection":[{"href":"https:\/\/www.brundisium.net\/index.php\/wp-json\/wp\/v2\/posts"}],"about":[{"href":"https:\/\/www.brundisium.net\/index.php\/wp-json\/wp\/v2\/types\/post"}],"author":[{"embeddable":true,"href":"https:\/\/www.brundisium.net\/index.php\/wp-json\/wp\/v2\/users\/2"}],"replies":[{"embeddable":true,"href":"https:\/\/www.brundisium.net\/index.php\/wp-json\/wp\/v2\/comments?post=31119"}],"version-history":[{"count":2,"href":"https:\/\/www.brundisium.net\/index.php\/wp-json\/wp\/v2\/posts\/31119\/revisions"}],"predecessor-version":[{"id":31160,"href":"https:\/\/www.brundisium.net\/index.php\/wp-json\/wp\/v2\/posts\/31119\/revisions\/31160"}],"wp:featuredmedia":[{"embeddable":true,"href":"https:\/\/www.brundisium.net\/index.php\/wp-json\/wp\/v2\/media\/31122"}],"wp:attachment":[{"href":"https:\/\/www.brundisium.net\/index.php\/wp-json\/wp\/v2\/media?parent=31119"}],"wp:term":[{"taxonomy":"category","embeddable":true,"href":"https:\/\/www.brundisium.net\/index.php\/wp-json\/wp\/v2\/categories?post=31119"},{"taxonomy":"post_tag","embeddable":true,"href":"https:\/\/www.brundisium.net\/index.php\/wp-json\/wp\/v2\/tags?post=31119"}],"curies":[{"name":"wp","href":"https:\/\/api.w.org\/{rel}","templated":true}]}}