{"id":31544,"date":"2015-01-06T02:54:28","date_gmt":"2015-01-06T01:54:28","guid":{"rendered":"http:\/\/www.brundisium.net\/brun\/?p=31544"},"modified":"2015-01-05T02:57:41","modified_gmt":"2015-01-05T01:57:41","slug":"allo-0831-di-brindisi-il-piu-importante-evento-del-meridione-dedicato-a-elvis-presley","status":"publish","type":"post","link":"https:\/\/www.brundisium.net\/index.php\/allo-0831-di-brindisi-il-piu-importante-evento-del-meridione-dedicato-a-elvis-presley\/","title":{"rendered":"Allo &#8220;0831&#8221; di Brindisi il pi\u00f9 importante evento del Meridione dedicato a Elvis Presley"},"content":{"rendered":"<p>Quando gioved\u00ec 8 gennaio alle 21.00 si accenderanno le luci sul palco dello &#8220;0831 Advertising Space&#8221; per Brindisi e per la Puglia sar\u00e0 un momento storico.<br \/>\nIn contemporanea con centinaia di citt\u00e0 europee si svolgeranno le celebrazioni per l&#8217;80esimo anniversario dalla nascita del mitico Elvis Presley.<\/p>\n<p>&nbsp;<\/p>\n<p>Presso l&#8217;innovativo contenitore di via Appia, 98 si terr\u00e0 l&#8217;evento pi\u00f9 importante del Sud Italia.<br \/>\nLa manifestazione prevede un avanspettacolo musicale (a cura del decano dei musicisti Nicola Poli) intervallato da interventi di fans, musicisti e collezionisti.<br \/>\nA seguire l&#8217;emozionante concerto della tribute band &#8220;Elvis On Tour&#8221;, nota tra gli appassionati per l&#8217;estrema aderenza musicale ed estetica agli spettacoli che Elvis proponeva negli anni &#8217;70.<\/p>\n<p>&nbsp;<\/p>\n<p>Dopo il concerto il palco si trasformer\u00e0 per accogliere tutti i musicisti che vorranno dare vita a una jam session a ritmo di blues, country e rock&#8217;n&#8217;roll.<br \/>\nNel corso della serata, inoltre, si proceder\u00e0 alla costituzione di una community dedicata a Elvis e saranno presentate le prime concorrenti che, in primavera, si contenderanno il titolo di &#8220;iMiss Elvis&#8221;, che verr\u00e0 assegnato al termine di un vero e proprio concorso di bellezza gratuito e aperto a tutte le giovani dai 14 ai 29 anni.<\/p>\n<p>&nbsp;<\/p>\n<p>Tra i personaggi pi\u00f9 attesi della serata c&#8217;\u00e8 Paolo Intini, giovane collezionista che, in esclusiva assoluta, esporr\u00e0 i centinaia di vinili originali e introvabili in suo possesso.<\/p>\n<p>&nbsp;<\/p>\n<p>Il tutto nello scenario suggestivo dello &#8220;0831 Advertising Space&#8221;, il cui staff ha sin dal principio creduto nelle potenzialit\u00e0 di un vero e proprio Progetto-Elvis.<br \/>\nL&#8217;evento del prossimo 8 gennaio rappresenta solo il primo step di un percorso che, gi\u00e0 da ora, ha colpito l&#8217;immaginario collettivo degli amanti del re del rock&#8217;n&#8217;roll.<\/p>\n<p>&nbsp;<\/p>\n<p>L&#8217;ingresso all&#8217;evento \u00e9 libero.<\/p>\n<p>Per info e prenotazione tavoli: 328.8744031. Per info sul concorso di bellezza scrivere a: info@imisselvis.com.<\/p>\n","protected":false},"excerpt":{"rendered":"<p>Quando gioved\u00ec 8 gennaio alle 21.00 si accenderanno le luci sul palco dello &#8220;0831 Advertising Space&#8221; per Brindisi e per la Puglia sar\u00e0 un momento storico. In contemporanea con centinaia di citt\u00e0 europee si svolgeranno le celebrazioni per l&#8217;80esimo anniversario dalla nascita del mitico Elvis Presley. &nbsp; Presso l&#8217;innovativo contenitore di via Appia, 98 si terr\u00e0 l&#8217;evento pi\u00f9 importante del Sud Italia. La manifestazione prevede un avanspettacolo musicale (a cura del decano dei musicisti Nicola Poli) intervallato da interventi di fans, musicisti e collezionisti. A seguire l&#8217;emozionante concerto della tribute band &#8220;Elvis On Tour&#8221;, nota tra gli appassionati per l&#8217;estrema aderenza musicale ed estetica agli spettacoli che Elvis proponeva negli anni &#8217;70. &nbsp; Dopo il concerto il palco si trasformer\u00e0 per accogliere tutti i musicisti che vorranno dare vita a una jam session a ritmo di blues, country e rock&#8217;n&#8217;roll. Nel corso della serata, inoltre, si proceder\u00e0 alla costituzione di una community dedicata a Elvis e saranno presentate le prime concorrenti che, in primavera, si contenderanno il titolo di &#8220;iMiss&#8230;<\/p>\n","protected":false},"author":2,"featured_media":31545,"comment_status":"open","ping_status":"closed","sticky":false,"template":"","format":"standard","meta":{"footnotes":""},"categories":[198,189,7],"tags":[],"class_list":["post-31544","post","type-post","status-publish","format-standard","has-post-thumbnail","hentry","category-cultura-2","category-musica-2","category-news"],"_links":{"self":[{"href":"https:\/\/www.brundisium.net\/index.php\/wp-json\/wp\/v2\/posts\/31544","targetHints":{"allow":["GET"]}}],"collection":[{"href":"https:\/\/www.brundisium.net\/index.php\/wp-json\/wp\/v2\/posts"}],"about":[{"href":"https:\/\/www.brundisium.net\/index.php\/wp-json\/wp\/v2\/types\/post"}],"author":[{"embeddable":true,"href":"https:\/\/www.brundisium.net\/index.php\/wp-json\/wp\/v2\/users\/2"}],"replies":[{"embeddable":true,"href":"https:\/\/www.brundisium.net\/index.php\/wp-json\/wp\/v2\/comments?post=31544"}],"version-history":[{"count":1,"href":"https:\/\/www.brundisium.net\/index.php\/wp-json\/wp\/v2\/posts\/31544\/revisions"}],"predecessor-version":[{"id":31546,"href":"https:\/\/www.brundisium.net\/index.php\/wp-json\/wp\/v2\/posts\/31544\/revisions\/31546"}],"wp:featuredmedia":[{"embeddable":true,"href":"https:\/\/www.brundisium.net\/index.php\/wp-json\/wp\/v2\/media\/31545"}],"wp:attachment":[{"href":"https:\/\/www.brundisium.net\/index.php\/wp-json\/wp\/v2\/media?parent=31544"}],"wp:term":[{"taxonomy":"category","embeddable":true,"href":"https:\/\/www.brundisium.net\/index.php\/wp-json\/wp\/v2\/categories?post=31544"},{"taxonomy":"post_tag","embeddable":true,"href":"https:\/\/www.brundisium.net\/index.php\/wp-json\/wp\/v2\/tags?post=31544"}],"curies":[{"name":"wp","href":"https:\/\/api.w.org\/{rel}","templated":true}]}}