{"id":31854,"date":"2015-01-10T18:34:36","date_gmt":"2015-01-10T17:34:36","guid":{"rendered":"http:\/\/www.brundisium.net\/brun\/?p=31854"},"modified":"2015-01-10T15:03:03","modified_gmt":"2015-01-10T14:03:03","slug":"accademia-dei-cameristi-il-trio-paradiso-zamarra-zaccaria-inaugura-la-stagione","status":"publish","type":"post","link":"https:\/\/www.brundisium.net\/index.php\/accademia-dei-cameristi-il-trio-paradiso-zamarra-zaccaria-inaugura-la-stagione\/","title":{"rendered":"Accademia dei Cameristi: Il trio Paradiso, Zamarra, Zaccaria inaugura la stagione"},"content":{"rendered":"<p>Marted\u00ec 13 gennaio alle ore 20.30 nel teatro Sociale, a Fasano, si terr\u00e0 il concerto (ad ingresso libero) del trio Francesco Paradiso (clarinetto), Alfredo Zamarra (viola), Maurizio Zaccaria (pianoforte). L\u2019appuntamento rientra nella VI stagione di musica da camera messa a punto dall\u2019Accademia dei Cameristi (di Bari) col patrocinio del ministero dei Beni culturali, della Regione Puglia e del Comune di Fasano.<br \/>\nIl trio eseguir\u00e0 musiche di Reinecke (\u201cTre pezzi fantastici per viola e pianoforte opera 43\u201d e \u201cTrio in la maggiore opera 264\u201d) e di Bruch (\u201cOtto pezzi opera 83\u201d).<\/p>\n<p>&nbsp;<br \/>\nAlfredo Zamarra tra i violisti italiani d\u2019oggi \u00e8 senza dubbio uno dei pi\u00f9 apprezzati e richiesti. Completati brillantemente gli studi al conservatorio di Piacenza con Claudio Pavolini, l\u2019artista ha avuto modo di ampliare ed approfondire la propria formazione strumentale seguendo i consigli e gli insegnamenti di Fedor Druzinin, Alexander Lonquich, Piero Farulli e Bruno Giuranna, che lo ritiene uno dei musicisti pi\u00f9 fervidi della sua generazione, dotato di un\u2019ottima tecnica strumentale e di una lucidissima sensibilit\u00e0 musicale. Nella stagione 1995-96 \u00e8 stato invitato dalla Gustav Mahler Orchestra come prima parte, suonando con Claudio Abbado e Bernard Haitink. Lo stesso ruolo ha ricoperto nell\u2019Orchestra da Camera Italiana su invito di Salvatore Accardo. Ha collaborato come prima viola nell\u2019Orchestra della Fondazione Arena di Verona, nelle Orchestre di Padova e del Veneto, del Teatro San Carlo di Napoli e del Teatro Regio di Parma. Attualmente ricopre il ruolo di prima viola dell\u2019Orchestra del Teatro La Fenice di Venezia, suonando sotto la direzione di Jeffrey Tate il Don Chisciotte di Strauss con eccellenti critiche.<\/p>\n<p>Come solista ha pi\u00f9 volte eseguito i concerti di Bartok, Hoffmeister, la Sonata per la Gran Viola di Paganini, Lachrimae di Britten, la Sinfonia concertante di Mozart, Romanza e Doppio Concerto di Bruch. All\u2019attivit\u00e0 di prima viola nelle orchestre, affianca una intensa attivit\u00e0 solistica e da camera con i migliori strumentisti ad arco italiani: Massimo Quarta, Uto Ughi, Rocco Filippini, Mario Brunello, Salvatore Accardo. Recentemente \u00e8 stato invitato da Carter Brey (primo violoncello della Filarmonica di New York) a partecipare insieme con Ani Kavafian, Cinhtya Phelbs (rima viola della New York Philharmonik) e Soovin Kim (1\u00b0 Premio al Concorso Paganini 1996) alla stagione cameristica Mostly Music, in New Jersey. E\u2019 regolarmente invitato a partecipare a Festival di musica da camera sia in Italia che in Germania (Kammermusikfest-Klosterkamp) e Inghilterra (Honeymead Festival). Ha effettuato varie registrazioni per Rai International, per la Radio Vaticana, e inciso per le etichette Stradivarius e Real Sound. Di prossima pubblicazione un cd dedicato ai duetti del compositore Luigi Gatti per violino e viola realizzato con gli strumenti del Comune di Cremona (viola Fratelli Amati 1615 \u201cStauffer\u201d).<\/p>\n<p>&nbsp;<br \/>\nFrancesco Paradiso consegue nel 2005 il diploma di clarinetto con il massimo dei voti nel conservatorio \u201cNiccol\u00f2 Piccinni\u201d di Bari, sotto la guida del M\u00b0 Antonio Di Maso. Si \u00e8 perfezionato con solisti di fama come Alessandro Carbonare, Sabine Meyer, Fabrizio Meloni, Romain Guyot, in Italia, Francois Benda in Germania, Guy Deplus in Lussemburgo, Karl Leister in Svizzera. Ha partecipato alla rassegna \u201cMigliori Diplomati d\u2019Italia 2005\u201d tenutasi a Castrocaro Terme (FC). Ha collaborato con l\u2019Orchestra dell\u2019Insubria, con l\u2019Orchestra del \u201cTeatro Lirico\u201d di Cagliari, con l\u2019Orchestra Sinfonica Fenaroli di Lanciano, con l\u2019Orchestra di Fiati della Svizzera Italiana, con l\u2019orchestra \u201c1813\u201d del Teatro Sociale di Como, con l\u2019Orchestra da Camera di Lugano, e attualmente collabora con l\u2019Orchestra della Svizzera Italiana. Lavora, inoltre, con l\u2019Ensemble \u2018900 del Conservatorio della Svizzera Italiana, suonando alla Radiotelevisione svizzera di lingua italiana (di Lugano) con la quale recentemente ha partecipato alla produzione di \u201cHistoire du Soldat\u201d di Strawinsky, in collaborazione con la scuola del \u201cTeatro Dimitri\u201d.<\/p>\n<p>Ha inoltre lavorato con direttori d\u2019orchestra e musicisti quali J. Fischer, A. Lombard, A. Tamayo, G. Bernasconi, R. Cohen, P. Gelmini, O. Zoboli, M. Ancillotti, L. Castellani. \u00c8 molto attivo nell\u2019ambito della musica da camera, lavorando, inoltre, con l\u2019Accademia dei Cameristi di Bari ed esibendosi in varie formazioni cameristiche in Italia e in Europa (Belgio, Macedonia). Ha partecipato a diversi concorsi: Citt\u00e0 di Asti, Comune di Grosseto, Marco Fiorindo, Marilena Trotti, Citt\u00e0 di Chieri, Euterpe, Giulio Rospigliosi, Comune di Vasto, Citt\u00e0 di Camerino, Rocco Rodio, Glasbena Sola Krsko (Slovenia), ottenendo ottimi piazzamenti, primi premi, borse di studio, e \u201cPremio della Critica\u201d. Nel 2006-2007 ha frequentato il \u201cMaster annuale di Perfezionamento in Clarinetto\u201d nel conservatorio \u201cG. Verdi\u201d di Milano, superando brillantemente l\u2019esame finale, seguito dai Maestri Alessandro Carbonare, Enrico Maria Baroni, Paolo Beltramini. Nel 2009 ha ottenuto il Diploma di Perfezionamento con lode, nel Conservatorio della Svizzera Italiana di Lugano, sotto la guida di Fran\u00e7ois Benda e Milan Rericha. Nel 2011 ha completato brillantemente il Master of Arts in Music Pedagogy, nello stesso conservatorio. All\u2019attivit\u00e0 di concertista, affianca quella d\u2019insegnamento, collaborando spesso con la \u201cScuola di Musica\u201d del conservatorio della Svizzera Italiana.<\/p>\n<p>&nbsp;<br \/>\nMaurizio Zaccaria consegue il diploma di Pianoforte con dieci lode e menzione d\u2019onore nel conservatorio \u201cN. Piccinni\u201d di Bari sotto la guida del M\u00b0 G. Goffredo e successivamente il diploma di II livello al conservatorio \u201cN. Rota\u201d di Monopoli con il massimo dei voti nella classe del M\u00b0 Benedetto Lupo. E\u2019 stato premiato in numerosi concorsi e festival internazionali: Rachmaninoff International Piano Competition, Liszt International Piano Competition (nella cui giuria figurava la celebre pianista argentina Martha Argerich), Thalberg International Piano Competition, Piano Festival di Osnabruch (Germania), Cliburn Piano Competition in Texas (USA), Societ\u00e0 Umanitaria di Milano, Premio delle Arti del ministero della Cultura, in seguito al quale si esibisce in recital al Parco della Musica di Roma. E\u2019 concertista in importanti sale italiane ed europee, Auditorium della Radio Televisione Svizzera (Lugano); Sala Cortot (Parigi); Sala Verdi (Milano); Parco della Musica di Roma; Sala Scarlatti di Napoli; Teatro delle Muse di Ancona; Teatro Piccinni e Kursaal Santa Lucia di Bari; Teatro Bibiena di Mantova;Villa Ruffolo di Ravello.<\/p>\n<p>Nel marzo 2007 esordisce a Dallas, negli Usa, in una serie di concerti con al centro alcune opere di Bartok, tra cui la Sonata per due pianoforti e percussioni. Ha suonato da solista con l\u2019Orchestra Sinfonica del Petruzzelli (Bari), con l\u2019Orchestra Sinfonica della Provincia di Bari, con l\u2019Orchestra della Societ\u00e0 dei Concerti di Bari, con l\u2019Orchestra della Magna Grecia di Taranto, con l\u2019Orchestra N. Rota di Monopoli (Bari) sotto la prestigiosa direzione del M\u00b0 Filippo Maria Bressan, ed ancora con l\u2019Orchestra Sinfonica di Cosenza, con l\u2019Orchestra Sinfonica di Bacau, con l\u2019Orchestra Duni di Matera. \u00c8 molto interessato anche all\u2019ambito compositivo; ha al suo attivo numerosi lavori. A tale proposito \u00e8 stato inoltre protagonista di prime esecuzioni assolute di opere realizzate da compositori del calibro di Andrea Marena e Fabio Vacchi. Ha ultimamente inciso per Aevea (Naxos) l\u2019integrale dell\u2019opera pianistica di Jules Massenet.<\/p>\n","protected":false},"excerpt":{"rendered":"<p>Marted\u00ec 13 gennaio alle ore 20.30 nel teatro Sociale, a Fasano, si terr\u00e0 il concerto (ad ingresso libero) del trio Francesco Paradiso (clarinetto), Alfredo Zamarra (viola), Maurizio Zaccaria (pianoforte). L\u2019appuntamento rientra nella VI stagione di musica da camera messa a punto dall\u2019Accademia dei Cameristi (di Bari) col patrocinio del ministero dei Beni culturali, della Regione Puglia e del Comune di Fasano. Il trio eseguir\u00e0 musiche di Reinecke (\u201cTre pezzi fantastici per viola e pianoforte opera 43\u201d e \u201cTrio in la maggiore opera 264\u201d) e di Bruch (\u201cOtto pezzi opera 83\u201d). &nbsp; Alfredo Zamarra tra i violisti italiani d\u2019oggi \u00e8 senza dubbio uno dei pi\u00f9 apprezzati e richiesti. Completati brillantemente gli studi al conservatorio di Piacenza con Claudio Pavolini, l\u2019artista ha avuto modo di ampliare ed approfondire la propria formazione strumentale seguendo i consigli e gli insegnamenti di Fedor Druzinin, Alexander Lonquich, Piero Farulli e Bruno Giuranna, che lo ritiene uno dei musicisti pi\u00f9 fervidi della sua generazione, dotato di un\u2019ottima tecnica strumentale e di una lucidissima sensibilit\u00e0 musicale. Nella stagione&#8230;<\/p>\n","protected":false},"author":2,"featured_media":31858,"comment_status":"open","ping_status":"closed","sticky":false,"template":"","format":"standard","meta":{"footnotes":""},"categories":[198,189,7],"tags":[],"class_list":["post-31854","post","type-post","status-publish","format-standard","has-post-thumbnail","hentry","category-cultura-2","category-musica-2","category-news"],"_links":{"self":[{"href":"https:\/\/www.brundisium.net\/index.php\/wp-json\/wp\/v2\/posts\/31854","targetHints":{"allow":["GET"]}}],"collection":[{"href":"https:\/\/www.brundisium.net\/index.php\/wp-json\/wp\/v2\/posts"}],"about":[{"href":"https:\/\/www.brundisium.net\/index.php\/wp-json\/wp\/v2\/types\/post"}],"author":[{"embeddable":true,"href":"https:\/\/www.brundisium.net\/index.php\/wp-json\/wp\/v2\/users\/2"}],"replies":[{"embeddable":true,"href":"https:\/\/www.brundisium.net\/index.php\/wp-json\/wp\/v2\/comments?post=31854"}],"version-history":[{"count":1,"href":"https:\/\/www.brundisium.net\/index.php\/wp-json\/wp\/v2\/posts\/31854\/revisions"}],"predecessor-version":[{"id":31859,"href":"https:\/\/www.brundisium.net\/index.php\/wp-json\/wp\/v2\/posts\/31854\/revisions\/31859"}],"wp:featuredmedia":[{"embeddable":true,"href":"https:\/\/www.brundisium.net\/index.php\/wp-json\/wp\/v2\/media\/31858"}],"wp:attachment":[{"href":"https:\/\/www.brundisium.net\/index.php\/wp-json\/wp\/v2\/media?parent=31854"}],"wp:term":[{"taxonomy":"category","embeddable":true,"href":"https:\/\/www.brundisium.net\/index.php\/wp-json\/wp\/v2\/categories?post=31854"},{"taxonomy":"post_tag","embeddable":true,"href":"https:\/\/www.brundisium.net\/index.php\/wp-json\/wp\/v2\/tags?post=31854"}],"curies":[{"name":"wp","href":"https:\/\/api.w.org\/{rel}","templated":true}]}}