{"id":31999,"date":"2015-01-12T11:48:29","date_gmt":"2015-01-12T10:48:29","guid":{"rendered":"http:\/\/www.brundisium.net\/brun\/?p=31999"},"modified":"2015-01-12T11:11:00","modified_gmt":"2015-01-12T10:11:00","slug":"non-sono-un-assassino-venerdi-si-presenta-il-nuovo-legal-thriller-di-francesco-caringella","status":"publish","type":"post","link":"https:\/\/www.brundisium.net\/index.php\/non-sono-un-assassino-venerdi-si-presenta-il-nuovo-legal-thriller-di-francesco-caringella\/","title":{"rendered":"Non sono un assassino: venerd\u00ec si presenta il nuovo legal thriller di Francesco Caringella"},"content":{"rendered":"<p><a href=\"http:\/\/www.brundisium.net\/brun\/wp-content\/uploads\/2015\/01\/non-sono-un-assassino.png\"><img loading=\"lazy\" decoding=\"async\" class=\"alignleft size-medium wp-image-32002\" src=\"http:\/\/www.brundisium.net\/brun\/wp-content\/uploads\/2015\/01\/non-sono-un-assassino-212x300.png\" alt=\"non sono un assassino\" width=\"212\" height=\"300\" srcset=\"https:\/\/www.brundisium.net\/brun\/wp-content\/uploads\/2015\/01\/non-sono-un-assassino-212x300.png 212w, https:\/\/www.brundisium.net\/brun\/wp-content\/uploads\/2015\/01\/non-sono-un-assassino-724x1024.png 724w, https:\/\/www.brundisium.net\/brun\/wp-content\/uploads\/2015\/01\/non-sono-un-assassino.png 767w\" sizes=\"auto, (max-width: 212px) 100vw, 212px\" \/><\/a>Si terr\u00e0 venerd\u00ec 16 gennaio, con inizio alle ore 15,30, nella Biblioteca Forense del Tribunale di Brindisi, la presentazione del libro \u201cNon sono un assassino\u201d, il \u2018legal thriller\u2019 a sfondo psicologico di Francesco Caringella, barese d\u2019origine e romano d\u2019adozione, magistrato, oggi membro del Consiglio di Stato, ma in passato anche ufficiale della Marina Militare e Commissario di Polizia. L\u2019evento \u00e8 stato promosso ed organizzato \u2018in tandem\u2019 dall\u2019Ordine degli Avvocati di Brindisi e l\u2019associazione socio \u2013 culturale \u201cIl Vaso di Pandora\u201d.<br \/>\nIn occasione della presentazione del libro \u2013 il secondo dell\u2019autore dopo \u201cIl colore del vetro\u201d \u2013 i relatori discuteranno anche di \u201cVerit\u00e0 processuale e realt\u00e0 storica. La mediazione della letteratura\u201d.<br \/>\nNel corso dell\u2019incontro \u2013 moderato dalla giornalista Pamela Spinelli \u2013 interverranno il presidente dell\u2019Ordine degli Avvocati di Brindisi, avv. Carlo Panzuti, il Procuratore della Repubblica di Brindisi, dr. Marco Di Napoli, il magistrato del Tribunale di Roma Clementina Forleo, il magistrato del Tribunale di Brindisi Ivan Antonio Natali e l\u2019avvo. Augusto Conte.<br \/>\nIL LIBRO<br \/>\n\u00c8 un freddo e piovoso mattino d&#8217;autunno, quando una scena raccapricciante sorprende la domestica del Sostituto procuratore Giovanni Mastropaolo: l&#8217;uomo giace nello studio della sua villetta, la fronte bucata da un proiettile. Non ci sono segni di effrazione e gli inquirenti rimangono sconcertati: l&#8217;omicidio non ha le caratteristiche tipiche di quelli compiuti della malavita organizzata, ipotesi che sembrava la pi\u00f9 probabile, dato che la vittima era nota per le sue indagini contro la nuova camorra pugliese. E cos\u00ec, anzich\u00e9 rivolgersi verso l&#8217;ambiente criminale, i sospetti si concentrano su Francesco Prencipe, vicequestore, legato a Mastropaolo da antichi rapporti di amicizia e di collaborazione professionale. Dopo un drammatico interrogatorio, il funzionario viene accusato del crimine ed arrestato. A questo punto l&#8217;unico modo che Prencipe ha per non finire i suoi anni in galera \u00e8 quello di imbarcarsi in un&#8217;ardua battaglia giudiziaria per dimostrare la propria innocenza. Ma nel processo che lo attende verit\u00e0 e menzogna troppo spesso si intrecciano, separate da un sottilissimo filo&#8230;<\/p>\n","protected":false},"excerpt":{"rendered":"<p>Si terr\u00e0 venerd\u00ec 16 gennaio, con inizio alle ore 15,30, nella Biblioteca Forense del Tribunale di Brindisi, la presentazione del libro \u201cNon sono un assassino\u201d, il \u2018legal thriller\u2019 a sfondo psicologico di Francesco Caringella, barese d\u2019origine e romano d\u2019adozione, magistrato, oggi membro del Consiglio di Stato, ma in passato anche ufficiale della Marina Militare e Commissario di Polizia. L\u2019evento \u00e8 stato promosso ed organizzato \u2018in tandem\u2019 dall\u2019Ordine degli Avvocati di Brindisi e l\u2019associazione socio \u2013 culturale \u201cIl Vaso di Pandora\u201d. In occasione della presentazione del libro \u2013 il secondo dell\u2019autore dopo \u201cIl colore del vetro\u201d \u2013 i relatori discuteranno anche di \u201cVerit\u00e0 processuale e realt\u00e0 storica. La mediazione della letteratura\u201d. Nel corso dell\u2019incontro \u2013 moderato dalla giornalista Pamela Spinelli \u2013 interverranno il presidente dell\u2019Ordine degli Avvocati di Brindisi, avv. Carlo Panzuti, il Procuratore della Repubblica di Brindisi, dr. Marco Di Napoli, il magistrato del Tribunale di Roma Clementina Forleo, il magistrato del Tribunale di Brindisi Ivan Antonio Natali e l\u2019avvo. Augusto Conte. IL LIBRO \u00c8 un freddo e piovoso mattino&#8230;<\/p>\n","protected":false},"author":2,"featured_media":32005,"comment_status":"open","ping_status":"closed","sticky":false,"template":"","format":"standard","meta":{"footnotes":""},"categories":[198,224,7],"tags":[],"class_list":["post-31999","post","type-post","status-publish","format-standard","has-post-thumbnail","hentry","category-cultura-2","category-libri","category-news"],"_links":{"self":[{"href":"https:\/\/www.brundisium.net\/index.php\/wp-json\/wp\/v2\/posts\/31999","targetHints":{"allow":["GET"]}}],"collection":[{"href":"https:\/\/www.brundisium.net\/index.php\/wp-json\/wp\/v2\/posts"}],"about":[{"href":"https:\/\/www.brundisium.net\/index.php\/wp-json\/wp\/v2\/types\/post"}],"author":[{"embeddable":true,"href":"https:\/\/www.brundisium.net\/index.php\/wp-json\/wp\/v2\/users\/2"}],"replies":[{"embeddable":true,"href":"https:\/\/www.brundisium.net\/index.php\/wp-json\/wp\/v2\/comments?post=31999"}],"version-history":[{"count":3,"href":"https:\/\/www.brundisium.net\/index.php\/wp-json\/wp\/v2\/posts\/31999\/revisions"}],"predecessor-version":[{"id":32004,"href":"https:\/\/www.brundisium.net\/index.php\/wp-json\/wp\/v2\/posts\/31999\/revisions\/32004"}],"wp:featuredmedia":[{"embeddable":true,"href":"https:\/\/www.brundisium.net\/index.php\/wp-json\/wp\/v2\/media\/32005"}],"wp:attachment":[{"href":"https:\/\/www.brundisium.net\/index.php\/wp-json\/wp\/v2\/media?parent=31999"}],"wp:term":[{"taxonomy":"category","embeddable":true,"href":"https:\/\/www.brundisium.net\/index.php\/wp-json\/wp\/v2\/categories?post=31999"},{"taxonomy":"post_tag","embeddable":true,"href":"https:\/\/www.brundisium.net\/index.php\/wp-json\/wp\/v2\/tags?post=31999"}],"curies":[{"name":"wp","href":"https:\/\/api.w.org\/{rel}","templated":true}]}}