{"id":3355,"date":"2014-01-27T20:44:43","date_gmt":"2014-01-27T19:44:43","guid":{"rendered":"http:\/\/www.seltest.info\/brun\/?p=3355"},"modified":"2014-01-27T20:50:38","modified_gmt":"2014-01-27T19:50:38","slug":"arte-musica-e-poesia-per-non-dimenticare","status":"publish","type":"post","link":"https:\/\/www.brundisium.net\/index.php\/arte-musica-e-poesia-per-non-dimenticare\/","title":{"rendered":"Arte, Musica e Poesia per Non Dimenticare"},"content":{"rendered":"<p><a href=\"http:\/\/www.seltest.info\/brun\/wp-content\/uploads\/2014\/01\/20140127_123239.jpg\"><img loading=\"lazy\" decoding=\"async\" class=\"alignleft size-thumbnail wp-image-3356\" alt=\"20140127_123239\" src=\"http:\/\/www.seltest.info\/brun\/wp-content\/uploads\/2014\/01\/20140127_123239-150x150.jpg\" width=\"150\" height=\"150\" data-id=\"3356\" srcset=\"https:\/\/www.brundisium.net\/brun\/wp-content\/uploads\/2014\/01\/20140127_123239-150x150.jpg 150w, https:\/\/www.brundisium.net\/brun\/wp-content\/uploads\/2014\/01\/20140127_123239-600x600.jpg 600w, https:\/\/www.brundisium.net\/brun\/wp-content\/uploads\/2014\/01\/20140127_123239-1500x1500.jpg 1500w, https:\/\/www.brundisium.net\/brun\/wp-content\/uploads\/2014\/01\/20140127_123239-60x60.jpg 60w\" sizes=\"auto, (max-width: 150px) 100vw, 150px\" \/><\/a>Luned\u00ec 27 Gennaio 2014\u00a0 giornata mondiale della Memoria , le scuole della provincia\u00a0 e le autorit\u00e0 civili e militari si sono riunite presso la prefettura di Brindisi per ricordare e non dimenticare l&#8217;olocausto e le vittime del Nazismo,\u00a0 una delle pi\u00f9 grosse piaghe della storia dell&#8217;uomo.<\/p>\n<p>I talentuosi allievi del liceo musicale &#8221;G. Durano&#8221; si sono esibiti in adagi ed ensamble accompagnati da letture e poesie recitate da ragazzi del Liceo Classico \u201cB. MArzolla\u201d. Musica e poesia rievocavano\u00a0 la sofferenza, la voglia di lottare contro quell&#8217;abominio e\u00a0 la passione con cui i prigionieri dei campi scrivevano le loro memorie.<\/p>\n<p>L&#8217;alunna del liceo artistico\u00a0 Giosmary Tina si \u00e8 occupata dell&#8217;Art Work della locandina dell&#8217;evento, cercando di conciliare in esso tramite forme e colori l&#8217;attualit\u00e0 del tema e l&#8217;importanza della giornata della memoria in un mondo contemporaneo con una visione pi\u00f9 rosea e tranquilla della nostra giovent\u00f9.<\/p>\n<p>Gli alunni Francesca Carella e Mauro Mosaico hanno contribuito con un&#8217;estemporanea di disegno ritraendo uno degli ospiti dell&#8217;evento.<\/p>\n<p>&nbsp;<\/p>\n<p><a href=\"http:\/\/www.seltest.info\/brun\/wp-content\/uploads\/2014\/01\/20140127_124853.jpg\"><img loading=\"lazy\" decoding=\"async\" class=\"alignleft size-thumbnail wp-image-3357\" alt=\"20140127_124853\" src=\"http:\/\/www.seltest.info\/brun\/wp-content\/uploads\/2014\/01\/20140127_124853-150x150.jpg\" width=\"150\" height=\"150\" data-id=\"3357\" srcset=\"https:\/\/www.brundisium.net\/brun\/wp-content\/uploads\/2014\/01\/20140127_124853-150x150.jpg 150w, https:\/\/www.brundisium.net\/brun\/wp-content\/uploads\/2014\/01\/20140127_124853-600x600.jpg 600w, https:\/\/www.brundisium.net\/brun\/wp-content\/uploads\/2014\/01\/20140127_124853-1500x1500.jpg 1500w, https:\/\/www.brundisium.net\/brun\/wp-content\/uploads\/2014\/01\/20140127_124853-60x60.jpg 60w\" sizes=\"auto, (max-width: 150px) 100vw, 150px\" \/><\/a>Durante la commemorazione il Prefetto Dr. Nicola Prete\u00a0 ha consegnato le medaglie d&#8217;onore a due dei nostri grandi uomini italiani sopravvissuti ai campi di sterminio.<\/p>\n<p>Tra questi il signor Cosimo Guadalupi , classe 1916 che racconta :&#8221; <em>Fui prigioniero nel campo 3B. Un giorno di cui non ricordo la data, per noi prigionieri erano ormai tutti uguali, ci fecero uscire fuori dal dormitorio e ci portarono davanti ad un camion carico di cibo. In opposto ad esso vi era una stanza. Ci posero davanti ad una scelta: cedere e collaborare con i Nazisti per ricevere in cambio viveri e favori nel campo\u00a0 o rinunciare ad essere dalla loro parte ed entrare in quella stanza. Nessuno accett\u00f2 di collaborare con i Nazisti<\/em>&#8221;.<\/p>\n<p>Parole che ci fanno comprendere come i nostri uomini rinchiusi in quei campi del terrore hanno lottato, pagato pene atroci, torturati e allontanati dalla propria patria\u00a0 privati e\u00a0 famiglia. Resi senza personalit\u00e0 e abbattuti i loro sentimenti umani solo per essere nati sotto una religione differente o aver avuto un colore di pelle diverso.<\/p>\n<p>Nessuna distinzione di et\u00e0 e sesso veniva fatta nei campi, tutti dovevano essere sterminati. Oggi nella civilt\u00e0 evoluta, tecnologica e ormai spogliata di qualsiasi tab\u00f9 non dobbiamo avere paura di non dimenticare e fare fermo che una cosa del genere , fatta per mano e crudelt\u00e0 della sola stupidit\u00e0 umana non si debba ripetere.<\/p>\n<p>Ci tengo per concludere a dire un grazie immenso a uomini come Cosimo Guadalupi, Antonio Iunco e altri milioni come loro per aver\u00a0 lottato per la libert\u00e0 di cui noi giovani di oggi possiamo godere e per la quale loro portano ferite sulla pelle e nel cuore.<\/p>\n<p><strong>Giorgia Argentieri<\/strong><\/p>\n","protected":false},"excerpt":{"rendered":"<p>Luned\u00ec 27 Gennaio 2014\u00a0 giornata mondiale della Memoria , le scuole della provincia\u00a0 e le autorit\u00e0 civili e militari si sono riunite presso la prefettura di Brindisi per ricordare e non dimenticare l&#8217;olocausto e le vittime del Nazismo,\u00a0 una delle pi\u00f9 grosse piaghe della storia dell&#8217;uomo. I talentuosi allievi del liceo musicale &#8221;G. Durano&#8221; si sono esibiti in adagi ed ensamble accompagnati da letture e poesie recitate da ragazzi del Liceo Classico \u201cB. MArzolla\u201d. Musica e poesia rievocavano\u00a0 la sofferenza, la voglia di lottare contro quell&#8217;abominio e\u00a0 la passione con cui i prigionieri dei campi scrivevano le loro memorie. L&#8217;alunna del liceo artistico\u00a0 Giosmary Tina si \u00e8 occupata dell&#8217;Art Work della locandina dell&#8217;evento, cercando di conciliare in esso tramite forme e colori l&#8217;attualit\u00e0 del tema e l&#8217;importanza della giornata della memoria in un mondo contemporaneo con una visione pi\u00f9 rosea e tranquilla della nostra giovent\u00f9. Gli alunni Francesca Carella e Mauro Mosaico hanno contribuito con un&#8217;estemporanea di disegno ritraendo uno degli ospiti dell&#8217;evento. &nbsp; Durante la commemorazione il Prefetto Dr&#8230;.<\/p>\n","protected":false},"author":2,"featured_media":3256,"comment_status":"open","ping_status":"open","sticky":false,"template":"","format":"standard","meta":{"footnotes":""},"categories":[7],"tags":[614],"class_list":["post-3355","post","type-post","status-publish","format-standard","has-post-thumbnail","hentry","category-news","tag-giornata-della-memoria"],"_links":{"self":[{"href":"https:\/\/www.brundisium.net\/index.php\/wp-json\/wp\/v2\/posts\/3355","targetHints":{"allow":["GET"]}}],"collection":[{"href":"https:\/\/www.brundisium.net\/index.php\/wp-json\/wp\/v2\/posts"}],"about":[{"href":"https:\/\/www.brundisium.net\/index.php\/wp-json\/wp\/v2\/types\/post"}],"author":[{"embeddable":true,"href":"https:\/\/www.brundisium.net\/index.php\/wp-json\/wp\/v2\/users\/2"}],"replies":[{"embeddable":true,"href":"https:\/\/www.brundisium.net\/index.php\/wp-json\/wp\/v2\/comments?post=3355"}],"version-history":[{"count":2,"href":"https:\/\/www.brundisium.net\/index.php\/wp-json\/wp\/v2\/posts\/3355\/revisions"}],"predecessor-version":[{"id":3360,"href":"https:\/\/www.brundisium.net\/index.php\/wp-json\/wp\/v2\/posts\/3355\/revisions\/3360"}],"wp:featuredmedia":[{"embeddable":true,"href":"https:\/\/www.brundisium.net\/index.php\/wp-json\/wp\/v2\/media\/3256"}],"wp:attachment":[{"href":"https:\/\/www.brundisium.net\/index.php\/wp-json\/wp\/v2\/media?parent=3355"}],"wp:term":[{"taxonomy":"category","embeddable":true,"href":"https:\/\/www.brundisium.net\/index.php\/wp-json\/wp\/v2\/categories?post=3355"},{"taxonomy":"post_tag","embeddable":true,"href":"https:\/\/www.brundisium.net\/index.php\/wp-json\/wp\/v2\/tags?post=3355"}],"curies":[{"name":"wp","href":"https:\/\/api.w.org\/{rel}","templated":true}]}}