{"id":35294,"date":"2015-02-23T09:04:15","date_gmt":"2015-02-23T08:04:15","guid":{"rendered":"http:\/\/www.brundisium.net\/brun\/?p=35294"},"modified":"2015-02-23T09:04:15","modified_gmt":"2015-02-23T08:04:15","slug":"oltre-200-windsurf-per-la-regata-piu-importante-dellanno-a-torre-guaceto","status":"publish","type":"post","link":"https:\/\/www.brundisium.net\/index.php\/oltre-200-windsurf-per-la-regata-piu-importante-dellanno-a-torre-guaceto\/","title":{"rendered":"Oltre 200 windsurf per la regata pi\u00f9 importante dell&#8217;anno a Torre Guaceto"},"content":{"rendered":"<p><a href=\"http:\/\/www.brundisium.net\/brun\/wp-content\/uploads\/2015\/02\/PRESENTAZIONE-CENTRO-VELICO-TORRE-GUACETO.jpg\"><img loading=\"lazy\" decoding=\"async\" class=\"alignright wp-image-35297 size-medium\" src=\"http:\/\/www.brundisium.net\/brun\/wp-content\/uploads\/2015\/02\/PRESENTAZIONE-CENTRO-VELICO-TORRE-GUACETO-300x225.jpg\" alt=\"PRESENTAZIONE CENTRO VELICO TORRE GUACETO\" width=\"300\" height=\"225\" srcset=\"https:\/\/www.brundisium.net\/brun\/wp-content\/uploads\/2015\/02\/PRESENTAZIONE-CENTRO-VELICO-TORRE-GUACETO-300x225.jpg 300w, https:\/\/www.brundisium.net\/brun\/wp-content\/uploads\/2015\/02\/PRESENTAZIONE-CENTRO-VELICO-TORRE-GUACETO-1024x768.jpg 1024w\" sizes=\"auto, (max-width: 300px) 100vw, 300px\" \/><\/a>Sabato 21 Febbraio 2015 \u00e8 stata ufficializzata, nel corso del Gal\u00e0 della Vela organizzato dal Comitato VIII Zona della FIV (Federazione Italiana Vela) al Club Velico Ecoresort Le Siren\u00e8 di Gallipoli, l\u2019assegnazione all\u2019ASD Centro Velico Torre Guaceto dell\u2019organizzazione del pi\u00f9 importante appuntamento competitivo del windsurf giovanile italiano nel 2015.<br \/>\nE\u2019 stato Antonio De Castro, rappresentante del consiglio direttivo del CVT, a presentare l\u2019occasione ai delegati pugliesi della vela: \u201cDopo le esperienze dello scorso anno, con l\u2019organizzazione della prima edizione della regata Long Distance Torre Guaceto Winsurf Cup e l\u2019ospitalit\u00e0 di una tappa del campionato zonale Optimist, il Centro Velico Torre Guaceto \u00e8 orgoglioso di ospitare un appuntamento di importanza nazionale e non solo, dato che \u00e8 prevista la presenza di atleti provenienti da Grecia, Croazia, Turchia e altre nazioni adriatiche. Un grande sforzo organizzativo per la nostra associazione sportiva, una sfida che abbracciamo con entusiasmo, convinti che porter\u00e0 al nostro centro velico, ma soprattutto al movimento, la visibilit\u00e0 che merita. Un grande sforzo che condividiamo insieme al Consorzio di Torre Guaceto, che ci supporta nell\u2019organizzazione di questi eventi. Abbiamo voluto condividere con i migliori ragazzi del windsurf italiano l\u2019esperienza memorabile di una settimana nella Riserva Marina di Torre Guaceto. L\u2019evento sar\u00e0 naturalmente aperto al pubblico, una occasione imperdibile per ammirare da vicino campioni in erba, assistere a regate emozionanti ed avvicinarsi agli sport del vento e del mare con le numerose attivit\u00e0 di invito alla vela che saranno organizzate dalla nostra scuola\u201d.<br \/>\nQuesto evento, insieme alla Regata Internazionale Brindisi-Corf\u00f9, posiziona Brindisi tra le citt\u00e0 che ospiteranno i pi\u00f9 grandi eventi velici nazionali, rendendola il fiore all\u2019occhiello della FIV VIII Zona.<br \/>\nDurante il Gal\u00e0 della Vela sono stati inoltre premiati anche altri due circoli brindisini per gli eventi organizzati durante il 2014: La Lega Navale Brindisi, rappresentata dal presidente Roberto Galasso, per l\u2019impegno profuso nell\u2019organizzazione dei corsi vela per disabili, e il Circolo della Vela Brindisi, rappresentato dal presidente Teo Titi, per l\u2019organizzazione della XXIX edizione della Brindisi-Corf\u00f9.<br \/>\nIl presidente della FIV VIII Zona, Alberto La Tegola al termine della presentazione ha dichiarato: \u201cUn\u2019occasione importantissima per la nostra Zona di essere protagonista di una serie di eventi di livello nazionale che offriranno una prova positiva della nostra regione e di una delle realt\u00e0 veliche pi\u00f9 interessanti del nostro territorio. L\u2019ASD Centro Velico Torre Guaceto ha gi\u00e0 dimostrato lo scorso anno di poter accogliere importanti appuntamenti con entusiasmo e grande capacit\u00e0 organizzativa, e sar\u00e0 senz&#8217;altro un bel ricordo per tutti i partecipanti. Questo evento, insieme alla Regata internazionale Brindisi-Corf\u00f9, pone la Citt\u00e0 di Brindisi in una posizione centrale nel panorama velico nazionale.\u201d<\/p>\n<p>&nbsp;<br \/>\n<strong>L\u2019EVENTO:<\/strong><br \/>\n<a href=\"http:\/\/www.brundisium.net\/brun\/wp-content\/uploads\/2015\/02\/CENTRO-VELICO-.jpg\"><img loading=\"lazy\" decoding=\"async\" class=\"alignleft size-medium wp-image-35295\" src=\"http:\/\/www.brundisium.net\/brun\/wp-content\/uploads\/2015\/02\/CENTRO-VELICO--214x300.jpg\" alt=\"T293TG2015 con immagini\" width=\"214\" height=\"300\" srcset=\"https:\/\/www.brundisium.net\/brun\/wp-content\/uploads\/2015\/02\/CENTRO-VELICO--214x300.jpg 214w, https:\/\/www.brundisium.net\/brun\/wp-content\/uploads\/2015\/02\/CENTRO-VELICO--732x1024.jpg 732w, https:\/\/www.brundisium.net\/brun\/wp-content\/uploads\/2015\/02\/CENTRO-VELICO-.jpg 1419w\" sizes=\"auto, (max-width: 214px) 100vw, 214px\" \/><\/a>Marco Rossi, coordinatore nazionale della Classe Techno 293, dice:<br \/>\nSar\u00e0 un evento di notevole importanza, la manifestazione pi\u00f9 significativa nel calendario nazionale del windsurf giovanile per la stagione agonistica 2015. Dal 5 all\u201911 luglio confluiranno in Puglia oltre 200 regatanti di et\u00e0 compresa tra i 9 e i 18 anni, provenienti da tutte le regioni italiane, ai quali si aggiungeranno altri atleti delle squadre nazionali di Grecia, Turchia e probabilmente altre nazioni europee. Che coglieranno un\u2019opportunit\u00e0 unica per affinare la loro preparazione in vista dei Campionati Europei Techno 293, previsti a fine luglio in Lettonia.<br \/>\nDa domenica 5 a marted\u00ec 7 luglio saranno di scena, come gustosa anteprima dello spettacolo, i ragazzi del segmento Youth (16-18 anni) della classe olimpica RS:X. Una trentina di concorrenti che si daranno battaglia nell\u2019ultima regata che precede di poco i Mondiali di categoria in Polonia.<br \/>\nLuned\u00ec 6 e marted\u00ec 7 luglio, in concomitanza e quindi con un doppio show in acqua, la classe Techno 293 dar\u00e0 vita alla Techno Slalom Cup. Una regata spettacolare che si svolge con batterie inserite in un tabellone a eliminazione diretta, fino a selezionare i migliori otto che si affrontano nella finalissima. Mercoled\u00ec 8 luglio sar\u00e0 la volta della Long Distance Techno 293, una sorta di maratona, specialit\u00e0 dove la resistenza si accoppia alla capacit\u00e0 di gestire l\u2019attrezzatura in acqua per una durata che pu\u00f2 variare dalla mezz\u2019ora a un\u2019ora.<br \/>\nIl clou dell\u2019evento avr\u00e0 luogo da gioved\u00ec 9 a sabato 11 luglio, nuovamente con un doppio appuntamento. Il Trofeo Nazionale di Classe Techno 293, che vedr\u00e0 in acqua oltre 150 atleti, con tre prove al giorno su un percorso racing a quadrilatero e bastone, con le varie categorie esordienti, under 13, under 15, under 17 e Plus. Parallelamente il Trofeo Nazionale Cadetti Kids, dove una cinquantina di giovanissimi di et\u00e0 compresa tra i 9 e gli 11 anni potranno usufruire di un tempo suddiviso tra momenti agonistici e occasioni ludiche, all\u2019insegna del divertimento, condizione essenziale per appassionare questa fascia di et\u00e0.<\/p>\n<p>&nbsp;<\/p>\n<p><strong>IL CENTRO VELICO TORREGUACETO:<\/strong><br \/>\nIl Centro Velico Torreguaceto &#8211; Associazione Sportiva senza scopo di lucro &#8211; promuove l\u2019insegnamento della vela e organizza corsi di iniziazione e perfezionamento nella Base nautica pugliese di Torre Guaceto, in provincia di Brindisi, uno dei siti marini tra i pi\u00f9 belli della Penisola, all\u2019interno della Riserva Naturale di Torre Guaceto.<\/p>\n<p>Per ulteriori informazioni sulla manifestazione:<br \/>\nwww.centrovelicotorreguaceto.it<br \/>\ninfo@centrovelicotorreguaceto.it<br \/>\n349 0541481<\/p>\n","protected":false},"excerpt":{"rendered":"<p>Sabato 21 Febbraio 2015 \u00e8 stata ufficializzata, nel corso del Gal\u00e0 della Vela organizzato dal Comitato VIII Zona della FIV (Federazione Italiana Vela) al Club Velico Ecoresort Le Siren\u00e8 di Gallipoli, l\u2019assegnazione all\u2019ASD Centro Velico Torre Guaceto dell\u2019organizzazione del pi\u00f9 importante appuntamento competitivo del windsurf giovanile italiano nel 2015. E\u2019 stato Antonio De Castro, rappresentante del consiglio direttivo del CVT, a presentare l\u2019occasione ai delegati pugliesi della vela: \u201cDopo le esperienze dello scorso anno, con l\u2019organizzazione della prima edizione della regata Long Distance Torre Guaceto Winsurf Cup e l\u2019ospitalit\u00e0 di una tappa del campionato zonale Optimist, il Centro Velico Torre Guaceto \u00e8 orgoglioso di ospitare un appuntamento di importanza nazionale e non solo, dato che \u00e8 prevista la presenza di atleti provenienti da Grecia, Croazia, Turchia e altre nazioni adriatiche. Un grande sforzo organizzativo per la nostra associazione sportiva, una sfida che abbracciamo con entusiasmo, convinti che porter\u00e0 al nostro centro velico, ma soprattutto al movimento, la visibilit\u00e0 che merita. Un grande sforzo che condividiamo insieme al Consorzio di Torre&#8230;<\/p>\n","protected":false},"author":2,"featured_media":35296,"comment_status":"open","ping_status":"closed","sticky":false,"template":"","format":"standard","meta":{"footnotes":""},"categories":[1232],"tags":[],"class_list":["post-35294","post","type-post","status-publish","format-standard","has-post-thumbnail","hentry","category-vela"],"_links":{"self":[{"href":"https:\/\/www.brundisium.net\/index.php\/wp-json\/wp\/v2\/posts\/35294","targetHints":{"allow":["GET"]}}],"collection":[{"href":"https:\/\/www.brundisium.net\/index.php\/wp-json\/wp\/v2\/posts"}],"about":[{"href":"https:\/\/www.brundisium.net\/index.php\/wp-json\/wp\/v2\/types\/post"}],"author":[{"embeddable":true,"href":"https:\/\/www.brundisium.net\/index.php\/wp-json\/wp\/v2\/users\/2"}],"replies":[{"embeddable":true,"href":"https:\/\/www.brundisium.net\/index.php\/wp-json\/wp\/v2\/comments?post=35294"}],"version-history":[{"count":1,"href":"https:\/\/www.brundisium.net\/index.php\/wp-json\/wp\/v2\/posts\/35294\/revisions"}],"predecessor-version":[{"id":35298,"href":"https:\/\/www.brundisium.net\/index.php\/wp-json\/wp\/v2\/posts\/35294\/revisions\/35298"}],"wp:featuredmedia":[{"embeddable":true,"href":"https:\/\/www.brundisium.net\/index.php\/wp-json\/wp\/v2\/media\/35296"}],"wp:attachment":[{"href":"https:\/\/www.brundisium.net\/index.php\/wp-json\/wp\/v2\/media?parent=35294"}],"wp:term":[{"taxonomy":"category","embeddable":true,"href":"https:\/\/www.brundisium.net\/index.php\/wp-json\/wp\/v2\/categories?post=35294"},{"taxonomy":"post_tag","embeddable":true,"href":"https:\/\/www.brundisium.net\/index.php\/wp-json\/wp\/v2\/tags?post=35294"}],"curies":[{"name":"wp","href":"https:\/\/api.w.org\/{rel}","templated":true}]}}