{"id":36509,"date":"2015-03-07T16:34:15","date_gmt":"2015-03-07T15:34:15","guid":{"rendered":"http:\/\/www.brundisium.net\/brun\/?p=36509"},"modified":"2015-03-07T16:34:15","modified_gmt":"2015-03-07T15:34:15","slug":"antonio-manzini-presenta-a-la-feltrinelli-il-best-seller-non-e-stagione","status":"publish","type":"post","link":"https:\/\/www.brundisium.net\/index.php\/antonio-manzini-presenta-a-la-feltrinelli-il-best-seller-non-e-stagione\/","title":{"rendered":"Antonio Manzini presenta a La Feltrinelli il best seller &#8220;Non \u00e8 stagione&#8221;"},"content":{"rendered":"<p>E&#8217; in testa alla classifica dei libri pi\u00f9 venduti in Italia con &#8220;Non \u00e8 stagione&#8221; per Sellerio editore.<br \/>\nE&#8217; attore, sceneggiatore, regista, ma soprattutto scrittore. Antonio Manzini sar\u00e0 a Brindisi marted\u00ec 10 marzo, alle ore 19.00, presso la Feltrinelli Point in corso Umberto I n. 113, per presentare il terzo romanzo dedicato al vicequestore Rocco Schiavone, un poliziotto fuori dagli schemi, poco attento al potere ed alle forme.<\/p>\n<p>Violento, sarcastico, saccente, infedele, maleducato con le donne, cinico con tutto e chiunque, Schiavone odia il suo lavoro. Ma ha un talento ineguagliabile nel risolvere i casi pi\u00f9 difficili. A dialogare con l&#8217;autore sar\u00e0 il giornalista Salvatore Vetrugno.<\/p>\n<p>&nbsp;<\/p>\n<p>Dopo i romanzi \u201cPista Nera\u201d del 2013 e \u201cLa costola di Adamo\u201d del 2014, Manzini con \u201cNon \u00e8 stagione\u201d prosegue le avventure del vicequestore di stanza ad Aosta alle prese con un&#8217;indagine che lo porter\u00e0 anche a fare i conti con il proprio doloroso passato.<\/p>\n<p>\u00c8 scomparsa Chiara Berguet, figlia di una ricca famiglia di industriali valdostani, studentessa molto popolare tra i coetanei.<\/p>\n<p>Inizia cos\u00ec per il vicequestore una partita giocata su pi\u00f9 tavoli: scoprire cosa si cela dietro la facciata irreprensibile di un ambiente privilegiato, sfidare il tempo in una corsa per la vita, illuminare l&#8217;area grigia dove il racket e gli affari si incontrano. Intanto cade la neve ad Aosta, ed \u00e8 maggio: un fuori stagione che nutre il malumore di Rocco. C&#8217;\u00e8, inoltre, un&#8217;azione parallela, in questa inchiesta del vicequestore Rocco Schiavone, che affianca la storia principale.<\/p>\n<p>\u00c8 perch\u00e9 il passato dell&#8217;ispido poliziotto \u00e8 segnato da una zona oscura e si ripresenta a ogni richiamo. Come un debito non riscattato.<\/p>\n<p>Come una ferita condannata a riaprirsi. E anche quando un&#8217;indagine che lo accora gli fa sentire il palpito di una vita salvata, da quel fondo mai scandagliato c&#8217;\u00e8 uno spettro che spunta a ricordargli che a Rocco Schiavone la vita non pu\u00f2 sorridere.<br \/>\nOltre all&#8217;attivit\u00e0 di scrittore, ai tre romanzi con protagonista Rocco Schiavone si aggiungono \u201cSangue marcio\u201d e \u201cLa giostra dei criceti\u201d, Manzini ha curato la sceneggiatura del film &#8220;Come Dio comanda&#8221; di Salvatores, insime allo stesso regista e a Niccol\u00f2 Ammaniti; ha lavorato come regista in alcuni film e cortometraggi. Come attore, l&#8217;ultimo film al quale ha preso parte \u00e8 &#8220;Tutta colpa di Freud&#8221; del regista Paolo Genovese.<\/p>\n","protected":false},"excerpt":{"rendered":"<p>E&#8217; in testa alla classifica dei libri pi\u00f9 venduti in Italia con &#8220;Non \u00e8 stagione&#8221; per Sellerio editore. E&#8217; attore, sceneggiatore, regista, ma soprattutto scrittore. Antonio Manzini sar\u00e0 a Brindisi marted\u00ec 10 marzo, alle ore 19.00, presso la Feltrinelli Point in corso Umberto I n. 113, per presentare il terzo romanzo dedicato al vicequestore Rocco Schiavone, un poliziotto fuori dagli schemi, poco attento al potere ed alle forme. Violento, sarcastico, saccente, infedele, maleducato con le donne, cinico con tutto e chiunque, Schiavone odia il suo lavoro. Ma ha un talento ineguagliabile nel risolvere i casi pi\u00f9 difficili. A dialogare con l&#8217;autore sar\u00e0 il giornalista Salvatore Vetrugno. &nbsp; Dopo i romanzi \u201cPista Nera\u201d del 2013 e \u201cLa costola di Adamo\u201d del 2014, Manzini con \u201cNon \u00e8 stagione\u201d prosegue le avventure del vicequestore di stanza ad Aosta alle prese con un&#8217;indagine che lo porter\u00e0 anche a fare i conti con il proprio doloroso passato. \u00c8 scomparsa Chiara Berguet, figlia di una ricca famiglia di industriali valdostani, studentessa molto popolare tra i coetanei&#8230;.<\/p>\n","protected":false},"author":2,"featured_media":36510,"comment_status":"open","ping_status":"closed","sticky":false,"template":"","format":"standard","meta":{"footnotes":""},"categories":[224,7],"tags":[],"class_list":["post-36509","post","type-post","status-publish","format-standard","has-post-thumbnail","hentry","category-libri","category-news"],"_links":{"self":[{"href":"https:\/\/www.brundisium.net\/index.php\/wp-json\/wp\/v2\/posts\/36509","targetHints":{"allow":["GET"]}}],"collection":[{"href":"https:\/\/www.brundisium.net\/index.php\/wp-json\/wp\/v2\/posts"}],"about":[{"href":"https:\/\/www.brundisium.net\/index.php\/wp-json\/wp\/v2\/types\/post"}],"author":[{"embeddable":true,"href":"https:\/\/www.brundisium.net\/index.php\/wp-json\/wp\/v2\/users\/2"}],"replies":[{"embeddable":true,"href":"https:\/\/www.brundisium.net\/index.php\/wp-json\/wp\/v2\/comments?post=36509"}],"version-history":[{"count":1,"href":"https:\/\/www.brundisium.net\/index.php\/wp-json\/wp\/v2\/posts\/36509\/revisions"}],"predecessor-version":[{"id":36511,"href":"https:\/\/www.brundisium.net\/index.php\/wp-json\/wp\/v2\/posts\/36509\/revisions\/36511"}],"wp:featuredmedia":[{"embeddable":true,"href":"https:\/\/www.brundisium.net\/index.php\/wp-json\/wp\/v2\/media\/36510"}],"wp:attachment":[{"href":"https:\/\/www.brundisium.net\/index.php\/wp-json\/wp\/v2\/media?parent=36509"}],"wp:term":[{"taxonomy":"category","embeddable":true,"href":"https:\/\/www.brundisium.net\/index.php\/wp-json\/wp\/v2\/categories?post=36509"},{"taxonomy":"post_tag","embeddable":true,"href":"https:\/\/www.brundisium.net\/index.php\/wp-json\/wp\/v2\/tags?post=36509"}],"curies":[{"name":"wp","href":"https:\/\/api.w.org\/{rel}","templated":true}]}}