{"id":382,"date":"2014-02-20T13:14:17","date_gmt":"2014-02-20T12:14:17","guid":{"rendered":"http:\/\/www.seltest.info\/brun\/?p=382"},"modified":"2014-02-23T09:14:30","modified_gmt":"2014-02-23T08:14:30","slug":"brindisi-mariano-keller-il-video-di-telebrindisi-tv","status":"publish","type":"post","link":"https:\/\/www.brundisium.net\/index.php\/brindisi-mariano-keller-il-video-di-telebrindisi-tv\/","title":{"rendered":"La Comunit\u00e0 degli Innovatori"},"content":{"rendered":"<p>Brindisi: 28 febbraio e 1\u00b0 marzo prossimi tra Palazzo Nervegna ed il Nuovo Teatro Verdi<\/p>\n<p>L&#8217;evento nasce da un&#8217;iniziativa del Comune di Brindisi, in collaborazione con la Fondazione Nuovo Teatro Verdi, e punta a mettere assieme i diversi attori del territorio che hanno a cuore il futuro del sistema produttivo locale.<\/p>\n<p>Obiettivo della due giorni \u00e8 quella di riunire il mondo che ruota intorno alla cultura ed alla creativit\u00e0, le start-up innovative, i giovani con nuove idee e quelli alla ricerca di futuro per un confronto aperto con &#8216;best practices&#8217; ed esperti. Alla conferenza saranno presenti il sindaco Mimmo Consales ed il vice sindaco, con delega alla Programmazione Economica, Giuseppe Marchionna.<br \/>\nL&#8217;evento si articoler\u00e0 in due parti: la prima, che si terr\u00e0 venerd\u00ec 28 febbraio (Palazzo Nervegna), con inizio alle ore 16, prevede dibattiti incentrati sull&#8217;innovazione, dedicati agli imprenditori ed alle start-up. Il tutto, alla presenza di Sabina De Luca, Capo Dipartimento per le politiche dello sviluppo del Ministero dello Sviluppo Economico, di Vincenzo Bellini, Presidente del Distretto Puglia Creativa e di Loredana Capone, Assessore allo Sviluppo Economico Regione Puglia.<br \/>\nIn serata, invece, alle ore 21, nella Sala della Colonna, si terr\u00e0 &#8220;Il fuori evento &#8212; Presentazione del libro Start-Up in Jazz&#8221;, concerto di musica jazz con la presenza dell&#8217;autore del libro il noto start upper Gabriele Valli.<br \/>\nLa seconda parte dell&#8217;evento, invece, che si svolger\u00e0 sabato 1 marzo (Nuovo Teatro Verdi), con inizio alle ore 9, vedr\u00e0 una serie di testimonianze di eccellenza, dedicate ai giovani &#8216;affamati&#8217; di futuro. &#8216;Testimoni dell&#8217;innovazione&#8217; saranno Roberto Vergallo , Dottorando di ricerca presso l&#8217;Universit\u00e0 del Salento, Mattia Sullini, Coordinatore del FabLab di Firenze, Luciana Delle Donne, Fondatrice di Made in Carcere e Roberto Covolo, project manager di ex Fadda di San Vito dei Normanni (ed altri), i quali saranno coordinati da Gabriele Valli.<\/p>\n","protected":false},"excerpt":{"rendered":"<p>Brindisi: 28 febbraio e 1\u00b0 marzo prossimi tra Palazzo Nervegna ed il Nuovo Teatro Verdi L&#8217;evento nasce da un&#8217;iniziativa del Comune di Brindisi, in collaborazione con la Fondazione Nuovo Teatro Verdi, e punta a mettere assieme i diversi attori del territorio che hanno a cuore il futuro del sistema produttivo locale. Obiettivo della due giorni \u00e8 quella di riunire il mondo che ruota intorno alla cultura ed alla creativit\u00e0, le start-up innovative, i giovani con nuove idee e quelli alla ricerca di futuro per un confronto aperto con &#8216;best practices&#8217; ed esperti. Alla conferenza saranno presenti il sindaco Mimmo Consales ed il vice sindaco, con delega alla Programmazione Economica, Giuseppe Marchionna. L&#8217;evento si articoler\u00e0 in due parti: la prima, che si terr\u00e0 venerd\u00ec 28 febbraio (Palazzo Nervegna), con inizio alle ore 16, prevede dibattiti incentrati sull&#8217;innovazione, dedicati agli imprenditori ed alle start-up. Il tutto, alla presenza di Sabina De Luca, Capo Dipartimento per le politiche dello sviluppo del Ministero dello Sviluppo Economico, di Vincenzo Bellini, Presidente del Distretto Puglia Creativa&#8230;<\/p>\n","protected":false},"author":2,"featured_media":5959,"comment_status":"open","ping_status":"open","sticky":false,"template":"","format":"video","meta":{"footnotes":""},"categories":[10],"tags":[1073,42,47,123,1057],"class_list":["post-382","post","type-post","status-publish","format-video","has-post-thumbnail","hentry","category-video","tag-brindisi-2020","tag-calcio-2","tag-citta-di-brindisi","tag-cnd","tag-comunita-degli-innovatori","post_format-post-format-video"],"_links":{"self":[{"href":"https:\/\/www.brundisium.net\/index.php\/wp-json\/wp\/v2\/posts\/382","targetHints":{"allow":["GET"]}}],"collection":[{"href":"https:\/\/www.brundisium.net\/index.php\/wp-json\/wp\/v2\/posts"}],"about":[{"href":"https:\/\/www.brundisium.net\/index.php\/wp-json\/wp\/v2\/types\/post"}],"author":[{"embeddable":true,"href":"https:\/\/www.brundisium.net\/index.php\/wp-json\/wp\/v2\/users\/2"}],"replies":[{"embeddable":true,"href":"https:\/\/www.brundisium.net\/index.php\/wp-json\/wp\/v2\/comments?post=382"}],"version-history":[{"count":4,"href":"https:\/\/www.brundisium.net\/index.php\/wp-json\/wp\/v2\/posts\/382\/revisions"}],"predecessor-version":[{"id":5963,"href":"https:\/\/www.brundisium.net\/index.php\/wp-json\/wp\/v2\/posts\/382\/revisions\/5963"}],"wp:featuredmedia":[{"embeddable":true,"href":"https:\/\/www.brundisium.net\/index.php\/wp-json\/wp\/v2\/media\/5959"}],"wp:attachment":[{"href":"https:\/\/www.brundisium.net\/index.php\/wp-json\/wp\/v2\/media?parent=382"}],"wp:term":[{"taxonomy":"category","embeddable":true,"href":"https:\/\/www.brundisium.net\/index.php\/wp-json\/wp\/v2\/categories?post=382"},{"taxonomy":"post_tag","embeddable":true,"href":"https:\/\/www.brundisium.net\/index.php\/wp-json\/wp\/v2\/tags?post=382"}],"curies":[{"name":"wp","href":"https:\/\/api.w.org\/{rel}","templated":true}]}}