{"id":38702,"date":"2015-03-30T15:30:52","date_gmt":"2015-03-30T13:30:52","guid":{"rendered":"http:\/\/www.brundisium.net\/brun\/?p=38702"},"modified":"2015-03-30T17:26:15","modified_gmt":"2015-03-30T15:26:15","slug":"emanuele-colandrea-in-concerto-al-barcollo-di-torre-santa-susanna-venerdi-3-aprile","status":"publish","type":"post","link":"https:\/\/www.brundisium.net\/index.php\/emanuele-colandrea-in-concerto-al-barcollo-di-torre-santa-susanna-venerdi-3-aprile\/","title":{"rendered":"Emanuele Colandrea In concerto  al Barcollo di Torre Santa Susanna venerd\u00ec 3 aprile"},"content":{"rendered":"<p>Ritornano gli appuntamenti live del Barcollo di Torre Santa Susanna che venerd\u00ec 3 aprile, inizio ore 22 (ingresso gratuito) ospiter\u00e0 il cantautore laziale Emanuele Colandrea (Eva Mon Amour, Cappello a cilindro).<br \/>\nL\u2019appuntamento di venerd\u00ec sar\u00e0 il primo dei tre di questa prima met\u00e0 di aprile, con il Barcollo che domenica 5 ospiter\u00e0 il tradizionale Ammazzacaff\u00e8 sound (ore 16), mentre venerd\u00ec 10 aprile il concerto di Penti.<br \/>\nEmanuele Colandrea pubblica nel marzo di quest\u2019anno la sua prima pubblicazione solista dal titolo &#8220;Ritrattati&#8221;, raccolta di canzoni ritrattate di Cappello a cilindro ed Eva Mon Amour, band delle quali \u00e8 stato autore e cantante.<br \/>\nDal 2010 Colandrea collabora attivamente nelle vesti di amico, arrangiatore e musicista con il cantautore gaLoni, che segue anche nei concerti. Per l&#8217;inverno prossimo \u00e8 previsto il suo primo album di inediti che con buone possibilit\u00e0 si chiamer\u00e0 &#8220;Destini fatti a mano&#8221;.<br \/>\n\u201cRitrattati\u201d, raccolta di canzoni ritrattate di Emanuele Colandrea, \u00e8 uscito in anteprima dal 2 marzo su Deezer e, a seguire, su tutte le altre piattaforme digitali, sotto l\u2019etichetta 29Records. Dopo aver archiviato le lunghe e importanti esperienze con i Cappello a Cilindro e con gli Eva Mon Amour, Emanuele Colandrea comincia il cammino in solitaria, e questo cammino porter\u00e0 il suo nome e cognome. Il titolo della raccolta in uscita, &#8220;Ritrattati&#8221;, riverbera in ogni aspetto di questo lavoro. L\u2019immagine di copertina stessa \u00e8 il ritratto del duo che lo porter\u00e0 in tour, ma \u00e8 anche il ritratto della vita di un artista che, in oltre dieci anni, ha attraversato tutta l\u2019Italia lasciandosi alle spalle cinque album.<br \/>\nAd essere ritrattati poi saranno proprio e soprattutto i brani di questi cinque album, che lo hanno visto autore, cantante e chitarrista; 15 brani, a cui si aggiungono 3 inediti, sottoposti a un trattamento che li ricolora sotto una chiave pi\u00f9 intima e personale.<br \/>\nA Febbraio 2015 \u00e8 uscito il videoclip di \u201cNon sono mai nato in citt\u00e0\u201d, singolo che ha anticipato l\u2019uscita dell\u2019album, ed \u00e8 possibile vedere qui. Per l&#8217;inverno prossimo invece \u00e8 prevista l&#8217;uscita del suo primo disco solista, quello di inediti, che con ottime possibilit\u00e0 si chiamer\u00e0 &#8220;Destini fatti a mano&#8221;.<br \/>\nIl Barcollo, recentemente rinnovato con i suoi nuovi interni pensati da due designer salentini Diego Bramato (Dimondo design) e Mimma Funiati(Jabba\u00a0 design), propone cos\u00ec l&#8217;ennesimo appuntamento musicale confermandosi contenitore artistico culturale, nonch\u00e9 di concerti di spicco nel territorio, dopo i live di The Cyborgs, Il Genio, Roberto Dellera (Afterhours), Adriano Viterbini (Bud Spencer Blues Explosion), Francesco Di Bella (24 grana), Gianluca De Rubertis, Mino De Santis, il djset di Luca de Gennaro (Radio Capital) e non solo.<br \/>\nIl Barcollo \u00e8 a Torre Santa Susanna in via Galaso 64 (nei pressi del Teatro Comunale).<\/p>\n<p>Per maggiori informazioni:<br \/>\nTel: \u00a0327 0118072<\/p>\n<p style=\"text-align: right;\"><strong>Comunicato stampa Barcollo<\/strong><\/p>\n","protected":false},"excerpt":{"rendered":"<p>Ritornano gli appuntamenti live del Barcollo di Torre Santa Susanna che venerd\u00ec 3 aprile, inizio ore 22 (ingresso gratuito) ospiter\u00e0 il cantautore laziale Emanuele Colandrea (Eva Mon Amour, Cappello a cilindro). L\u2019appuntamento di venerd\u00ec sar\u00e0 il primo dei tre di questa prima met\u00e0 di aprile, con il Barcollo che domenica 5 ospiter\u00e0 il tradizionale Ammazzacaff\u00e8 sound (ore 16), mentre venerd\u00ec 10 aprile il concerto di Penti. Emanuele Colandrea pubblica nel marzo di quest\u2019anno la sua prima pubblicazione solista dal titolo &#8220;Ritrattati&#8221;, raccolta di canzoni ritrattate di Cappello a cilindro ed Eva Mon Amour, band delle quali \u00e8 stato autore e cantante. Dal 2010 Colandrea collabora attivamente nelle vesti di amico, arrangiatore e musicista con il cantautore gaLoni, che segue anche nei concerti. Per l&#8217;inverno prossimo \u00e8 previsto il suo primo album di inediti che con buone possibilit\u00e0 si chiamer\u00e0 &#8220;Destini fatti a mano&#8221;. \u201cRitrattati\u201d, raccolta di canzoni ritrattate di Emanuele Colandrea, \u00e8 uscito in anteprima dal 2 marzo su Deezer e, a seguire, su tutte le altre piattaforme digitali, sotto&#8230;<\/p>\n","protected":false},"author":5,"featured_media":38704,"comment_status":"open","ping_status":"closed","sticky":false,"template":"","format":"standard","meta":{"footnotes":""},"categories":[198,189],"tags":[],"class_list":["post-38702","post","type-post","status-publish","format-standard","has-post-thumbnail","hentry","category-cultura-2","category-musica-2"],"_links":{"self":[{"href":"https:\/\/www.brundisium.net\/index.php\/wp-json\/wp\/v2\/posts\/38702","targetHints":{"allow":["GET"]}}],"collection":[{"href":"https:\/\/www.brundisium.net\/index.php\/wp-json\/wp\/v2\/posts"}],"about":[{"href":"https:\/\/www.brundisium.net\/index.php\/wp-json\/wp\/v2\/types\/post"}],"author":[{"embeddable":true,"href":"https:\/\/www.brundisium.net\/index.php\/wp-json\/wp\/v2\/users\/5"}],"replies":[{"embeddable":true,"href":"https:\/\/www.brundisium.net\/index.php\/wp-json\/wp\/v2\/comments?post=38702"}],"version-history":[{"count":1,"href":"https:\/\/www.brundisium.net\/index.php\/wp-json\/wp\/v2\/posts\/38702\/revisions"}],"predecessor-version":[{"id":38705,"href":"https:\/\/www.brundisium.net\/index.php\/wp-json\/wp\/v2\/posts\/38702\/revisions\/38705"}],"wp:featuredmedia":[{"embeddable":true,"href":"https:\/\/www.brundisium.net\/index.php\/wp-json\/wp\/v2\/media\/38704"}],"wp:attachment":[{"href":"https:\/\/www.brundisium.net\/index.php\/wp-json\/wp\/v2\/media?parent=38702"}],"wp:term":[{"taxonomy":"category","embeddable":true,"href":"https:\/\/www.brundisium.net\/index.php\/wp-json\/wp\/v2\/categories?post=38702"},{"taxonomy":"post_tag","embeddable":true,"href":"https:\/\/www.brundisium.net\/index.php\/wp-json\/wp\/v2\/tags?post=38702"}],"curies":[{"name":"wp","href":"https:\/\/api.w.org\/{rel}","templated":true}]}}