{"id":3977,"date":"2014-02-05T17:20:43","date_gmt":"2014-02-05T16:20:43","guid":{"rendered":"http:\/\/www.brundisium.net\/brun\/?p=3977"},"modified":"2014-02-06T00:20:19","modified_gmt":"2014-02-05T23:20:19","slug":"dopo-larresto-aggredisce-poliziotti-e-danneggia-arredi-della-questura","status":"publish","type":"post","link":"https:\/\/www.brundisium.net\/index.php\/dopo-larresto-aggredisce-poliziotti-e-danneggia-arredi-della-questura\/","title":{"rendered":"Dopo l&#8217;arresto aggredisce poliziotti e danneggia arredi della Questura"},"content":{"rendered":"<p>Sul suo capo pendeva l&#8217;ordine di carcerazione della Procura Generale della Corte d\u2019Appello di Lecce per associazione a delinquere di stampo mafioso finalizzata al riciclaggio nell&#8217;ambito dell&#8217;Operazione Atlantide.<br \/>\nPer questo motivo stanotte gli uomini della Sezione Volanti della Questura di Brindisi hanno arrestato il pluripregiudicato Tonio Rametta Tonio, 38 anni.<br \/>\nUna volta condotto negli uffici delle Volanti per le formalit\u00e0 di rito, Rametta, ha aggredito e minacciato di morte alcuni poliziotti danneggiando alcuni arredi.<br \/>\nPertanto, l&#8217;uomo \u00e8 stato tratto in arresto anche per i reati di resistenza e minacce gravi a pubblico ufficiale nonch\u00e9 danneggiamento aggravato di beni dello stato.<br \/>\nRametta \u00e8 stato associato presso la locale Casa Circondariale.<\/p>\n","protected":false},"excerpt":{"rendered":"<p>Sul suo capo pendeva l&#8217;ordine di carcerazione della Procura Generale della Corte d\u2019Appello di Lecce per associazione a delinquere di stampo mafioso finalizzata al riciclaggio nell&#8217;ambito dell&#8217;Operazione Atlantide. Per questo motivo stanotte gli uomini della Sezione Volanti della Questura di Brindisi hanno arrestato il pluripregiudicato Tonio Rametta Tonio, 38 anni. Una volta condotto negli uffici delle Volanti per le formalit\u00e0 di rito, Rametta, ha aggredito e minacciato di morte alcuni poliziotti danneggiando alcuni arredi. Pertanto, l&#8217;uomo \u00e8 stato tratto in arresto anche per i reati di resistenza e minacce gravi a pubblico ufficiale nonch\u00e9 danneggiamento aggravato di beni dello stato. Rametta \u00e8 stato associato presso la locale Casa Circondariale.<\/p>\n","protected":false},"author":2,"featured_media":3978,"comment_status":"open","ping_status":"open","sticky":false,"template":"","format":"standard","meta":{"footnotes":""},"categories":[7],"tags":[752],"class_list":["post-3977","post","type-post","status-publish","format-standard","has-post-thumbnail","hentry","category-news","tag-operazione-atlantide"],"_links":{"self":[{"href":"https:\/\/www.brundisium.net\/index.php\/wp-json\/wp\/v2\/posts\/3977","targetHints":{"allow":["GET"]}}],"collection":[{"href":"https:\/\/www.brundisium.net\/index.php\/wp-json\/wp\/v2\/posts"}],"about":[{"href":"https:\/\/www.brundisium.net\/index.php\/wp-json\/wp\/v2\/types\/post"}],"author":[{"embeddable":true,"href":"https:\/\/www.brundisium.net\/index.php\/wp-json\/wp\/v2\/users\/2"}],"replies":[{"embeddable":true,"href":"https:\/\/www.brundisium.net\/index.php\/wp-json\/wp\/v2\/comments?post=3977"}],"version-history":[{"count":1,"href":"https:\/\/www.brundisium.net\/index.php\/wp-json\/wp\/v2\/posts\/3977\/revisions"}],"predecessor-version":[{"id":3979,"href":"https:\/\/www.brundisium.net\/index.php\/wp-json\/wp\/v2\/posts\/3977\/revisions\/3979"}],"wp:featuredmedia":[{"embeddable":true,"href":"https:\/\/www.brundisium.net\/index.php\/wp-json\/wp\/v2\/media\/3978"}],"wp:attachment":[{"href":"https:\/\/www.brundisium.net\/index.php\/wp-json\/wp\/v2\/media?parent=3977"}],"wp:term":[{"taxonomy":"category","embeddable":true,"href":"https:\/\/www.brundisium.net\/index.php\/wp-json\/wp\/v2\/categories?post=3977"},{"taxonomy":"post_tag","embeddable":true,"href":"https:\/\/www.brundisium.net\/index.php\/wp-json\/wp\/v2\/tags?post=3977"}],"curies":[{"name":"wp","href":"https:\/\/api.w.org\/{rel}","templated":true}]}}