{"id":4028,"date":"2014-02-10T11:37:37","date_gmt":"2014-02-10T10:37:37","guid":{"rendered":"http:\/\/www.brundisium.net\/brun\/?p=4028"},"modified":"2014-02-10T18:55:13","modified_gmt":"2014-02-10T17:55:13","slug":"settimana-teologica-diocesana","status":"publish","type":"post","link":"https:\/\/www.brundisium.net\/index.php\/settimana-teologica-diocesana\/","title":{"rendered":"Al via la Settimana Teologica Diocesana"},"content":{"rendered":"<p>A conclusione dell\u2019Anno della Fede, il Papa Francesco ha donato alla Chiesa\u00a0l\u2019esortazione apostolica Evangelii gaudium, invitando a una nuova tappa evangelizzatrice\u00a0marcata dalla gioia dell\u2019incontro con Ges\u00f9 Cristo.<br \/>\nProprio in questa esortazione il Papa definisce l\u2019identit\u00e0 cristiana \u201ccome quell\u2019abbraccio\u00a0battesimale che ci ha dato da piccoli il Padre, ci fa anelare, come figli prodighi, all\u2019altro\u00a0abbraccio, quello del Padre misericordioso che ci attende nella gloria\u201d (n. 144).<br \/>\nE sempre in questo documento il Papa, mentre ricorda che tutti nella Chiesa \u201csiamo chiamati a crescere come evangelizzatori\u201d e parla dei possibili limiti o difficolt\u00e0 che pu\u00f2 incontrare la comunit\u00e0 evangelizzatrice, richiama l\u2019importanza che ciascuno si adoperi \u201cper una migliore formazione, un approfondimento del nostro amore e una pi\u00f9 chiara testimonianza del Vangelo\u201d (n. 121).<\/p>\n<p>Con queste espressioni, cariche di speranza e ansia missionaria, vogliamo accogliere l&#8217;invito dell&#8217;Arcivescovo mons. Domenico Caliandro e introdurci alla\u00a0<strong>Settimana Teologica Diocesana <\/strong>che vivremo dal 10 al 14 febbraio 2014 e avr\u00e0 come tema la traccia annuale \u201cBeati voi, sale della terra e luce del mondo. La gioia e la bellezza di essere donne e uomini nuovi in Cristo\u201d.<br \/>\nLa Settimana sar\u00e0 un momento forte di ascolto della Parola e di comunione fraterna, opportunit\u00e0 di ascolto dello Spirito, che ci aiuta a riconoscere comunitariamente i segni dei tempi.<br \/>\nCi accompagner\u00e0 ed aiuter\u00e0, in questo percorso di formazione e approfondimento, il prof. mons. Marcello Brunini, presbitero dell\u2019Arcidiocesi di Lucca.<br \/>\nDestinatari di questa proposta siamo tutti noi \u2013 presbiteri, religiosi e religiose, laici \u2013, operatori pastorali chiamati \u201ca trovare il modo di comunicare Ges\u00f9 che corrisponda alla situazione in cui ci troviamo\u201d (Evangelii gaudium, 121).<br \/>\nInoltre, si sentiranno coinvolti, in maniera particolare, i membri dei Consigli Pastorali Parrocchiali e Vicariali, gli Insegnanti di religione cattolica, i membri delle Associazioni e Movimenti presenti in Diocesi.<br \/>\nGli incontri si svolgeranno presso il Riva Marina Resort (Specchiolla di Carovigno &#8211; Br) secondo il seguente orario:<br \/>\n&#8211; ore 17.30: arrivi;<br \/>\n&#8211; ore 18.00 preghiera;<br \/>\n&#8211; ore 18.15: relazione del prof. Marcello Brunini;<br \/>\n&#8211; ore 19.15: gruppi di studio;<br \/>\n&#8211; ore 20.30: conclusione.<br \/>\nCi prepariamo, gi\u00e0 da ora, ad invocare, nella preghiera personale e comunitaria, \u201clo Spirito Santo che infonde la forza per annunciare la novit\u00e0 del Vangelo con audacia (parresia), a voce alta e in ogni tempo e luogo, anche controcorrente\u201d (Evangelii gaudium, 259); e perch\u00e9, la Settimana Teologica, vissuta con animo disponibile al Signore e alla storia che ci interpellano, costituisca per tutti un forte e rinnovato invito alla gioia e all\u2019entusiasmo nell\u2019annuncio del Vangelo della gioia.<\/p>\n<p><strong>MARCELLO BRUNINI:<\/strong> \u00e8 presbitero della Chiesa di Lucca dal 1975. \u00c8 stato vicario generale dal 2005 al 2009. Attualmente \u00e8 parroco del Varignano a Viareggio e, dal 2005, direttore dell\u2019Archivio Storico Diocesano di Lucca. Laureato in Psicologia, insegna Teologia spirituale e Scienze umane presso lo Studio Teologico Interdiocesano a Camaiore (S.T.I.) e presso l\u2019Istituto Superiore di Scienze religiose di Pisa.<br \/>\nHa pubblicato diversi saggi di psicologia, sociologia e spiritualit\u00e0. Fra le sue opere ricordiamo La preghiera del cuore nella spiritualit\u00e0 dell\u2019Oriente cristiano (1997), Lettura\u00a0pastorale della Prima lettera ai Corinzi (2003), Ospitare la vita. Sentieri di fede, di interiorit\u00e0, di\u00a0pace (2008).<br \/>\n<strong>COMUNICATO STAMPA\u00a0ARCIDIOCESI DI\u00a0 BRINDISI-OSTUNI &#8211; CURIA ARCIVESCOVILE &#8211; UFFICIO PER LA PASTORALE<\/strong><\/p>\n","protected":false},"excerpt":{"rendered":"<p>A conclusione dell\u2019Anno della Fede, il Papa Francesco ha donato alla Chiesa\u00a0l\u2019esortazione apostolica Evangelii gaudium, invitando a una nuova tappa evangelizzatrice\u00a0marcata dalla gioia dell\u2019incontro con Ges\u00f9 Cristo. Proprio in questa esortazione il Papa definisce l\u2019identit\u00e0 cristiana \u201ccome quell\u2019abbraccio\u00a0battesimale che ci ha dato da piccoli il Padre, ci fa anelare, come figli prodighi, all\u2019altro\u00a0abbraccio, quello del Padre misericordioso che ci attende nella gloria\u201d (n. 144). E sempre in questo documento il Papa, mentre ricorda che tutti nella Chiesa \u201csiamo chiamati a crescere come evangelizzatori\u201d e parla dei possibili limiti o difficolt\u00e0 che pu\u00f2 incontrare la comunit\u00e0 evangelizzatrice, richiama l\u2019importanza che ciascuno si adoperi \u201cper una migliore formazione, un approfondimento del nostro amore e una pi\u00f9 chiara testimonianza del Vangelo\u201d (n. 121). Con queste espressioni, cariche di speranza e ansia missionaria, vogliamo accogliere l&#8217;invito dell&#8217;Arcivescovo mons. Domenico Caliandro e introdurci alla\u00a0Settimana Teologica Diocesana che vivremo dal 10 al 14 febbraio 2014 e avr\u00e0 come tema la traccia annuale \u201cBeati voi, sale della terra e luce del mondo. La gioia e la bellezza&#8230;<\/p>\n","protected":false},"author":2,"featured_media":4490,"comment_status":"open","ping_status":"open","sticky":false,"template":"","format":"standard","meta":{"footnotes":""},"categories":[7],"tags":[842],"class_list":["post-4028","post","type-post","status-publish","format-standard","has-post-thumbnail","hentry","category-news","tag-arcidiocesi-di-brindisi-ostuni"],"_links":{"self":[{"href":"https:\/\/www.brundisium.net\/index.php\/wp-json\/wp\/v2\/posts\/4028","targetHints":{"allow":["GET"]}}],"collection":[{"href":"https:\/\/www.brundisium.net\/index.php\/wp-json\/wp\/v2\/posts"}],"about":[{"href":"https:\/\/www.brundisium.net\/index.php\/wp-json\/wp\/v2\/types\/post"}],"author":[{"embeddable":true,"href":"https:\/\/www.brundisium.net\/index.php\/wp-json\/wp\/v2\/users\/2"}],"replies":[{"embeddable":true,"href":"https:\/\/www.brundisium.net\/index.php\/wp-json\/wp\/v2\/comments?post=4028"}],"version-history":[{"count":3,"href":"https:\/\/www.brundisium.net\/index.php\/wp-json\/wp\/v2\/posts\/4028\/revisions"}],"predecessor-version":[{"id":4491,"href":"https:\/\/www.brundisium.net\/index.php\/wp-json\/wp\/v2\/posts\/4028\/revisions\/4491"}],"wp:featuredmedia":[{"embeddable":true,"href":"https:\/\/www.brundisium.net\/index.php\/wp-json\/wp\/v2\/media\/4490"}],"wp:attachment":[{"href":"https:\/\/www.brundisium.net\/index.php\/wp-json\/wp\/v2\/media?parent=4028"}],"wp:term":[{"taxonomy":"category","embeddable":true,"href":"https:\/\/www.brundisium.net\/index.php\/wp-json\/wp\/v2\/categories?post=4028"},{"taxonomy":"post_tag","embeddable":true,"href":"https:\/\/www.brundisium.net\/index.php\/wp-json\/wp\/v2\/tags?post=4028"}],"curies":[{"name":"wp","href":"https:\/\/api.w.org\/{rel}","templated":true}]}}