{"id":4043,"date":"2014-02-06T11:50:16","date_gmt":"2014-02-06T10:50:16","guid":{"rendered":"http:\/\/www.brundisium.net\/brun\/?p=4043"},"modified":"2014-02-06T11:50:16","modified_gmt":"2014-02-06T10:50:16","slug":"mesagne-il-sindaco-scoditti-scrive-a-vendola","status":"publish","type":"post","link":"https:\/\/www.brundisium.net\/index.php\/mesagne-il-sindaco-scoditti-scrive-a-vendola\/","title":{"rendered":"Mesagne: il Sindaco Scoditti scrive a Vendola"},"content":{"rendered":"<p>Di seguito riportiamo integralmente\u00a0la lettera che il Sindaco di Mesagne Franco Scoditti ha scritto al Presidente della Regione Vendola in merito al problema dell&#8217;edilizia residenziale.<\/p>\n<p align=\"RIGHT\"><span style=\"font-size: large;\">Mesagne, 05\/02\/2014 <\/span><\/p>\n<p align=\"JUSTIFY\">\n<p align=\"JUSTIFY\">\n<p align=\"JUSTIFY\"><span style=\"font-size: large;\"><i>Illustre Presidente, <\/i><\/span><\/p>\n<p align=\"JUSTIFY\">\n<p align=\"JUSTIFY\"><span style=\"font-size: large;\"><i>Le scrivo per sottoporre alla sua attenzione e, soprattutto, alla sua sensibilit\u00e0 un problema che comincia a diventare insostenibile. L\u2019emergenza abitativa \u00e8 ormai una emergenza di carattere sociale. Non parliamo pi\u00f9 di una ristretta fascia di popolazione, rispetto alla quale il Comune di Mesagne ha sempre garantito assistenza e supporto. Oggi parliamo di una diffusione del fenomeno a larghissima scala. Il quadro \u00e8 desolante: quotidianamente si moltiplicano gli sfratti per morosit\u00e0, legati all\u2019impossibilit\u00e0 di pagare gli affitti. Moltissimi, a causa della drammatica crisi economica, hanno perso le uniche, minime fonti di reddito. Le richieste di sostegno economico si accumulano sulle scrivanie degli uffici. Cos\u00ec come in Comune sono all\u2019ordine del giorno vere e proprie file di persone che chiedono il bene pi\u00f9 prezioso: un tetto sotto il quale potersi rifugiare, poter portare la propria famiglia, i propri figli. Non \u00e8 raro il caso in cui si tratti di nuclei familiari con parenti disabili e ammalati. Un Sindaco di fronte a tale situazione si trova in uno stato di profonda sofferenza. Mi rendo conto che si tratta di un problema condiviso da molte altre realt\u00e0 a livello regionale. <\/i><\/span><\/p>\n<p align=\"JUSTIFY\"><span style=\"font-size: large;\"><i>Come Comune, in un primo momento, avevamo messo a disposizione un edificio pubblico, nato nel periodo del Giubileo per l\u2019accoglienza dei pellegrini, e che al momento ospita provvisoriamente cinque nuclei familiari in condizione di difficolt\u00e0. Ma non basta. Non basta assolutamente. Le condizioni di disagio si sono triplicate rispetto al passato. Per questo motivo, attraverso apposito bando, abbiamo provveduto alla nuova formazione di una graduatoria per l\u2019assegnazione di alloggi di Edilizia Residenziale Pubblica dello IACP e di altri immobili di propriet\u00e0 comunale. Sono pervenute <\/i><\/span><span style=\"font-size: large;\"><i><span style=\"text-decoration: underline;\">centinaia di istanze a fronte di un massimo di sette abitazioni, di cui diverse da ristrutturare<\/span><\/i><\/span><span style=\"font-size: large;\"><i>. Questo significa che la maggior parte dei richiedenti rester\u00e0 ancora una volta senza una casa, senza un reddito, senza dignit\u00e0 di Cittadino. <\/i><\/span><\/p>\n<p align=\"JUSTIFY\"><span style=\"font-size: large;\"><i>Nel frattempo altri Cittadini (lavoratori licenziati, interi nuclei familiari che ricevono intimazioni di sfratto che diventano, in poco tempo, esecutivi) hanno perso ogni fonte di reddito. <\/i><\/span><\/p>\n<p align=\"JUSTIFY\"><span style=\"font-size: large;\"><i>Quello che Le chiedo \u00e8 una immediata attivazione delle necessarie e, ormai, improrogabili Politiche abitative adeguate alla reale condizione del territorio. Le chiedo anche e soprattutto di valutare la possibilit\u00e0 di un intervento finanziario straordinario che eviti una vera e propria rivolta sociale, o di interessare le opportune sedi istituzionali per bloccare almeno l\u2019esecutivit\u00e0 degli sfratti. Conosciamo il recente provvedimento che ha posticipato di alcuni mesi l\u2019esecutivit\u00e0 degli sfratti, ma purtroppo tale azione \u00e8 insufficiente perch\u00e9 non considera la morosit\u00e0 arretrata. <\/i><\/span><\/p>\n<p align=\"JUSTIFY\"><span style=\"font-size: large;\"><i>Presidente, noi Sindaci ci sentiamo in prima linea su un fronte di guerra senza avere possibilit\u00e0 di difesa alcuna. <\/i><\/span><\/p>\n<p align=\"JUSTIFY\"><span style=\"font-size: large;\"><i>Io comprendo e condivido gli interventi che la Regione ha messo in atto a favore dei giovani e delle imprese, ma in questo momento mi permetta di sottolineare una emergenza sociale che \u00e8 indifferibile. <\/i><\/span><\/p>\n<p align=\"JUSTIFY\"><span style=\"font-size: large;\"><i>Sar\u00e0 nostro gradito ospite qualora volesse toccare personalmente con mano la situazione in cui si trova il Comune di Mesagne, cos\u00ec come credo molte altre citt\u00e0 della regione. <\/i><\/span><\/p>\n<p align=\"JUSTIFY\">\n<p align=\"JUSTIFY\"><span style=\"font-size: large;\"><i>Con stima, La saluto distintamente <\/i><\/span><\/p>\n<p align=\"JUSTIFY\">\n<p align=\"JUSTIFY\">\n<p align=\"RIGHT\"><span style=\"font-size: large;\"><i>Franco Scoditti <\/i><\/span><\/p>\n<p>&nbsp;<\/p>\n<p>&nbsp;<\/p>\n<p>&nbsp;<\/p>\n<p>&nbsp;<\/p>\n<p>&nbsp;<\/p>\n<p>&nbsp;<\/p>\n<p>&nbsp;<\/p>\n<p>&nbsp;<\/p>\n<p>&nbsp;<\/p>\n","protected":false},"excerpt":{"rendered":"<p>Di seguito riportiamo integralmente\u00a0la lettera che il Sindaco di Mesagne Franco Scoditti ha scritto al Presidente della Regione Vendola in merito al problema dell&#8217;edilizia residenziale. Mesagne, 05\/02\/2014 Illustre Presidente, Le scrivo per sottoporre alla sua attenzione e, soprattutto, alla sua sensibilit\u00e0 un problema che comincia a diventare insostenibile. L\u2019emergenza abitativa \u00e8 ormai una emergenza di carattere sociale. Non parliamo pi\u00f9 di una ristretta fascia di popolazione, rispetto alla quale il Comune di Mesagne ha sempre garantito assistenza e supporto. Oggi parliamo di una diffusione del fenomeno a larghissima scala. Il quadro \u00e8 desolante: quotidianamente si moltiplicano gli sfratti per morosit\u00e0, legati all\u2019impossibilit\u00e0 di pagare gli affitti. Moltissimi, a causa della drammatica crisi economica, hanno perso le uniche, minime fonti di reddito. Le richieste di sostegno economico si accumulano sulle scrivanie degli uffici. Cos\u00ec come in Comune sono all\u2019ordine del giorno vere e proprie file di persone che chiedono il bene pi\u00f9 prezioso: un tetto sotto il quale potersi rifugiare, poter portare la propria famiglia, i propri figli. Non \u00e8 raro&#8230;<\/p>\n","protected":false},"author":2,"featured_media":3860,"comment_status":"open","ping_status":"open","sticky":false,"template":"","format":"standard","meta":{"footnotes":""},"categories":[7],"tags":[],"class_list":["post-4043","post","type-post","status-publish","format-standard","has-post-thumbnail","hentry","category-news"],"_links":{"self":[{"href":"https:\/\/www.brundisium.net\/index.php\/wp-json\/wp\/v2\/posts\/4043","targetHints":{"allow":["GET"]}}],"collection":[{"href":"https:\/\/www.brundisium.net\/index.php\/wp-json\/wp\/v2\/posts"}],"about":[{"href":"https:\/\/www.brundisium.net\/index.php\/wp-json\/wp\/v2\/types\/post"}],"author":[{"embeddable":true,"href":"https:\/\/www.brundisium.net\/index.php\/wp-json\/wp\/v2\/users\/2"}],"replies":[{"embeddable":true,"href":"https:\/\/www.brundisium.net\/index.php\/wp-json\/wp\/v2\/comments?post=4043"}],"version-history":[{"count":1,"href":"https:\/\/www.brundisium.net\/index.php\/wp-json\/wp\/v2\/posts\/4043\/revisions"}],"predecessor-version":[{"id":4044,"href":"https:\/\/www.brundisium.net\/index.php\/wp-json\/wp\/v2\/posts\/4043\/revisions\/4044"}],"wp:featuredmedia":[{"embeddable":true,"href":"https:\/\/www.brundisium.net\/index.php\/wp-json\/wp\/v2\/media\/3860"}],"wp:attachment":[{"href":"https:\/\/www.brundisium.net\/index.php\/wp-json\/wp\/v2\/media?parent=4043"}],"wp:term":[{"taxonomy":"category","embeddable":true,"href":"https:\/\/www.brundisium.net\/index.php\/wp-json\/wp\/v2\/categories?post=4043"},{"taxonomy":"post_tag","embeddable":true,"href":"https:\/\/www.brundisium.net\/index.php\/wp-json\/wp\/v2\/tags?post=4043"}],"curies":[{"name":"wp","href":"https:\/\/api.w.org\/{rel}","templated":true}]}}