{"id":4089,"date":"2014-02-06T22:10:42","date_gmt":"2014-02-06T21:10:42","guid":{"rendered":"http:\/\/www.brundisium.net\/brun\/?p=4089"},"modified":"2014-02-07T15:17:38","modified_gmt":"2014-02-07T14:17:38","slug":"giornata-mondiale-del-malato-le-iniziative-dellarcidiocesi-di-brindisi-ostuni","status":"publish","type":"post","link":"https:\/\/www.brundisium.net\/index.php\/giornata-mondiale-del-malato-le-iniziative-dellarcidiocesi-di-brindisi-ostuni\/","title":{"rendered":"Giornata Mondiale del Malato: le iniziative dell&#8217;Arcidiocesi di Brindisi-Ostuni"},"content":{"rendered":"<p>La Chiesa cattolica celebra, nella data dell\u201911 febbraio, la Giornata Mondiale del Malato (G.M.M.) al fine di sensibilizzare e promuovere nelle comunit\u00e0 cristiane, ma anche nella societ\u00e0 civile, una cultura della fraternit\u00e0 e della solidariet\u00e0 che si esprima nell\u2019essere accanto ai malati ed alle persone sofferenti, accompagnandoli nel loro percorso esistenziale e spirituale.<br \/>\nLa G.M.M. venne istituita da Giovanni Paolo II\u00b0 nel 1992. Per l\u2019edizione 2014 il tema scelto \u00e8 co s\u00ec indicato: \u201cEducati dal Vangelo alla cultura del dono\u201d, con l\u2019intento di far prendere coscienza dell\u2019importanza del dono quale atteggiamento di fondo dei credenti capaci di prendersi cura delle persone sofferenti, malate, gravemente disabili, in una societ\u00e0 che tende a \u201cscartare chi \u00e8 fragile, povero, come l\u2019anziano, l\u2019ammalato, il disabile\u201d (Papa Francesco).<\/p>\n<p>In occasione della XXII^ Giornata Mondiale del Malato, che la Chiesa cattolica celebra l\u201911 feb- bario, su iniziativa e coordinamento dell\u2019Ufficio diocesano per la Pastorale della Salute\/Sanit\u00e0, di intesa con le Associazioni che operano nel campo sanitario per quanto riguarda la \u201cdonazione\u201d (ovvero: ADISCO, A.T.O., A.i.D.O., A.V.I.S., C.R.I. sezione Donatori sangue, Fratres) si organizzano, nella citt\u00e0 di Brindisi, i seguenti momenti di formazione e di incontro:<\/p>\n<p>1. Venerd\u00ec 7 febbraio, presso il Teatro della Parrocchia S. Vito martire , alle ore 18.00<br \/>\nsi terr\u00e0 un Convegno dal titolo: \u201cEducati dal Vangelo alla cultura del dono\u201d.<br \/>\nL\u2019incontro verr\u00e0 introdotto dal Vicario foraneo (don Cosimo MACILLETTI) e dal Direttore dell\u2019Uf- ficio diocesano per la Pastorale della Salute\/Sanit\u00e0 (don Piero SUMA), a cui seguiranno gli inter- venti-testimonianze delle Associazioni che operano nel campo della \u201cdonazione\u201d in ambito sani- tario.<br \/>\nLe conclusioni sono affidate all\u2019Arcivescovo di Brindisi-Ostuni. Mons. Domenico CALIANDRO.<\/p>\n<p>2. Sabato 8 febbraio, in mattinata (9.30-12.30) presso la Sala conferenze del \u201cDi Sum- ma\u201d, in collaborazione con il Polo Universitario con sede a Brindisi, si svolger\u00e0 una incontro sul tema della \u201cDonazione sangue del cordono ombelicale\u201d.<\/p>\n<p>3. Domenica 9 Febbraio, nella Cattedrale di Brindisi, alle ore 18.00, l\u2019Arcivescovo pre- sieder\u00e0 la celebrazione eucaristica della XXII^ Giornata Mondiale del Malato, a cui parteciperan no gli iscritti delle Associazioni che, a livello cittadino, sono impegnate nella donazione in cam- po sanitario.<\/p>\n","protected":false},"excerpt":{"rendered":"<p>La Chiesa cattolica celebra, nella data dell\u201911 febbraio, la Giornata Mondiale del Malato (G.M.M.) al fine di sensibilizzare e promuovere nelle comunit\u00e0 cristiane, ma anche nella societ\u00e0 civile, una cultura della fraternit\u00e0 e della solidariet\u00e0 che si esprima nell\u2019essere accanto ai malati ed alle persone sofferenti, accompagnandoli nel loro percorso esistenziale e spirituale. La G.M.M. venne istituita da Giovanni Paolo II\u00b0 nel 1992. Per l\u2019edizione 2014 il tema scelto \u00e8 co s\u00ec indicato: \u201cEducati dal Vangelo alla cultura del dono\u201d, con l\u2019intento di far prendere coscienza dell\u2019importanza del dono quale atteggiamento di fondo dei credenti capaci di prendersi cura delle persone sofferenti, malate, gravemente disabili, in una societ\u00e0 che tende a \u201cscartare chi \u00e8 fragile, povero, come l\u2019anziano, l\u2019ammalato, il disabile\u201d (Papa Francesco). In occasione della XXII^ Giornata Mondiale del Malato, che la Chiesa cattolica celebra l\u201911 feb- bario, su iniziativa e coordinamento dell\u2019Ufficio diocesano per la Pastorale della Salute\/Sanit\u00e0, di intesa con le Associazioni che operano nel campo sanitario per quanto riguarda la \u201cdonazione\u201d (ovvero: ADISCO, A.T.O., A.i.D.O., A.V.I.S.,&#8230;<\/p>\n","protected":false},"author":2,"featured_media":4090,"comment_status":"open","ping_status":"open","sticky":false,"template":"","format":"standard","meta":{"footnotes":""},"categories":[7],"tags":[675,783],"class_list":["post-4089","post","type-post","status-publish","format-standard","has-post-thumbnail","hentry","category-news","tag-diocesi","tag-giornata-mondiale-del-malato"],"_links":{"self":[{"href":"https:\/\/www.brundisium.net\/index.php\/wp-json\/wp\/v2\/posts\/4089","targetHints":{"allow":["GET"]}}],"collection":[{"href":"https:\/\/www.brundisium.net\/index.php\/wp-json\/wp\/v2\/posts"}],"about":[{"href":"https:\/\/www.brundisium.net\/index.php\/wp-json\/wp\/v2\/types\/post"}],"author":[{"embeddable":true,"href":"https:\/\/www.brundisium.net\/index.php\/wp-json\/wp\/v2\/users\/2"}],"replies":[{"embeddable":true,"href":"https:\/\/www.brundisium.net\/index.php\/wp-json\/wp\/v2\/comments?post=4089"}],"version-history":[{"count":1,"href":"https:\/\/www.brundisium.net\/index.php\/wp-json\/wp\/v2\/posts\/4089\/revisions"}],"predecessor-version":[{"id":4091,"href":"https:\/\/www.brundisium.net\/index.php\/wp-json\/wp\/v2\/posts\/4089\/revisions\/4091"}],"wp:featuredmedia":[{"embeddable":true,"href":"https:\/\/www.brundisium.net\/index.php\/wp-json\/wp\/v2\/media\/4090"}],"wp:attachment":[{"href":"https:\/\/www.brundisium.net\/index.php\/wp-json\/wp\/v2\/media?parent=4089"}],"wp:term":[{"taxonomy":"category","embeddable":true,"href":"https:\/\/www.brundisium.net\/index.php\/wp-json\/wp\/v2\/categories?post=4089"},{"taxonomy":"post_tag","embeddable":true,"href":"https:\/\/www.brundisium.net\/index.php\/wp-json\/wp\/v2\/tags?post=4089"}],"curies":[{"name":"wp","href":"https:\/\/api.w.org\/{rel}","templated":true}]}}