{"id":40920,"date":"2015-04-22T22:20:42","date_gmt":"2015-04-22T20:20:42","guid":{"rendered":"http:\/\/www.brundisium.net\/brun\/?p=40920"},"modified":"2015-04-22T18:22:51","modified_gmt":"2015-04-22T16:22:51","slug":"estate-2015-al-via-la-2-edizione-di-librinfaccia","status":"publish","type":"post","link":"https:\/\/www.brundisium.net\/index.php\/estate-2015-al-via-la-2-edizione-di-librinfaccia\/","title":{"rendered":"Estate 2015: al via la 2^ edizione di \u201cLibrinfaccia\u201d"},"content":{"rendered":"<p><a href=\"http:\/\/www.brundisium.net\/brun\/wp-content\/uploads\/2015\/04\/l.jpg\"><img loading=\"lazy\" decoding=\"async\" class=\"  wp-image-40922 alignleft\" src=\"http:\/\/www.brundisium.net\/brun\/wp-content\/uploads\/2015\/04\/l-300x300.jpg\" alt=\"l\" width=\"240\" height=\"240\" srcset=\"https:\/\/www.brundisium.net\/brun\/wp-content\/uploads\/2015\/04\/l-300x300.jpg 300w, https:\/\/www.brundisium.net\/brun\/wp-content\/uploads\/2015\/04\/l-150x150.jpg 150w, https:\/\/www.brundisium.net\/brun\/wp-content\/uploads\/2015\/04\/l-600x600.jpg 600w, https:\/\/www.brundisium.net\/brun\/wp-content\/uploads\/2015\/04\/l-60x60.jpg 60w, https:\/\/www.brundisium.net\/brun\/wp-content\/uploads\/2015\/04\/l-50x50.jpg 50w, https:\/\/www.brundisium.net\/brun\/wp-content\/uploads\/2015\/04\/l-200x200.jpg 200w, https:\/\/www.brundisium.net\/brun\/wp-content\/uploads\/2015\/04\/l.jpg 960w\" sizes=\"auto, (max-width: 240px) 100vw, 240px\" \/><\/a>Dopo il grande successo di pubblico dello scorso anno, anche quest\u2019anno tornano i \u201cLibrinfaccia\u201d, la Kermesse letteraria organizzata nell\u2019estate del 2014 che ha portato ad Ostuni numerosi protagonisti nazionali della vita politica, letteraria e culinaria.<\/p>\n<p>La passata edizione, itinerante e multiforme, ha visto la partecipazione di scrittori, saggisti, storici e chef che hanno consentito di poter attrarre un pubblico vasto ed eterogeneo.<\/p>\n<p>&nbsp;<\/p>\n<p>Uno degli organizzatori, Beppe Moro dell\u2019Associazione \u201cSalviamo il Bianco\u201d, parte da un dato: \u201c<em>La Puglia \u00e8 una regione di non lettori. Quasi tre pugliesi su quattro non hanno mai sfogliato un libro negli ultimi due anni. Eppure \u00e8 terra di straordinarie narrazioni e di scrittori di successo. Librinfaccia rappresenta lo sforzo di fare cultura nel 2015, cercando di attrarre non solo il pubblico cosiddetto \u201ccolto\u201d o \u201dd\u2019\u00e8lite\u201d ma mira, attraverso riflessioni e presentazioni di tematiche interdisciplinari, di stimolare l\u2019interesse di una platea ampia e di tutte l\u2019et\u00e0<\/em>\u201d.<\/p>\n<p>&nbsp;<\/p>\n<p>Lo scorso anno, stando ai numeri, questo tentativo \u00e8 riuscito: il tutto esaurito (si direbbe) per il cooking show di Chef Rubio durante la presentazione del libro scritto a quattro mani con Stefania Ruggieri, ed ancora numerosissimi gli ospiti durante la presentazione del libro di Enrico Deaglio, \u201cIndagine sul Ventennio\u201d, che vide contrapporsi in un acceso confronto il Sindaco di Lecce, Paolo Perrone, e il consigliere regionale Fabiano Amati, incalzati dalle domande di Francesco Gioffredi. Ed ancora, l\u2019autobiografia politica e confessione esistenziale di Claudio Martelli con il suo \u201cRicordati di vivere\u201d per arrivare alla giovane promessa Davide Simeone che, con il suo \u201cRewind\u201d, raccontava la visione di due giovani trentenni di oggi alle prese con se stessi e con il mondo.<\/p>\n<p>&nbsp;<br \/>\nUna rassegna estiva ma che, grazie alla pagina facebook con migliaia di fan riesce a &#8220;destagionalizzare&#8221; e, attraverso il live delle iniziativa, ad essere seguita anche da casa. Il Calendario \u00e8 quasi ultimato e gi\u00e0 nelle prossime settimane verr\u00e0 presentato. Quanto alla sostenibilit\u00e0 economica dell\u2019iniziativa, Carlo Saponaro spiega che \u201cla prima edizione \u00e8 stata possibile grazie agli sponsor che non ci hanno fatto mancare il loro sostegno.<\/p>\n<p>Quest\u2019anno sar\u00e0 pi\u00f9 onerosa ma, crediamo, anche in assenza di contributi pubblici, di garantire un\u2019edizione ancora pi\u00f9 accattivante ed emozionante\u201d<\/p>\n<p>&nbsp;<\/p>\n<p><strong>UFF. STAMPA \u00a0\u201cLIBRINFACCIA \u2013 CULTURE CONDIVISE\u201d<\/strong><br \/>\n<strong> SEZIONE CULTURA ASSOCIAZIONE \u201cSALVIAMO IL BIANCO\u201d<\/strong><\/p>\n","protected":false},"excerpt":{"rendered":"<p>Dopo il grande successo di pubblico dello scorso anno, anche quest\u2019anno tornano i \u201cLibrinfaccia\u201d, la Kermesse letteraria organizzata nell\u2019estate del 2014 che ha portato ad Ostuni numerosi protagonisti nazionali della vita politica, letteraria e culinaria. La passata edizione, itinerante e multiforme, ha visto la partecipazione di scrittori, saggisti, storici e chef che hanno consentito di poter attrarre un pubblico vasto ed eterogeneo. &nbsp; Uno degli organizzatori, Beppe Moro dell\u2019Associazione \u201cSalviamo il Bianco\u201d, parte da un dato: \u201cLa Puglia \u00e8 una regione di non lettori. Quasi tre pugliesi su quattro non hanno mai sfogliato un libro negli ultimi due anni. Eppure \u00e8 terra di straordinarie narrazioni e di scrittori di successo. Librinfaccia rappresenta lo sforzo di fare cultura nel 2015, cercando di attrarre non solo il pubblico cosiddetto \u201ccolto\u201d o \u201dd\u2019\u00e8lite\u201d ma mira, attraverso riflessioni e presentazioni di tematiche interdisciplinari, di stimolare l\u2019interesse di una platea ampia e di tutte l\u2019et\u00e0\u201d. &nbsp; Lo scorso anno, stando ai numeri, questo tentativo \u00e8 riuscito: il tutto esaurito (si direbbe) per il cooking show&#8230;<\/p>\n","protected":false},"author":2,"featured_media":40921,"comment_status":"open","ping_status":"closed","sticky":false,"template":"","format":"standard","meta":{"footnotes":""},"categories":[224,7],"tags":[],"class_list":["post-40920","post","type-post","status-publish","format-standard","has-post-thumbnail","hentry","category-libri","category-news"],"_links":{"self":[{"href":"https:\/\/www.brundisium.net\/index.php\/wp-json\/wp\/v2\/posts\/40920","targetHints":{"allow":["GET"]}}],"collection":[{"href":"https:\/\/www.brundisium.net\/index.php\/wp-json\/wp\/v2\/posts"}],"about":[{"href":"https:\/\/www.brundisium.net\/index.php\/wp-json\/wp\/v2\/types\/post"}],"author":[{"embeddable":true,"href":"https:\/\/www.brundisium.net\/index.php\/wp-json\/wp\/v2\/users\/2"}],"replies":[{"embeddable":true,"href":"https:\/\/www.brundisium.net\/index.php\/wp-json\/wp\/v2\/comments?post=40920"}],"version-history":[{"count":1,"href":"https:\/\/www.brundisium.net\/index.php\/wp-json\/wp\/v2\/posts\/40920\/revisions"}],"predecessor-version":[{"id":40923,"href":"https:\/\/www.brundisium.net\/index.php\/wp-json\/wp\/v2\/posts\/40920\/revisions\/40923"}],"wp:featuredmedia":[{"embeddable":true,"href":"https:\/\/www.brundisium.net\/index.php\/wp-json\/wp\/v2\/media\/40921"}],"wp:attachment":[{"href":"https:\/\/www.brundisium.net\/index.php\/wp-json\/wp\/v2\/media?parent=40920"}],"wp:term":[{"taxonomy":"category","embeddable":true,"href":"https:\/\/www.brundisium.net\/index.php\/wp-json\/wp\/v2\/categories?post=40920"},{"taxonomy":"post_tag","embeddable":true,"href":"https:\/\/www.brundisium.net\/index.php\/wp-json\/wp\/v2\/tags?post=40920"}],"curies":[{"name":"wp","href":"https:\/\/api.w.org\/{rel}","templated":true}]}}