{"id":41854,"date":"2015-05-04T16:22:31","date_gmt":"2015-05-04T14:22:31","guid":{"rendered":"http:\/\/www.brundisium.net\/brun\/?p=41854"},"modified":"2015-05-04T17:48:59","modified_gmt":"2015-05-04T15:48:59","slug":"al-via-le-iscrizioni-al-concorso-fotografico-tonio-rella","status":"publish","type":"post","link":"https:\/\/www.brundisium.net\/index.php\/al-via-le-iscrizioni-al-concorso-fotografico-tonio-rella\/","title":{"rendered":"Al via le iscrizioni al concorso fotografico \u201cTonio Rella\u201d"},"content":{"rendered":"<p>Al via le iscrizioni al concorso fotografico <strong>\u201cTonio Rella\u201d \u2013 Memoria visiva e luoghi dell\u2019immaginario<\/strong>, una call aperta organizzata dalla cooperativa sociale \u201c<strong>Il Girasole onlus<\/strong>\u201d rivolta a tutti coloro che vogliano raccontare fotograficamente il territorio brindisino conosciuto come la <strong>Terra dei Messapi<\/strong> che comprende San Pietro Vernotico, Cellino San Marco, Torchiarolo, San Donaci, Latiano, Francavilla Fontana e Mesagne. Il tema di questa prima edizione del concorso sono i luoghi e i paesaggi rurali, tra poesia e memoria. I partecipanti sono invitati a <strong>inviare le proprie opere in formato digitale (jpeg) entro il 30 maggio 2015 all\u2019indirizzo comunicazione@ilgirasoleonlus.it<\/strong>.<\/p>\n<p>&nbsp;<\/p>\n<p>La giuria composta dalla famiglia di Tonio Rella con la guida del figlio Simone Rella, rinomato fotografo brindisino, selezioner\u00e0 <strong>10 tra gli scatti pi\u00f9 significativi<\/strong> per raccontare il territorio che saranno esposti nel mese di giugno a San Pietro Vernotico nell\u2019ambito di una giornata di approfondimento e riflessione dedicata alla figura ancora poco conosciuta di Tonio Rella e alla sua fotografia.<\/p>\n<p>&nbsp;<\/p>\n<p>Il concorso si inserisce in un percorso pi\u00f9 ampio del progetto \u201c<strong>Officine della memoria<\/strong>\u201d nato con un duplice obiettivo: promuovere la pratica fotografica quale strumento di conoscenza della realt\u00e0 e di costruzione della memoria personale e collettiva e valorizzare la figura di Tonio Rella, storico fotografo sanpietrano scomparso prematuramente 26 anni fa.<\/p>\n<p><strong>\u00a0<\/strong><\/p>\n<p><strong>Antonio Rella<\/strong>, nasce a San Pietro Vernotico (Br) nel 1954.<\/p>\n<p>Scopre la passione per la fotografia a diciassette anni a Milano, nel bagno dell&#8217;appartamento del cognato, Pino De Giuseppe, il quale aveva creato in quell&#8217;insolito ambiente, una camera oscura artigianale dove sviluppava le sue fotografie. Tonio ne \u00e8 completamente affascinato e comincia ad acquistare avidamente libri di fotografia e manuali di tecnica fotografica. Compie le prime esperienze professionali nello studio fotografico di Mimino Leone, prima a San Pietro e poi a Torchiarolo. Poi, il grande salto: apre uno studio fotografico in Via Stazione a San Pietro Vernotico. La sua attivit\u00e0 fotografica riceveva apprezzamenti unanimi e la sua considerazione professionale trova conferme nella collaborazione con Enti pubblici, dal Comune, all&#8217;Ospedale; al \u201cNinetto Melli\u201d di San Pietro Vernotico, mette la sua esperienza a disposizione del reparto di Ginecologia ed Ostetricia, nell&#8217;ambito della statistica sui feti malformati. Collabora con diversi pittori locali, Oronzo Consalvo, Nicola Refolo, Mino Agrimi. Tonio \u00e8 un generoso, non \u00e8 geloso del suo sapere, \u00e8 prodigo di consigli, la sua abilit\u00e0 fotografica \u00e8 a disposizione di chi vuole apprendere il mestiere.<\/p>\n<p>&nbsp;<\/p>\n<p>Il 24 Aprile 1989 scompare prematuramente a causa di un male.<\/p>\n<p>La sua arte continua con Fabrizio De Giuseppe, il figlio secondogenito di sua sorella Edelvais, che fin da piccolo compie un apprendistato significativo nello studio di Tonio ed oggi \u00e8 uno stimato regista e produttore a Milano. Il figlio primogenito di Tonio, Simone, eredita il genio e l&#8217;estro fotografico paterno.<\/p>\n<p>Oggi Simone gestisce un proprio studio fotografico -ISO 100 Studio- nella citt\u00e0 di Brindisi.<\/p>\n<p>&nbsp;<\/p>\n<p><strong>Per info:<\/strong><\/p>\n<p>coop.ilgirasole@gmail.com<\/p>\n<p>0831.655492<\/p>\n<p>&nbsp;<\/p>\n<p><strong>Ufficio stampa \u201cIl Girasole onlus\u201d<\/strong><\/p>\n","protected":false},"excerpt":{"rendered":"<p>Al via le iscrizioni al concorso fotografico \u201cTonio Rella\u201d \u2013 Memoria visiva e luoghi dell\u2019immaginario, una call aperta organizzata dalla cooperativa sociale \u201cIl Girasole onlus\u201d rivolta a tutti coloro che vogliano raccontare fotograficamente il territorio brindisino conosciuto come la Terra dei Messapi che comprende San Pietro Vernotico, Cellino San Marco, Torchiarolo, San Donaci, Latiano, Francavilla Fontana e Mesagne. Il tema di questa prima edizione del concorso sono i luoghi e i paesaggi rurali, tra poesia e memoria. I partecipanti sono invitati a inviare le proprie opere in formato digitale (jpeg) entro il 30 maggio 2015 all\u2019indirizzo comunicazione@ilgirasoleonlus.it. &nbsp; La giuria composta dalla famiglia di Tonio Rella con la guida del figlio Simone Rella, rinomato fotografo brindisino, selezioner\u00e0 10 tra gli scatti pi\u00f9 significativi per raccontare il territorio che saranno esposti nel mese di giugno a San Pietro Vernotico nell\u2019ambito di una giornata di approfondimento e riflessione dedicata alla figura ancora poco conosciuta di Tonio Rella e alla sua fotografia. &nbsp; Il concorso si inserisce in un percorso pi\u00f9 ampio del&#8230;<\/p>\n","protected":false},"author":2,"featured_media":41857,"comment_status":"open","ping_status":"closed","sticky":false,"template":"","format":"standard","meta":{"footnotes":""},"categories":[198,7,389],"tags":[],"class_list":["post-41854","post","type-post","status-publish","format-standard","has-post-thumbnail","hentry","category-cultura-2","category-news","category-territorio"],"_links":{"self":[{"href":"https:\/\/www.brundisium.net\/index.php\/wp-json\/wp\/v2\/posts\/41854","targetHints":{"allow":["GET"]}}],"collection":[{"href":"https:\/\/www.brundisium.net\/index.php\/wp-json\/wp\/v2\/posts"}],"about":[{"href":"https:\/\/www.brundisium.net\/index.php\/wp-json\/wp\/v2\/types\/post"}],"author":[{"embeddable":true,"href":"https:\/\/www.brundisium.net\/index.php\/wp-json\/wp\/v2\/users\/2"}],"replies":[{"embeddable":true,"href":"https:\/\/www.brundisium.net\/index.php\/wp-json\/wp\/v2\/comments?post=41854"}],"version-history":[{"count":2,"href":"https:\/\/www.brundisium.net\/index.php\/wp-json\/wp\/v2\/posts\/41854\/revisions"}],"predecessor-version":[{"id":41859,"href":"https:\/\/www.brundisium.net\/index.php\/wp-json\/wp\/v2\/posts\/41854\/revisions\/41859"}],"wp:featuredmedia":[{"embeddable":true,"href":"https:\/\/www.brundisium.net\/index.php\/wp-json\/wp\/v2\/media\/41857"}],"wp:attachment":[{"href":"https:\/\/www.brundisium.net\/index.php\/wp-json\/wp\/v2\/media?parent=41854"}],"wp:term":[{"taxonomy":"category","embeddable":true,"href":"https:\/\/www.brundisium.net\/index.php\/wp-json\/wp\/v2\/categories?post=41854"},{"taxonomy":"post_tag","embeddable":true,"href":"https:\/\/www.brundisium.net\/index.php\/wp-json\/wp\/v2\/tags?post=41854"}],"curies":[{"name":"wp","href":"https:\/\/api.w.org\/{rel}","templated":true}]}}