{"id":42448,"date":"2015-05-12T20:53:41","date_gmt":"2015-05-12T18:53:41","guid":{"rendered":"http:\/\/www.brundisium.net\/brun\/?p=42448"},"modified":"2015-05-16T00:57:30","modified_gmt":"2015-05-15T22:57:30","slug":"buon-vento-brindisi-corfu-presentata-ledizione-del-trentennale","status":"publish","type":"post","link":"https:\/\/www.brundisium.net\/index.php\/buon-vento-brindisi-corfu-presentata-ledizione-del-trentennale\/","title":{"rendered":"Buon vento Brindisi-Corf\u00f9: presentata l&#8217;edizione del trentennale"},"content":{"rendered":"<p><a href=\"http:\/\/www.brundisium.net\/brun\/wp-content\/uploads\/2015\/05\/xxx-br-corfu-presentazione.jpg\"><img loading=\"lazy\" decoding=\"async\" class=\"alignright size-medium wp-image-42452\" src=\"http:\/\/www.brundisium.net\/brun\/wp-content\/uploads\/2015\/05\/xxx-br-corfu-presentazione-300x225.jpg\" alt=\"xxx br corfu presentazione\" width=\"300\" height=\"225\" srcset=\"https:\/\/www.brundisium.net\/brun\/wp-content\/uploads\/2015\/05\/xxx-br-corfu-presentazione-300x225.jpg 300w, https:\/\/www.brundisium.net\/brun\/wp-content\/uploads\/2015\/05\/xxx-br-corfu-presentazione.jpg 960w\" sizes=\"auto, (max-width: 300px) 100vw, 300px\" \/><\/a>Presentazione con i fiocchi per la Brindisi-Corf\u00f9 2015.<\/p>\n<p>E non poteva essere altrimenti perch\u00e9 si tratta della XXX edizione,\u00a0un traguardo importante per la Regata internazionale di vela d\u2019altura organizzata dal Circolo della Vela Brindisi.<\/p>\n<div>\n<p>A fare gli onori di casa presso il Porticciolo turistico Marina di Brindisi,\u00a0\u00e8 stati\u00a0il Presidente\u00a0Teo Titi che ha elencato la tante le novit\u00e0 del trentennale, a partire dal nuovo percorso che prevede una &#8220;porta&#8221; al largo di Otranto.<\/p>\n<p>Assieme a Titi, c&#8217;erano Mimmo Consales, Sindaco di Brindisi, l\u2019avvocato Arcadio, rappresentante l\u2019Ente portuale, Alberto Lategola, presidente dell\u2019Ottava Zona della Federazione italiana vela\u00a0e Nicola Cainazzo, presidente provinciale del Coni.<\/p>\n<p>&nbsp;<\/p>\n<p><a href=\"http:\/\/www.brundisium.net\/brun\/wp-content\/uploads\/2015\/05\/teo-titi.jpg\"><img loading=\"lazy\" decoding=\"async\" class=\" size-medium wp-image-42450 alignleft\" src=\"http:\/\/www.brundisium.net\/brun\/wp-content\/uploads\/2015\/05\/teo-titi-300x225.jpg\" alt=\"teo titi\" width=\"300\" height=\"225\" srcset=\"https:\/\/www.brundisium.net\/brun\/wp-content\/uploads\/2015\/05\/teo-titi-300x225.jpg 300w, https:\/\/www.brundisium.net\/brun\/wp-content\/uploads\/2015\/05\/teo-titi.jpg 960w\" sizes=\"auto, (max-width: 300px) 100vw, 300px\" \/><\/a>\u201cE&#8217; un\u00a0vero orgoglio avervi qui\u00a0e festeggiare con voi una manifestazioni nata tra pochi intimi amici e cresciuta negli anni&#8221;.<\/p>\n<div>\n<p>&#8220;La Brindisi Corf\u00f9\u00a0&#8211; ha proseguito Titi &#8211; diventa ogni anno sempre pi\u00f9 importante. E&#8217;\u00a0un must della stagione estiva locale brindisina perch\u00e9 coniuga\u00a0l\u2019aspetto sportivo alla promozione turistica del territorio e coinvolge tutti i cittadini\u201d.<\/p>\n<p>&nbsp;<\/p>\n<p>Poi il presidente del CdV\u00a0ha\u00a0scoperto\u00a0il programma:\u00a0 \u201cLa partenza \u00e8 prevista per il 10 giugno, dalla diga di Punta Riso e anche quest\u2019anno le imbarcazioni sosteranno sul lungomare Regina Magherita. Il percorso sar\u00e0 pi\u00f9 lungo rispetto alle precedenti edizioni, perch\u00e9 il nuovo tracciato prevede il passaggio a una boa posizionata al largo delle coste salentine, di fronte al porto di Otranto. Un esperimento nato lo scorso anno con il giro di boa per i max al largo di Tricase, quest\u2019anno riguarder\u00e0 tutti gli equipaggi\u201d.<br \/>\n&#8220;Altra novit\u00e0 di spicco \u00e8 che il nostro partner greco sar\u00e0 il Marina Gouvia Sailing club. Titi ha infine elencato gli sponsor che garantiscono alla prestigiosa manifestazione di portare in alto il nome di Brindisi tra le capitali della vela italiana: Banca popolare pugliese, Tenute Rubino, Enel e Tap.<\/p>\n<p>&nbsp;<\/p>\n<p>L&#8217;appuntamento per la cittadinanza \u00e8, quindi, per il 10 Giugno, dalle 11.00, lungo la diga di Punta Riso.<\/p>\n<p>Sar\u00e0 il solito &#8211; eccezionale &#8211; spettacolo di vele spiegate\u00a0con lo splendido scenario\u00a0del Castello di Forte a Mare.<br \/>\nPrevisto uno shuttle al porticciolo turistico Marina di Brindisi, dove si potr\u00e0 lasciare l\u2019auto. Si parte alle 13.oo.<\/p>\n<p>&nbsp;<\/p>\n<\/div>\n<p><a href=\"http:\/\/www.brundisium.net\/brun\/wp-content\/uploads\/2015\/05\/georgevich-consales.jpg\"><img loading=\"lazy\" decoding=\"async\" class=\"alignright size-medium wp-image-42449\" src=\"http:\/\/www.brundisium.net\/brun\/wp-content\/uploads\/2015\/05\/georgevich-consales-300x225.jpg\" alt=\"georgevich consales\" width=\"300\" height=\"225\" srcset=\"https:\/\/www.brundisium.net\/brun\/wp-content\/uploads\/2015\/05\/georgevich-consales-300x225.jpg 300w, https:\/\/www.brundisium.net\/brun\/wp-content\/uploads\/2015\/05\/georgevich-consales.jpg 960w\" sizes=\"auto, (max-width: 300px) 100vw, 300px\" \/><\/a>La\u00a0Brindisi-Corf\u00f9 \u00e8 solo l&#8217;iceberg di tanti eventi correlati a partire dal 6 giugno fino al giorno della partenza. \u201cIl Negramaro Wine Festival sar\u00e0 organizzato in concomitanza con la Regata Brindisi-Corf\u00f9, in modo da allietare gli equipaggi in citt\u00e0 dai giorni precedenti alla partenza. Anche Assonautica Italiana ha in programma degli eventi interessanti e avr\u00e0 un\u2019imbarcazione che promuover\u00e0 prodotti locali. Mentre, come sempre la consueta premiazione dei vincitori si terr\u00e0 al Marina di Gouvia alle 19 del 12 giugno\u201d ha concluso Titi.<br \/>\nPer finire una conferma (le imbarcazioni potranno essere seguite durante la navigazione attraverso il servizio satellitare tracking on-line) ed una graditissima novit\u00e0: il 22 maggio sar\u00e0 presentato presso la Casa del Turista il libro scritto da Livio Georgevich,\u00a0storico presidente del Circolo della Vela Brindisi. Con il giornalista Mino Taveri, Georgevich svela tutti i retroscena dei trent\u2019anni di quella che si potrebbe quasi definire una sua creatura.<\/p>\n<p>&nbsp;<\/p>\n<p>Il\u00a0Sindaco Consales ha esordito spiegando il suo legame con la manifestazione (&#8220;\u00e8\u00a0la 25^ o la 26^ edizione che seguo&#8221;) ed ha continuando sottolineando che il\u00a0trentennale della Brindisi-Corf\u00f9\u00a0rappresenta un\u00a0grande risultato per il territorio. Ancora una volta\u00a0Brindisi offre\u00a0dimostrazione di grande capacit\u00e0 organizzativa, come gi\u00e0 avvenuto in occasione della Fed Cup, del mondiale di motonautica e, come sar\u00e0 fatto nel caso in cui saremo chiamati ad ospitare la Davis Cup&#8221;. Per quest&#8217;anno &#8211; ha aggiunto Consales &#8211; abbiamo previsto una serie di importanti fuochi pirotecnici per accogliere al meglio il traguardo del trentennale.<\/p>\n<p>&nbsp;<br \/>\nDi seguito lo speciale di oltre 40 minuti, realizzato da Agenda Brindisi, con la registrazione integrale della presentazione e le interviste realizzate con Teo Titi, Livio Georgevich, Mimmo Consales, Angelo Di Giovine e Nicola Cainazzo.<\/p>\n<p>&nbsp;<\/p>\n<p><iframe loading=\"lazy\" width=\"560\" height=\"315\" src=\"https:\/\/www.youtube.com\/embed\/HHiVKgXFe1I\" frameborder=\"0\" allowfullscreen><\/iframe>\n<\/div>\n","protected":false},"excerpt":{"rendered":"<p>Presentazione con i fiocchi per la Brindisi-Corf\u00f9 2015. E non poteva essere altrimenti perch\u00e9 si tratta della XXX edizione,\u00a0un traguardo importante per la Regata internazionale di vela d\u2019altura organizzata dal Circolo della Vela Brindisi. A fare gli onori di casa presso il Porticciolo turistico Marina di Brindisi,\u00a0\u00e8 stati\u00a0il Presidente\u00a0Teo Titi che ha elencato la tante le novit\u00e0 del trentennale, a partire dal nuovo percorso che prevede una &#8220;porta&#8221; al largo di Otranto. Assieme a Titi, c&#8217;erano Mimmo Consales, Sindaco di Brindisi, l\u2019avvocato Arcadio, rappresentante l\u2019Ente portuale, Alberto Lategola, presidente dell\u2019Ottava Zona della Federazione italiana vela\u00a0e Nicola Cainazzo, presidente provinciale del Coni. &nbsp; \u201cE&#8217; un\u00a0vero orgoglio avervi qui\u00a0e festeggiare con voi una manifestazioni nata tra pochi intimi amici e cresciuta negli anni&#8221;. &#8220;La Brindisi Corf\u00f9\u00a0&#8211; ha proseguito Titi &#8211; diventa ogni anno sempre pi\u00f9 importante. E&#8217;\u00a0un must della stagione estiva locale brindisina perch\u00e9 coniuga\u00a0l\u2019aspetto sportivo alla promozione turistica del territorio e coinvolge tutti i cittadini\u201d. &nbsp; Poi il presidente del CdV\u00a0ha\u00a0scoperto\u00a0il programma:\u00a0 \u201cLa partenza \u00e8 prevista per il 10 giugno, dalla&#8230;<\/p>\n","protected":false},"author":2,"featured_media":42451,"comment_status":"open","ping_status":"closed","sticky":false,"template":"","format":"standard","meta":{"footnotes":""},"categories":[7,1232],"tags":[],"class_list":["post-42448","post","type-post","status-publish","format-standard","has-post-thumbnail","hentry","category-news","category-vela"],"_links":{"self":[{"href":"https:\/\/www.brundisium.net\/index.php\/wp-json\/wp\/v2\/posts\/42448","targetHints":{"allow":["GET"]}}],"collection":[{"href":"https:\/\/www.brundisium.net\/index.php\/wp-json\/wp\/v2\/posts"}],"about":[{"href":"https:\/\/www.brundisium.net\/index.php\/wp-json\/wp\/v2\/types\/post"}],"author":[{"embeddable":true,"href":"https:\/\/www.brundisium.net\/index.php\/wp-json\/wp\/v2\/users\/2"}],"replies":[{"embeddable":true,"href":"https:\/\/www.brundisium.net\/index.php\/wp-json\/wp\/v2\/comments?post=42448"}],"version-history":[{"count":4,"href":"https:\/\/www.brundisium.net\/index.php\/wp-json\/wp\/v2\/posts\/42448\/revisions"}],"predecessor-version":[{"id":42466,"href":"https:\/\/www.brundisium.net\/index.php\/wp-json\/wp\/v2\/posts\/42448\/revisions\/42466"}],"wp:featuredmedia":[{"embeddable":true,"href":"https:\/\/www.brundisium.net\/index.php\/wp-json\/wp\/v2\/media\/42451"}],"wp:attachment":[{"href":"https:\/\/www.brundisium.net\/index.php\/wp-json\/wp\/v2\/media?parent=42448"}],"wp:term":[{"taxonomy":"category","embeddable":true,"href":"https:\/\/www.brundisium.net\/index.php\/wp-json\/wp\/v2\/categories?post=42448"},{"taxonomy":"post_tag","embeddable":true,"href":"https:\/\/www.brundisium.net\/index.php\/wp-json\/wp\/v2\/tags?post=42448"}],"curies":[{"name":"wp","href":"https:\/\/api.w.org\/{rel}","templated":true}]}}