{"id":4558,"date":"2014-02-11T10:45:18","date_gmt":"2014-02-11T09:45:18","guid":{"rendered":"http:\/\/www.brundisium.net\/brun\/?p=4558"},"modified":"2014-02-11T23:34:35","modified_gmt":"2014-02-11T22:34:35","slug":"magno-legambiente-il-comune-partecipi-al-bando-city-climate-leadership-awards","status":"publish","type":"post","link":"https:\/\/www.brundisium.net\/index.php\/magno-legambiente-il-comune-partecipi-al-bando-city-climate-leadership-awards\/","title":{"rendered":"Magno (Legambiente): &#8220;Il Comune partecipi al Bando City Climate Leadership Awards&#8221;"},"content":{"rendered":"<p>E\u2019 stucchevole continuare a leggere interventi di consulenti di Confindustria che hanno un solo obbiettivo: considerare gli ambientalisti quali \u201creprobi\u201d, maledetti da Dio e non fare un minimo di autocritica.<br \/>\nTutte le critiche possono essere accettate, anche se discusse, ma attribuire ogni colpa a chi fa \u201cservizio\u201d non contro questa o quella azienda industriale ed ancor meno contro i lavoratori, quanto solo ed esclusivamente a favore della difesa del territorio, risulta inaccettabile.<br \/>\nAncor pi\u00f9 sono inaccettabili le critiche nel momento in cui il volontariato, il servizio, la salvaguardia dei diritti e del territorio, sono addirittura considerati come una \u201cderiva di estremismo\u201d.<br \/>\nCome Legambiente, avremmo anche accettato di discutere in merito alle critiche avanzate, ma di fronte ad evidenti \u201cchiusure mentali\u201d, rifiutiamo qualsiasi tipo di confronto, continuando nell\u2019azione di proposta che da tempo ci vede impegnati.<br \/>\nCon tale spirito e nella oggettivit\u00e0 che riteniamo ci caratterizza, vi \u00e8 apprezzamento all\u2019iniziativa di ENEL e Comune di Brindisi in merito all\u2019installazione di otto centraline di ricarica per la mobilit\u00e0 elettrica; \u00e8 solo un primo passo ma \u00e8 significativo in quanto vede una grande azienda multinazionale, come ENEL, spingere verso quegli obiettivi di \u201csmart city\u201d che sono del tutto raggiungibili anche nella nostra citt\u00e0, a vocazione industriale.<br \/>\nCerto ricariche a 3 e 20 Kw sono ben poca cosa rispetto alla proiezione, ormai decennale, di avere la ricarica della macchina nel tempo di un caff\u00e8 e con erogatori a 100 Kw ed ancor pi\u00f9 a 150 Kw, soglia che permetterebbe ad auto elettriche di eliminare ogni differenza con quelle a motore a scoppio.<br \/>\nSiamo speranzosi che ENEL possa incrementare e migliorare questo rapporto collaborativo con la citt\u00e0, come si intravede nell\u2019ultimo periodo.<br \/>\nSiamo convinti, pur restando fedeli ai nostri principi, che, nel complesso ed a prescindere dai danni ambientali creati a causa di una palese sudditanza della vecchia classe politica allo strapotere della grande industria, che la proiezione futura della situazione \u201cambientale\u201d possa migliorare.<br \/>\nOggi si evidenziano elementi tali da proporre al comune di Brindisi la partecipazione alla nuova edizione (seconda) dei \u201cCity Climate Leadership Awards\u201d, concorso aperto alle citt\u00e0 di tutto il mondo che si sono distinte per l\u2019impegno nell\u2019affrontare i rischi posti dal cambiamento climatico e per la sostenibilit\u00e0 urbana.<br \/>\nGli obiettivi che Siemens e C40 Cities Climate Leadership Group (C40) si propongono per l\u2019edizione 2014 sono quelli di riconoscere i progetti innovativi e di forte impatto sull\u2019ambiente, e scoprire i \u201ccampioni nascosti\u201d, ovvero i progetti urbani che hanno ottenuto risultati significativi, nonostante le limitazioni di carattere finanziario o difficili condizioni economiche.<br \/>\nFra le 10 categorie previste per gli \u201cAwards\u201d, ci permettiamo di suggerirne due, motivandole:<br \/>\n1. Carbon Measurement &amp; Planning: attraverso la quale dimostrare come la riduzione dei gas serra pu\u00f2 avere un ruolo importante nella pianificazione delle strategie di sostenibilit\u00e0 della citt\u00e0. Anche in questo, fatta salva la sua rilevante \u201cimpronta\u201d, pu\u00f2 avere un ruolo importante l\u2019ENEL che ha attivato il primo impianto in Europa di cattura della CO2, sta realizzando interventi importanti sul miglioramento della qualit\u00e0 delle matrici ambientali (cristallizzatore, copertura del parco carbone, filtri a manica, abbattimento del cloro, ecc.). La \u201ccontabilit\u00e0\u201d del carbonio va legata anche alla chiusura di Brindisi Nord, all\u2019ampliamento dell\u2019area a traffico interdetto (lungomare), alla creazione dei due nuovi parchi, alle stesse centraline di ricarica, ecc. In definitiva vi \u00e8 molto materiale sul quale lavorare, quantizzare e candidare.<br \/>\n2. Solid Waste Management: la gestione dei rifiuti solidi \u00e8, finalmente ed a distanza di oltre due lustri, giunta alla fase di \u201cchiusura del ciclo\u201d; ci\u00f2 grazie ad una serie di impianti di propriet\u00e0 pubblica che, congiuntamente ad una raccolta differenziata che raggiunge livelli soddisfacenti (oltre il 60% fra recupero e smaltimento) e con biostabilizzazione e produzione di CSS, destina in discarica ben poca cosa. Ulteriori integrazioni agli impianti permetteranno di raggiungere, in breve tempo, l\u2019obiettivo di \u201cdiscarica zero\u201d, cosa molto prossima alla concezione di \u201crifiuto zero\u201d, con recupero, riciclo e riutilizzo, a freddo.<\/p>\n<p>&nbsp;<\/p>\n<p>In definitiva, un invito al Comune a partecipare al bando, la cui scadenza \u00e8 per il 31 di marzo, ad osare, ad evidenziare gli aspetti positivi che pure si riscontrano in campo ambientale ed ad rendere partecipi del miglioramento ambientale, tutte quelle grandi aziende che manifestano segnali positivi di sensibilit\u00e0 verso questo territorio; segnali sempre auspicati e che, evidente-mente, vengono stimolati dalle norme comunitarie e nazionali (AIA, VIA, ecc.) che permettono lo svincolo dai lacci e lacciuoli della politica che nulla ha, invece, lasciato alla crescita sociale ed alla tutela ambientale della citt\u00e0.<\/p>\n<p>E\u2019 possibile invertire la rotta con seriet\u00e0, impegno, senza preconcetti e sempre con la distinzione dei ruoli che, non necessariamente, devono essere contrapposti se si hanno obiettivi comuni di crescita e di salvaguardia ambientale.<\/p>\n<p>Prof Francesco Magno<br \/>\nDirettivo di Legambiente Brindisi<\/p>\n","protected":false},"excerpt":{"rendered":"<p>E\u2019 stucchevole continuare a leggere interventi di consulenti di Confindustria che hanno un solo obbiettivo: considerare gli ambientalisti quali \u201creprobi\u201d, maledetti da Dio e non fare un minimo di autocritica. Tutte le critiche possono essere accettate, anche se discusse, ma attribuire ogni colpa a chi fa \u201cservizio\u201d non contro questa o quella azienda industriale ed ancor meno contro i lavoratori, quanto solo ed esclusivamente a favore della difesa del territorio, risulta inaccettabile. Ancor pi\u00f9 sono inaccettabili le critiche nel momento in cui il volontariato, il servizio, la salvaguardia dei diritti e del territorio, sono addirittura considerati come una \u201cderiva di estremismo\u201d. Come Legambiente, avremmo anche accettato di discutere in merito alle critiche avanzate, ma di fronte ad evidenti \u201cchiusure mentali\u201d, rifiutiamo qualsiasi tipo di confronto, continuando nell\u2019azione di proposta che da tempo ci vede impegnati. Con tale spirito e nella oggettivit\u00e0 che riteniamo ci caratterizza, vi \u00e8 apprezzamento all\u2019iniziativa di ENEL e Comune di Brindisi in merito all\u2019installazione di otto centraline di ricarica per la mobilit\u00e0 elettrica; \u00e8 solo un&#8230;<\/p>\n","protected":false},"author":2,"featured_media":2702,"comment_status":"open","ping_status":"open","sticky":false,"template":"","format":"standard","meta":{"footnotes":""},"categories":[7],"tags":[857,33,856],"class_list":["post-4558","post","type-post","status-publish","format-standard","has-post-thumbnail","hentry","category-news","tag-bandi","tag-brindisi","tag-francesco-magno"],"_links":{"self":[{"href":"https:\/\/www.brundisium.net\/index.php\/wp-json\/wp\/v2\/posts\/4558","targetHints":{"allow":["GET"]}}],"collection":[{"href":"https:\/\/www.brundisium.net\/index.php\/wp-json\/wp\/v2\/posts"}],"about":[{"href":"https:\/\/www.brundisium.net\/index.php\/wp-json\/wp\/v2\/types\/post"}],"author":[{"embeddable":true,"href":"https:\/\/www.brundisium.net\/index.php\/wp-json\/wp\/v2\/users\/2"}],"replies":[{"embeddable":true,"href":"https:\/\/www.brundisium.net\/index.php\/wp-json\/wp\/v2\/comments?post=4558"}],"version-history":[{"count":1,"href":"https:\/\/www.brundisium.net\/index.php\/wp-json\/wp\/v2\/posts\/4558\/revisions"}],"predecessor-version":[{"id":4559,"href":"https:\/\/www.brundisium.net\/index.php\/wp-json\/wp\/v2\/posts\/4558\/revisions\/4559"}],"wp:featuredmedia":[{"embeddable":true,"href":"https:\/\/www.brundisium.net\/index.php\/wp-json\/wp\/v2\/media\/2702"}],"wp:attachment":[{"href":"https:\/\/www.brundisium.net\/index.php\/wp-json\/wp\/v2\/media?parent=4558"}],"wp:term":[{"taxonomy":"category","embeddable":true,"href":"https:\/\/www.brundisium.net\/index.php\/wp-json\/wp\/v2\/categories?post=4558"},{"taxonomy":"post_tag","embeddable":true,"href":"https:\/\/www.brundisium.net\/index.php\/wp-json\/wp\/v2\/tags?post=4558"}],"curies":[{"name":"wp","href":"https:\/\/api.w.org\/{rel}","templated":true}]}}