{"id":46853,"date":"2015-07-07T23:31:55","date_gmt":"2015-07-07T21:31:55","guid":{"rendered":"http:\/\/www.brundisium.net\/brun\/?p=46853"},"modified":"2015-07-07T19:31:17","modified_gmt":"2015-07-07T17:31:17","slug":"librinfaccia-ad-ostuni-mario-desiati-e-la-tragedia-dellheysel","status":"publish","type":"post","link":"https:\/\/www.brundisium.net\/index.php\/librinfaccia-ad-ostuni-mario-desiati-e-la-tragedia-dellheysel\/","title":{"rendered":"Librinfaccia: ad Ostuni Mario Desiati e la tragedia dell&#8217;Heysel"},"content":{"rendered":"<p><a href=\"http:\/\/www.brundisium.net\/brun\/wp-content\/uploads\/2015\/07\/desiati-librinfaccia.jpg\"><img loading=\"lazy\" decoding=\"async\" class=\"alignright size-medium wp-image-46860\" src=\"http:\/\/www.brundisium.net\/brun\/wp-content\/uploads\/2015\/07\/desiati-librinfaccia-246x300.jpg\" alt=\"desiati librinfaccia\" width=\"246\" height=\"300\" srcset=\"https:\/\/www.brundisium.net\/brun\/wp-content\/uploads\/2015\/07\/desiati-librinfaccia-246x300.jpg 246w, https:\/\/www.brundisium.net\/brun\/wp-content\/uploads\/2015\/07\/desiati-librinfaccia-839x1024.jpg 839w, https:\/\/www.brundisium.net\/brun\/wp-content\/uploads\/2015\/07\/desiati-librinfaccia.jpg 1161w\" sizes=\"auto, (max-width: 246px) 100vw, 246px\" \/><\/a>Mercoled\u00ec\u00a05 luglio alle ore 20,00 l\u2019autore Mario Desiati sar\u00e0 presente al quarto\u00a0 appuntamento della rassegna culturale Librinfaccia per raccontare il suo libro \u201cLa notte dell&#8217;innocenza: Heysel 1985, memorie di una tragedia\u201d (Rizzoli, 2015).<br \/>\nPresenta Fabio Fanelli presso Ciccio in Piazza (Piazza S.Oronzo, 16) featuring Cicinedda Fruit Bistrot<\/p>\n<p><strong>Location: Ciccio in Piazza (Piazza S.Oronzo, 16) featuring Cicinedda Fruit Bistrot<\/strong><\/p>\n<p>&nbsp;<\/p>\n<p>Il viaggio nella tragedia attraverso un libro \u2018sul mondo del pallone\u2019. L\u2019identikit del Paese che non sa come dimenticare e cosa ricordare. La ricomposizione della memoria in Italia convive con il fenomeno del calcio, con una storia dalle tinte scurissime ancora vivide negli occhi di chi ha visto in diretta una notte tragica.<\/p>\n<p>&nbsp;<\/p>\n<p><strong>\u00a0<a href=\"http:\/\/www.brundisium.net\/brun\/wp-content\/uploads\/2015\/07\/desiati.jpg\"><img loading=\"lazy\" decoding=\"async\" class=\" size-medium wp-image-46861 alignleft\" src=\"http:\/\/www.brundisium.net\/brun\/wp-content\/uploads\/2015\/07\/desiati-246x300.jpg\" alt=\"desiati\" width=\"246\" height=\"300\" srcset=\"https:\/\/www.brundisium.net\/brun\/wp-content\/uploads\/2015\/07\/desiati-246x300.jpg 246w, https:\/\/www.brundisium.net\/brun\/wp-content\/uploads\/2015\/07\/desiati-839x1024.jpg 839w, https:\/\/www.brundisium.net\/brun\/wp-content\/uploads\/2015\/07\/desiati.jpg 1161w\" sizes=\"auto, (max-width: 246px) 100vw, 246px\" \/><\/a>Mario Desiati<\/strong> ci svela i segreti, con una cronaca \u201cchirurgica\u201d, di quelle ore drammatiche; \u00e8 la rievocazione di quella serata vista con da un bambino; \u00e8 un\u2019occasione per chiederci se noi sportivi, noi italiani, da quella notte siamo cresciuti o piuttosto siamo rimasti l\u00ec, in uno stadio sempre pi\u00f9 desolatamente vuoto.<\/p>\n<p>&nbsp;<\/p>\n<p>Durante l\u2019evento l\u2019autore dialogher\u00e0 con <strong>Fabio Fanelli<\/strong>, piede sinistro caldissimo del mondo autorale, un cecchino su punizione, battendo il record di Sinisa (sui campi di periferia).<\/p>\n<p><strong>\u00a0<\/strong><\/p>\n<p>&nbsp;<\/p>\n<p><strong>PROTAGONISTI<\/strong><br \/>\nMARIO DESIATI: Scrittore, poeta e giornalista. In seguito alla laurea in Giurisprudenza conseguita a Bari nel 2000 ha lavorato in uno studio legale e pubblicato saggi sulla responsabilit\u00e0 civile. Nel 2003 si \u00e8 trasferito a Roma, dove \u00e8 stato caporedattore della rivista Nuovi Argomenti ed editor junior della Arnoldo Mondadori Editore. Dal 2008 a ottobre 2013 si \u00e8 occupato della direzione editoriale di Fandango Libri. Collabora con La Repubblica e L&#8217;Unit\u00e0.<br \/>\nLibri:<br \/>\nNeppure quando \u00e8 notte, peQuod, 2003;<br \/>\nVita precaria e amore eterno, Arnoldo Mondadori Editore, 2006;<br \/>\nIl paese delle spose infelici, romanzo, Milano, Arnoldo Mondadori Editore, 2008;<br \/>\nFoto di classe. U uagnon se n&#8217;asciot, Laterza, 2009;<br \/>\nTernitti, Arnoldo Mondadori Editore, 2011;<br \/>\nIl libro dell&#8217;Amore proibito, Arnoldo Mondadori Editore, 2013<br \/>\nMare di zucchero , Arnoldo Mondadori Editore, 2014<\/p>\n<p>&nbsp;<\/p>\n<p>FABIO FANELLI: Copywriter e autore. Ha collaborato con DeeJay TV per il programma Lorem Ipsum e scritto la web serie Non cresce l&#8217;erba, trasmessa poi su Mtv. Ha collaborato ai libri &#8220;Che storia la Bari&#8221; e &#8220;La Bari siete voi&#8221; e curato il voice over del docufilm una &#8220;Meravigliosa stagione fallimentare&#8221; e dedicato all&#8217;incredibile stagione del Bari 2013\/2014.<br \/>\nInfo:<br \/>\nLibrinfaccia \u2013 pagina facebook<br \/>\n<a href=\"https:\/\/www.facebook.com\/pages\/Librinfaccia\/793985420641307?fref=nf\" target=\"_blank\">https:\/\/www.facebook.com\/pages\/Librinfaccia\/793985420641307?fref=nf<\/a><br \/>\npagina Tumblr<br \/>\n<a href=\"http:\/\/librinfaccia.tumblr.com\/\" target=\"_blank\">http:\/\/librinfaccia.tumblr.com\/<\/a><\/p>\n","protected":false},"excerpt":{"rendered":"<p>Mercoled\u00ec\u00a05 luglio alle ore 20,00 l\u2019autore Mario Desiati sar\u00e0 presente al quarto\u00a0 appuntamento della rassegna culturale Librinfaccia per raccontare il suo libro \u201cLa notte dell&#8217;innocenza: Heysel 1985, memorie di una tragedia\u201d (Rizzoli, 2015). Presenta Fabio Fanelli presso Ciccio in Piazza (Piazza S.Oronzo, 16) featuring Cicinedda Fruit Bistrot Location: Ciccio in Piazza (Piazza S.Oronzo, 16) featuring Cicinedda Fruit Bistrot &nbsp; Il viaggio nella tragedia attraverso un libro \u2018sul mondo del pallone\u2019. L\u2019identikit del Paese che non sa come dimenticare e cosa ricordare. La ricomposizione della memoria in Italia convive con il fenomeno del calcio, con una storia dalle tinte scurissime ancora vivide negli occhi di chi ha visto in diretta una notte tragica. &nbsp; \u00a0Mario Desiati ci svela i segreti, con una cronaca \u201cchirurgica\u201d, di quelle ore drammatiche; \u00e8 la rievocazione di quella serata vista con da un bambino; \u00e8 un\u2019occasione per chiederci se noi sportivi, noi italiani, da quella notte siamo cresciuti o piuttosto siamo rimasti l\u00ec, in uno stadio sempre pi\u00f9 desolatamente vuoto. &nbsp; Durante l\u2019evento l\u2019autore dialogher\u00e0 con&#8230;<\/p>\n","protected":false},"author":2,"featured_media":44692,"comment_status":"open","ping_status":"closed","sticky":false,"template":"","format":"standard","meta":{"footnotes":""},"categories":[198,224,7],"tags":[],"class_list":["post-46853","post","type-post","status-publish","format-standard","has-post-thumbnail","hentry","category-cultura-2","category-libri","category-news"],"_links":{"self":[{"href":"https:\/\/www.brundisium.net\/index.php\/wp-json\/wp\/v2\/posts\/46853","targetHints":{"allow":["GET"]}}],"collection":[{"href":"https:\/\/www.brundisium.net\/index.php\/wp-json\/wp\/v2\/posts"}],"about":[{"href":"https:\/\/www.brundisium.net\/index.php\/wp-json\/wp\/v2\/types\/post"}],"author":[{"embeddable":true,"href":"https:\/\/www.brundisium.net\/index.php\/wp-json\/wp\/v2\/users\/2"}],"replies":[{"embeddable":true,"href":"https:\/\/www.brundisium.net\/index.php\/wp-json\/wp\/v2\/comments?post=46853"}],"version-history":[{"count":1,"href":"https:\/\/www.brundisium.net\/index.php\/wp-json\/wp\/v2\/posts\/46853\/revisions"}],"predecessor-version":[{"id":46862,"href":"https:\/\/www.brundisium.net\/index.php\/wp-json\/wp\/v2\/posts\/46853\/revisions\/46862"}],"wp:featuredmedia":[{"embeddable":true,"href":"https:\/\/www.brundisium.net\/index.php\/wp-json\/wp\/v2\/media\/44692"}],"wp:attachment":[{"href":"https:\/\/www.brundisium.net\/index.php\/wp-json\/wp\/v2\/media?parent=46853"}],"wp:term":[{"taxonomy":"category","embeddable":true,"href":"https:\/\/www.brundisium.net\/index.php\/wp-json\/wp\/v2\/categories?post=46853"},{"taxonomy":"post_tag","embeddable":true,"href":"https:\/\/www.brundisium.net\/index.php\/wp-json\/wp\/v2\/tags?post=46853"}],"curies":[{"name":"wp","href":"https:\/\/api.w.org\/{rel}","templated":true}]}}