{"id":48216,"date":"2015-07-27T22:01:58","date_gmt":"2015-07-27T20:01:58","guid":{"rendered":"http:\/\/www.brundisium.net\/brun\/?p=48216"},"modified":"2016-07-04T17:51:02","modified_gmt":"2016-07-04T15:51:02","slug":"il-tormentone-estivo-numeri-arabi-o-romani-di-guido-giampietro","status":"publish","type":"post","link":"https:\/\/www.brundisium.net\/index.php\/il-tormentone-estivo-numeri-arabi-o-romani-di-guido-giampietro\/","title":{"rendered":"Il tormentone estivo: numeri arabi o romani? Di Guido Giampietro"},"content":{"rendered":"<p><a href=\"http:\/\/www.brundisium.net\/brun\/wp-content\/uploads\/2015\/07\/via-xx-settembre-1.jpg\"><img loading=\"lazy\" decoding=\"async\" class=\"alignleft size-medium wp-image-48219\" src=\"http:\/\/www.brundisium.net\/brun\/wp-content\/uploads\/2015\/07\/via-xx-settembre-1-300x225.jpg\" alt=\"via xx settembre (1)\" width=\"300\" height=\"225\" srcset=\"https:\/\/www.brundisium.net\/brun\/wp-content\/uploads\/2015\/07\/via-xx-settembre-1-300x225.jpg 300w, https:\/\/www.brundisium.net\/brun\/wp-content\/uploads\/2015\/07\/via-xx-settembre-1-1024x768.jpg 1024w\" sizes=\"auto, (max-width: 300px) 100vw, 300px\" \/><\/a>\u00a0\u00a0\u00a0 La copertina di <em>Agenda Brindisi<\/em> del 10 luglio ha posto un quesito toponomastico: Via \u201cXX\u201d Settembre o \u201cVenti\u201d Settembre? A ben vedere, una domanda \u201cculturale\u201d perch\u00e9, come dice Norberto Bobbio, il compito della cultura \u00ab<em>\u00e8 pi\u00f9 che mai oggi quello di seminare dei dubbi, non gi\u00e0 di raccogliere certezze<\/em>\u00bb.<\/p>\n<p>&nbsp;<\/p>\n<p>Ma la domanda, oltre alla soluzione di un problema linguistico, ne pone anche uno d\u2019ordine pratico: l\u2019invito a uniformare la scrittura delle quattro targhe che, a due a due, impudentemente si fronteggiano nella suddetta strada.<\/p>\n<p>In altri termini, la decisione da prendere da parte del competente Assessorato \u00e8 se fare uso dei numeri ordinali (XX) o delle lettere (Venti). E, di conseguenza, rimuovere le due targhe \u201csbagliate\u201d.<\/p>\n<p>&nbsp;<\/p>\n<p>A volere essere precisi non si pu\u00f2 nemmeno scartare l\u2019uso dei numeri cardinali. Prova ne \u00e8 che al quartiere Casale esiste un caso simile a quello di Via XX (o Venti) Settembre. Qui la strada \u00e8 indicata con i numeri ordinali (Via XV Novembre) e, dalla parte opposta della carreggiata, con i numeri arabi, sia per il giorno che per l\u2019anno (Via 15 Novembre 1918)!<\/p>\n<p>&nbsp;<\/p>\n<p>Queste circostanze mi hanno fatto riflettere sul pressapochismo con cui, a vari livelli, si affrontano i problemi anche spiccioli di vita quotidiana. Da una parte, infatti, non ci si rende conto che nella toponomastica cittadina, per indicare le cifre, vengono usati numeri (cardinali e ordinali) e lettere. Dall\u2019altra \u00ad mi riferisco a chi compete il posizionamento manuale delle targhe \u00ad non si presta attenzione al fatto che quella distante solo pochi metri \u00e8 scritta in maniera diversa.<\/p>\n<p>&nbsp;<\/p>\n<p>A distogliermi per un po\u2019 da questi pensieri \u00e8 la decisione dell\u2019ultima ora della Giunta capitolina del sindaco Marino di abolire i numeri romani nei documenti e nelle strade della Capitale. Ma come? C\u2019\u00e8 il problema di Mafia Capitale, quello del degrado e della sporcizia sbandierato a pi\u00f9 riprese dal New York Times, quello degli scioperi in piena estate a Fiumicino, quello del continuo defilarsi di assessori, e si sta pensando di abolire anche i numeri romani? Francamente, davanti a questa \u201crivoluzione\u201d il problema delle targhe di Brindisi diventa un non-problema!<\/p>\n<p>&nbsp;<\/p>\n<p>Per una qualche attinenza con le targhe nostrane \u00e8 per\u00f2 interessante leggere i commenti \u00ad riportati da <em>Il Messaggero <\/em>\u00ad su tale provvedimento. A cominciare da quello del ministro dei Beni Culturali: \u00abSpero \u00ad osserva Dario Franceschini \u00ad che ci sia spazio per un ripensamento. I numeri romani sono un pezzo della nostra identit\u00e0, in particolare a Roma. E mantenerli avrebbe un valore non soltanto culturale ma anche di memoria e educativo per le future generazioni\u00bb.<\/p>\n<p>&nbsp;<\/p>\n<p>Un tono pi\u00f9 sferzante \u00e8 quello di un celebre linguista ed ex ministro: Tullio De Mauro. \u00abL\u2019uso nobilitante delle cifre romane \u00ad afferma De Mauro \u00ad \u00e8 andato avanti, senza problemi, per tanto tempo. Ora si \u00e8 svegliato Marino, il quale farebbe bene a occuparsi invece del numero preciso, magari anche contandole con le cifre romane, delle buche nelle strade. Per poi procedere alla sollecita riparazione\u00bb.<\/p>\n<p>&nbsp;<\/p>\n<p>Invece il filologo Maurizio Bettini cos\u00ec spiega la sua contrariet\u00e0 al provvedimento: \u00abLa numerazione romana \u00e8 preziosa, perch\u00e9 posizionale. Se per esempio la stanghetta I la metti dopo XX, viene fuori ventunesimo. Se invece la metti in mezzo alle due X, viene fuori diciannovesimo.. Questa \u00e8 una forma cognitiva interessante, da non perdere, perch\u00e9 lega le quantit\u00e0 numeriche alla disposizione spaziale. Queste forme ti aiutano a ragionare. Se le abolisci, perdi una forma culturale importante. \u00c8 come abolire una lingua. Oltretutto vedendo le cifre romane nella segnaletica stradale, ti abitui a quel linguaggio numerico e poi davanti alla targa di un monumento capisci pi\u00f9 o meno di che cosa si tratti\u00bb.<\/p>\n<p>&nbsp;<\/p>\n<p>Ma, a parte le strumentalizzazioni politiche sempre di grande attualit\u00e0, come si esce da questa impasse? \u00c8 molto semplice: riprendendo in mano la Grammatica italiana e lo Zingarelli!<\/p>\n<p>&nbsp;<\/p>\n<p><a href=\"http:\/\/www.brundisium.net\/brun\/wp-content\/uploads\/2015\/07\/via-15-novembre.jpg\"><img loading=\"lazy\" decoding=\"async\" class=\"alignleft size-medium wp-image-48217\" src=\"http:\/\/www.brundisium.net\/brun\/wp-content\/uploads\/2015\/07\/via-15-novembre-300x225.jpg\" alt=\"via 15 novembre\" width=\"300\" height=\"225\" srcset=\"https:\/\/www.brundisium.net\/brun\/wp-content\/uploads\/2015\/07\/via-15-novembre-300x225.jpg 300w, https:\/\/www.brundisium.net\/brun\/wp-content\/uploads\/2015\/07\/via-15-novembre-1024x768.jpg 1024w\" sizes=\"auto, (max-width: 300px) 100vw, 300px\" \/><\/a> I <strong>numeri cardinali<\/strong> si scrivono generalmente in lettere in un normale contesto discorsivo (ci vediamo alle tre\u2026; andiamo a fare quattro passi\u2026; te l\u2019ho detto mille volte\u2026). Si scrivono preferibilmente in cifre (che si chiamano \u201carabe\u201d in quanto inventate dagli Arabi e portate in Europa nel Medioevo) per evitare parole troppo lunghe (l\u2019anno \u00e8 di 365 giorni\u2026; gli alunni sono 627\u2026) e soprattutto nell\u2019uso matematico, tecnico e scientifico (3,14\u2026; pagina 7\u2026; 2230 m s.l.m\u2026).<\/p>\n<p>Si scrivono generalmente in cifre anche l\u2019et\u00e0 e le date, come quella del 20 Settembre 1870. In certi casi il numero si pu\u00f2 scrivere in lettere, specialmente in riferimento agli avvenimenti storici o alle festivit\u00e0: Cinque Maggio, Quattro Novembre, Venti Settembre\u2026<\/p>\n<p>&nbsp;<\/p>\n<p><a href=\"http:\/\/www.brundisium.net\/brun\/wp-content\/uploads\/2015\/07\/via-xv-novembre.jpg\"><img loading=\"lazy\" decoding=\"async\" class=\" size-medium wp-image-48218 alignright\" src=\"http:\/\/www.brundisium.net\/brun\/wp-content\/uploads\/2015\/07\/via-xv-novembre-300x225.jpg\" alt=\"via xv novembre\" width=\"300\" height=\"225\" srcset=\"https:\/\/www.brundisium.net\/brun\/wp-content\/uploads\/2015\/07\/via-xv-novembre-300x225.jpg 300w, https:\/\/www.brundisium.net\/brun\/wp-content\/uploads\/2015\/07\/via-xv-novembre-1024x768.jpg 1024w\" sizes=\"auto, (max-width: 300px) 100vw, 300px\" \/><\/a>\u00a0\u00a0 I <strong>numeri ordinali<\/strong> si scrivono generalmente in lettere se sono minori di 10 o in contesti linguistici discorsivi o di significato convenzionale (Nibali \u00e8 arrivato quarto\u2026; la sera della prima al Nuovo Teatro Verdi\u2026; il secondo tempo di Enel Basket Brindisi \u2013 Armani Milano\u2026). Si scrivono invece con le cifre romane negli altri casi e, in particolare, per indicare nomi di imperatori, re, papi, oppure nomi di imbarcazioni o veicoli speciali.<\/p>\n<p>&nbsp;<\/p>\n<p>I numeri romani si usano anche per indicare i secoli o certi particolari giorni del mese che si riferiscono a ricorrenze storiche: XXV Aprile, XX Settembre&#8230; \u00c8 quindi in linea con l\u2019impiego del numero ordinale il prof. Antonio Caputo quando, a proposito di Via XX Settembre, precisa: \u00ab\u2026 cos\u00ec denominata per commemorare il ricordo della presa di Roma ed al contempo l\u2019epilogo del potere temporale dei Papi\u00bb.<\/p>\n<p>Da ci\u00f2 si evince che le numerazioni usate per le due vie brindisine (ma potrebbero essercene altre) sono tutte grammaticalmente corrette. Si tratta solo di adottare un criterio di uniformit\u00e0 valido per tutte: Via 20 Settembre o Venti Settembre o XX Settembre.<\/p>\n<p>&nbsp;<\/p>\n<p>Un po\u2019 diverso \u00e8 il discorso per Via 15 Novembre 1918, in quanto l\u2019attuale targa NON celebra alcuna data storica. Per un errore (sembra pi\u00f9 volte evidenziato a chi di competenza) la strada del Casale doveva essere dedicata al 12 Novembre 1918, giorno in cui l\u2019ammiraglio Paolo Thaon di Revel firm\u00f2 il \u201cBollettino della Vittoria Navale\u201d della Prima Guerra mondiale (come si evince dalla targa bronzea posta sul lungomare). In questo caso, quindi, si dovr\u00e0 dapprima eliminare il grave errore di data e, successivamente, provvedere a uniformare le targhe presenti lungo la strada!<\/p>\n<p>&nbsp;<\/p>\n<p>Il mio parere sulla querelle tra numeri arabi o romani? I ricordi (mi riferisco a quelli delle Elementari\u2026) mi portano ad assimilare al simbolo \u201cXX\u201d il suono \u201cventesimo\u201d. Non mi pare perci\u00f2 corretto (foneticamente) leggere: Ventesimo Settembre 1870&#8230; Ergo, preferisco le cifre arabe o, in alternativa, quelle scritte in lettere.<\/p>\n<p>&nbsp;<\/p>\n<p><strong>Guido Giampietro<\/strong><\/p>\n","protected":false},"excerpt":{"rendered":"<p>\u00a0\u00a0\u00a0 La copertina di Agenda Brindisi del 10 luglio ha posto un quesito toponomastico: Via \u201cXX\u201d Settembre o \u201cVenti\u201d Settembre? A ben vedere, una domanda \u201cculturale\u201d perch\u00e9, come dice Norberto Bobbio, il compito della cultura \u00ab\u00e8 pi\u00f9 che mai oggi quello di seminare dei dubbi, non gi\u00e0 di raccogliere certezze\u00bb. &nbsp; Ma la domanda, oltre alla soluzione di un problema linguistico, ne pone anche uno d\u2019ordine pratico: l\u2019invito a uniformare la scrittura delle quattro targhe che, a due a due, impudentemente si fronteggiano nella suddetta strada. In altri termini, la decisione da prendere da parte del competente Assessorato \u00e8 se fare uso dei numeri ordinali (XX) o delle lettere (Venti). E, di conseguenza, rimuovere le due targhe \u201csbagliate\u201d. &nbsp; A volere essere precisi non si pu\u00f2 nemmeno scartare l\u2019uso dei numeri cardinali. Prova ne \u00e8 che al quartiere Casale esiste un caso simile a quello di Via XX (o Venti) Settembre. Qui la strada \u00e8 indicata con i numeri ordinali (Via XV Novembre) e, dalla parte opposta della carreggiata, con&#8230;<\/p>\n","protected":false},"author":2,"featured_media":48220,"comment_status":"open","ping_status":"closed","sticky":false,"template":"","format":"standard","meta":{"footnotes":""},"categories":[3129,9],"tags":[18],"class_list":["post-48216","post","type-post","status-publish","format-standard","has-post-thumbnail","hentry","category-guido-giampietro","category-interventi","tag-guido-giampietro"],"_links":{"self":[{"href":"https:\/\/www.brundisium.net\/index.php\/wp-json\/wp\/v2\/posts\/48216","targetHints":{"allow":["GET"]}}],"collection":[{"href":"https:\/\/www.brundisium.net\/index.php\/wp-json\/wp\/v2\/posts"}],"about":[{"href":"https:\/\/www.brundisium.net\/index.php\/wp-json\/wp\/v2\/types\/post"}],"author":[{"embeddable":true,"href":"https:\/\/www.brundisium.net\/index.php\/wp-json\/wp\/v2\/users\/2"}],"replies":[{"embeddable":true,"href":"https:\/\/www.brundisium.net\/index.php\/wp-json\/wp\/v2\/comments?post=48216"}],"version-history":[{"count":1,"href":"https:\/\/www.brundisium.net\/index.php\/wp-json\/wp\/v2\/posts\/48216\/revisions"}],"predecessor-version":[{"id":48221,"href":"https:\/\/www.brundisium.net\/index.php\/wp-json\/wp\/v2\/posts\/48216\/revisions\/48221"}],"wp:featuredmedia":[{"embeddable":true,"href":"https:\/\/www.brundisium.net\/index.php\/wp-json\/wp\/v2\/media\/48220"}],"wp:attachment":[{"href":"https:\/\/www.brundisium.net\/index.php\/wp-json\/wp\/v2\/media?parent=48216"}],"wp:term":[{"taxonomy":"category","embeddable":true,"href":"https:\/\/www.brundisium.net\/index.php\/wp-json\/wp\/v2\/categories?post=48216"},{"taxonomy":"post_tag","embeddable":true,"href":"https:\/\/www.brundisium.net\/index.php\/wp-json\/wp\/v2\/tags?post=48216"}],"curies":[{"name":"wp","href":"https:\/\/api.w.org\/{rel}","templated":true}]}}