{"id":4940,"date":"2014-02-15T00:00:05","date_gmt":"2014-02-14T23:00:05","guid":{"rendered":"http:\/\/www.brundisium.net\/brun\/?p=4940"},"modified":"2016-07-04T17:59:00","modified_gmt":"2016-07-04T15:59:00","slug":"un-rimedio-alla-noia-di-guido-giampietro","status":"publish","type":"post","link":"https:\/\/www.brundisium.net\/index.php\/un-rimedio-alla-noia-di-guido-giampietro\/","title":{"rendered":"Un rimedio alla noia. Di Guido Giampietro"},"content":{"rendered":"<p><a href=\"http:\/\/www.brundisium.net\/brun\/wp-content\/uploads\/2014\/02\/alessia-bambino.jpg\"><img loading=\"lazy\" decoding=\"async\" class=\"alignright size-medium wp-image-4948\" alt=\"alessia bambino\" src=\"http:\/\/www.brundisium.net\/brun\/wp-content\/uploads\/2014\/02\/alessia-bambino-300x201.jpg\" width=\"300\" height=\"201\" data-id=\"4948\" srcset=\"https:\/\/www.brundisium.net\/brun\/wp-content\/uploads\/2014\/02\/alessia-bambino-300x201.jpg 300w, https:\/\/www.brundisium.net\/brun\/wp-content\/uploads\/2014\/02\/alessia-bambino.jpg 880w\" sizes=\"auto, (max-width: 300px) 100vw, 300px\" \/><\/a>Per anni ho creduto che \u201cabbeverarsi\u201d alla fonte della fantasia equivalesse implicitamente a un rifiuto della realt\u00e0, a qualcosa di cui fosse meglio non parlare in giro, a un campicello che bisognava coltivare non alla luce del sole ma col favore delle tenebre&#8230;<\/p>\n<p>Poi ho cominciato a scrivere soggetti suggeriti proprio da quel mondo della fantasia e il mio giudizio si \u00e8 mitigato.<\/p>\n<p>L\u2019immaginazione non pu\u00f2 essere una cosa da nascondere \u02d7 mi sono detto \u02d7 se\u00a0 consente d\u2019inventarmi delle storie che possono creare interesse negli altri e, qualche volta, addirittura partecipazione, consenso.<\/p>\n<p>&nbsp;<\/p>\n<p>Una scrittura senza una fertile immaginazione \u02d7 a meno che non si tratti di cronaca o di un pamphlet \u02d7 non \u00e8 possibile. Cos\u00ec ho continuato a barcamenarmi \u02d7 per\u00f2 con la circospezione di un congiurato \u02d7 tra reale e irreale, tra quello che di concreto esiste al mondo e ci\u00f2 che esce dai voli pindarici della mia penna irrequieta. Finch\u00e9\u2026<\/p>\n<p>&nbsp;<\/p>\n<p><a href=\"http:\/\/www.brundisium.net\/brun\/wp-content\/uploads\/2014\/02\/alessia-coppola-uomo-donne.jpg\"><img loading=\"lazy\" decoding=\"async\" class=\"alignleft size-medium wp-image-4945\" alt=\"alessia coppola uomo donne\" src=\"http:\/\/www.brundisium.net\/brun\/wp-content\/uploads\/2014\/02\/alessia-coppola-uomo-donne-225x300.jpg\" width=\"225\" height=\"300\" data-id=\"4945\" srcset=\"https:\/\/www.brundisium.net\/brun\/wp-content\/uploads\/2014\/02\/alessia-coppola-uomo-donne-225x300.jpg 225w, https:\/\/www.brundisium.net\/brun\/wp-content\/uploads\/2014\/02\/alessia-coppola-uomo-donne-300x400.jpg 300w, https:\/\/www.brundisium.net\/brun\/wp-content\/uploads\/2014\/02\/alessia-coppola-uomo-donne.jpg 720w\" sizes=\"auto, (max-width: 225px) 100vw, 225px\" \/><\/a>Finch\u00e9 non sono incappato in questa frase tratta da una lettera che il giovane Flaubert indirizz\u00f2 all\u2019amante Louise Colet, ispiratrice della sua Madame Bovary: \u201c<em>Il faut se faire des harems dans la t\u00eate, des palais avec du style, et draper son \u00e2me dans la pourpre des grandes p\u00e9riodes<\/em>\u201d (bisogna farsi degli harem nella testa, dei palazzi con lo stile, drappeggiare la propria anima della porpora dei grandi periodi).<\/p>\n<p>\u00c8 un\u2019esortazione che Flaubert sembra rivolgere a se stesso, ma che \u02d7 a ben vedere \u02d7 \u00e8 valida anche per ciascuno di noi.<\/p>\n<p>L\u2019esortazione ad avere in testa degli harem promiscuamente affollati di uomini, donne e gay\u2026 di angeli e mostri&#8230; Ma anche di colori abbaglianti, di girandole di metafore che appaiono espressionistiche e quasi barocche, di personaggi indecenti e truculenti, di visioni paradisiache o, viceversa, apocalittiche, senza luogo n\u00e9 tempo&#8230;<\/p>\n<p>Perch\u00e9 la mente \u00e8 l\u2019unico spazio dove tutto \u00e8 lecito, dove si pu\u00f2 compiere il pi\u00f9 atroce dei delitti senza essere perseguiti dalla legge.<\/p>\n<p>\u00c8 il posto dove perfino rubare la donna all\u2019amico del cuore non lascia alcuna traccia di pentimento. La mente \u00e8 il paese della cuccagna che cerchiamo fin da quando eravamo bambini.<\/p>\n<p>E tutto questo grazie all\u2019immaginazione, una delle poche cose che contano veramente nella vita.<\/p>\n<p>&nbsp;<\/p>\n<p><a href=\"http:\/\/www.brundisium.net\/brun\/wp-content\/uploads\/2014\/02\/alessia-libri-immaginazione.jpg\"><img loading=\"lazy\" decoding=\"async\" class=\"alignright size-medium wp-image-4947\" alt=\"alessia libri immaginazione\" src=\"http:\/\/www.brundisium.net\/brun\/wp-content\/uploads\/2014\/02\/alessia-libri-immaginazione-260x300.jpg\" width=\"260\" height=\"300\" data-id=\"4947\" srcset=\"https:\/\/www.brundisium.net\/brun\/wp-content\/uploads\/2014\/02\/alessia-libri-immaginazione-260x300.jpg 260w, https:\/\/www.brundisium.net\/brun\/wp-content\/uploads\/2014\/02\/alessia-libri-immaginazione.jpg 495w\" sizes=\"auto, (max-width: 260px) 100vw, 260px\" \/><\/a>Forse il ruolo pi\u00f9 importante che la fantasia gioca \u00e8 nel campo letterario. Cos\u00ec, quando si legge un testo, bisogna stare all\u2019erta, come una sentinella che dalla garitta scruta il buio fondo della notte. E se una immagine ci colpisce, come una sentinella dobbiamo intimare a noi stessi l\u2019Alt. Un Alt capace di creare all\u2019istante un fermo immagine, cos\u00ec da godere appieno di quella visione e, poi, dopo averla magari elaborata, offrirla a chi ci sta vicino.<\/p>\n<p>A questo serve la (buona) lettura. E questo \u00e8 il compito precipuo della (buona) letteratura.<\/p>\n<p>&nbsp;<\/p>\n<p>Ma i risultati della fantasia si vedono anche nel campo della scrittura.<\/p>\n<p>Quante volte il pennino-mouse di un qualsivoglia imbrattacarte (e oggigiorno non c\u2019\u00e8 che l\u2019imbarazzo della scelta!) rimane sospeso nell\u2019aria in attesa di un\u2019immagine che attraversi la mente con lo stesso bagliore di una stella cadente nella notte agostana.<\/p>\n<p>Ed \u00e8 proprio quell\u2019immagine che bisogna acchiappare col lazo e trattenerla perch\u00e9, anche se non \u00e8 eccezionale, \u00e8 unica e solo nostra. E come l\u2019ape bottinatrice \u00a0sugge il nettare che poi deposita sul favo a beneficio futuro di tutto l\u2019alveare, cos\u00ec noi possiamo offrire quell\u2019immagine all\u2019esterno.<\/p>\n<p>Non importa se venga o no raccolta.<\/p>\n<p>&nbsp;<\/p>\n<p>Naturalmente l\u2019immaginazione non accorre solo in soccorso di lettori, scrittori e poeti. \u00c8 anche l\u2019arma pi\u00f9 potente di cui disponiamo per vincere la noia del mondo. \u00ab<em>Voi vi annoiate <\/em>\u02d7 diceva Giuseppe Levi \u02d7<em> perch\u00e9 non avete una vita interiore<\/em>\u00bb.<\/p>\n<p>Affidarsi a un ricordo, a un amore del passato, a un\u2019illusione con cui si convive da tempo, perfino a un dolore, significa tirarsi fuori dalla nebbia che ristagna nella coscienza impedendoci di vedere il sole della verit\u00e0.<\/p>\n<p>&nbsp;<\/p>\n<p><a href=\"http:\/\/www.brundisium.net\/brun\/wp-content\/uploads\/2014\/02\/alessia-coppola-immaginazione.jpg\"><img loading=\"lazy\" decoding=\"async\" class=\"alignleft size-medium wp-image-4946\" alt=\"alessia coppola immaginazione\" src=\"http:\/\/www.brundisium.net\/brun\/wp-content\/uploads\/2014\/02\/alessia-coppola-immaginazione-212x300.jpg\" width=\"212\" height=\"300\" data-id=\"4946\" srcset=\"https:\/\/www.brundisium.net\/brun\/wp-content\/uploads\/2014\/02\/alessia-coppola-immaginazione-212x300.jpg 212w, https:\/\/www.brundisium.net\/brun\/wp-content\/uploads\/2014\/02\/alessia-coppola-immaginazione.jpg 679w\" sizes=\"auto, (max-width: 212px) 100vw, 212px\" \/><\/a>Anche Baudelaire ha parlato dell\u2019immaginazione, definendola la regina delle facolt\u00e0. \u00ab<em>Tutto l\u2019universo visibile non \u00e8 che un deposito di immagini e di segni ai quali l\u2019immaginazione deve attribuire un posto e un valore relativo: una sorta di nutrimento che l\u2019immaginazione deve assimilare e trasformare. Tutte le facolt\u00e0 dell\u2019anima umana vanno subordinate all\u2019immaginazione, la quale le requisisce tutte in una\u2026<\/em>\u00bb.<\/p>\n<p>Addirittura, per Baudelaire, l\u2019immaginazione gioca un ruolo importante anche nella morale \u00ab<em>poich\u00e9 <\/em>\u02d7 afferma \u02d7<em> se mi \u00e8 concesso di spingermi fino a questo punto, che cosa diviene la virt\u00f9 senza immaginazione? \u00c8 come dire la virt\u00f9 senza la piet\u00e0, la virt\u00f9 senza il cielo; qualcosa di duro, di crudele, di sterile, che in certi luoghi si \u00e8 risolta nella bigotteria, e in altri nel protestantesimo<\/em>\u00bb.<\/p>\n<p>Viene da pensare ai censori di tutti i tempi, a quegli uomini inflessibili che giudicano impietosamente altri uomini. Senza quell\u2019empatia che, se ci fosse, dovrebbe invece spingere ad immedesimarci nelle debolezze degli altri, mostrando indulgenza e misericordia.<\/p>\n<p>E tutto ci\u00f2 non \u00e8 forse dovuto all\u2019assenza d\u2019immaginazione?<\/p>\n<p>&nbsp;<\/p>\n<p>Si riaffaccia, seppur timidamente, la domanda che mi sono posto all\u2019inizio: un eccesso di immaginazione non rischia di isolarci dalla realt\u00e0? A rispondere \u00e8 sempre Baudelaire: \u00ab<em>Trovo inutile e fastidioso rappresentare ci\u00f2 che \u00e8, poich\u00e9 niente di ci\u00f2 che \u00e8 mi appaga. La natura \u00e8 laida, preferisco i mostri della mia fantasia alla volgarit\u00e0 del reale\u2026<\/em>\u00bb.<\/p>\n<p>Un giudizio forse un po\u2019 troppo duro il suo.<\/p>\n<p>&nbsp;<\/p>\n<p><a href=\"http:\/\/www.brundisium.net\/brun\/wp-content\/uploads\/2014\/02\/alessia-coppola-specchio.jpg\"><img loading=\"lazy\" decoding=\"async\" class=\"alignright size-medium wp-image-4949\" alt=\"alessia coppola specchio\" src=\"http:\/\/www.brundisium.net\/brun\/wp-content\/uploads\/2014\/02\/alessia-coppola-specchio-195x300.jpg\" width=\"195\" height=\"300\" data-id=\"4949\" srcset=\"https:\/\/www.brundisium.net\/brun\/wp-content\/uploads\/2014\/02\/alessia-coppola-specchio-195x300.jpg 195w, https:\/\/www.brundisium.net\/brun\/wp-content\/uploads\/2014\/02\/alessia-coppola-specchio.jpg 386w\" sizes=\"auto, (max-width: 195px) 100vw, 195px\" \/><\/a>A me piace di pi\u00f9 il lamento accorato di Pessoa: \u00ab<em>S\u00ec, so bene che mai sar\u00f2 qualcuno\u2026 S\u00ec, ma adesso, finch\u00e9 dura quest\u2019ora\u2026 lascino che mi creda quel che mai potr\u00f2 essere<\/em>\u00bb.<\/p>\n<p>Agevolare la propria fantasia, dunque, senza sconfessare la realt\u00e0.<\/p>\n<p>Altrimenti si rischia di diventare dei poeti che vivono stabilmente sulla luna in compagnia del cervello di Orlando. Invece bisogna mantenere una sorta di equilibrio tra questi due modi di vivere.<\/p>\n<p>Come?<\/p>\n<p>Qual \u00e8 il segnale che deve farci capire la necessit\u00e0 del cambio?<\/p>\n<p>La noia!<\/p>\n<p>Quando il suo livello di guardia si alza pericolosamente allora \u00e8 il momento di rifugiarsi nel mondo colorato e creativo dell\u2019immaginazione.<\/p>\n<p>&nbsp;<\/p>\n<p><strong>Guido Giampietro<\/strong><\/p>\n<p><strong>Illustrazioni di Alessia Coppola \u00a9- Writer &amp; Illustrator\u00a0<\/strong><\/p>\n","protected":false},"excerpt":{"rendered":"<p>Per anni ho creduto che \u201cabbeverarsi\u201d alla fonte della fantasia equivalesse implicitamente a un rifiuto della realt\u00e0, a qualcosa di cui fosse meglio non parlare in giro, a un campicello che bisognava coltivare non alla luce del sole ma col favore delle tenebre&#8230; Poi ho cominciato a scrivere soggetti suggeriti proprio da quel mondo della fantasia e il mio giudizio si \u00e8 mitigato. L\u2019immaginazione non pu\u00f2 essere una cosa da nascondere \u02d7 mi sono detto \u02d7 se\u00a0 consente d\u2019inventarmi delle storie che possono creare interesse negli altri e, qualche volta, addirittura partecipazione, consenso. &nbsp; Una scrittura senza una fertile immaginazione \u02d7 a meno che non si tratti di cronaca o di un pamphlet \u02d7 non \u00e8 possibile. Cos\u00ec ho continuato a barcamenarmi \u02d7 per\u00f2 con la circospezione di un congiurato \u02d7 tra reale e irreale, tra quello che di concreto esiste al mondo e ci\u00f2 che esce dai voli pindarici della mia penna irrequieta. Finch\u00e9\u2026 &nbsp; Finch\u00e9 non sono incappato in questa frase tratta da una lettera che il giovane&#8230;<\/p>\n","protected":false},"author":2,"featured_media":4942,"comment_status":"open","ping_status":"open","sticky":false,"template":"","format":"standard","meta":{"footnotes":""},"categories":[3129,9],"tags":[927,18],"class_list":["post-4940","post","type-post","status-publish","format-standard","has-post-thumbnail","hentry","category-guido-giampietro","category-interventi","tag-alessia-coppola","tag-guido-giampietro"],"_links":{"self":[{"href":"https:\/\/www.brundisium.net\/index.php\/wp-json\/wp\/v2\/posts\/4940","targetHints":{"allow":["GET"]}}],"collection":[{"href":"https:\/\/www.brundisium.net\/index.php\/wp-json\/wp\/v2\/posts"}],"about":[{"href":"https:\/\/www.brundisium.net\/index.php\/wp-json\/wp\/v2\/types\/post"}],"author":[{"embeddable":true,"href":"https:\/\/www.brundisium.net\/index.php\/wp-json\/wp\/v2\/users\/2"}],"replies":[{"embeddable":true,"href":"https:\/\/www.brundisium.net\/index.php\/wp-json\/wp\/v2\/comments?post=4940"}],"version-history":[{"count":4,"href":"https:\/\/www.brundisium.net\/index.php\/wp-json\/wp\/v2\/posts\/4940\/revisions"}],"predecessor-version":[{"id":4991,"href":"https:\/\/www.brundisium.net\/index.php\/wp-json\/wp\/v2\/posts\/4940\/revisions\/4991"}],"wp:featuredmedia":[{"embeddable":true,"href":"https:\/\/www.brundisium.net\/index.php\/wp-json\/wp\/v2\/media\/4942"}],"wp:attachment":[{"href":"https:\/\/www.brundisium.net\/index.php\/wp-json\/wp\/v2\/media?parent=4940"}],"wp:term":[{"taxonomy":"category","embeddable":true,"href":"https:\/\/www.brundisium.net\/index.php\/wp-json\/wp\/v2\/categories?post=4940"},{"taxonomy":"post_tag","embeddable":true,"href":"https:\/\/www.brundisium.net\/index.php\/wp-json\/wp\/v2\/tags?post=4940"}],"curies":[{"name":"wp","href":"https:\/\/api.w.org\/{rel}","templated":true}]}}