{"id":5040,"date":"2014-02-15T16:55:49","date_gmt":"2014-02-15T15:55:49","guid":{"rendered":"http:\/\/www.brundisium.net\/brun\/?p=5040"},"modified":"2014-02-15T16:55:49","modified_gmt":"2014-02-15T15:55:49","slug":"claudio-fava-inaugura-in-officina-nuova-associazione-politico-culturale-mesegnase","status":"publish","type":"post","link":"https:\/\/www.brundisium.net\/index.php\/claudio-fava-inaugura-in-officina-nuova-associazione-politico-culturale-mesegnase\/","title":{"rendered":"Claudio Fava inaugura &#8220;In Officina&#8221;, nuova associazione politico culturale mesegnase"},"content":{"rendered":"<div>Spetter\u00e0 a <strong>Claudio Fava<\/strong>, intellettuale e scrittore raffinato, oggi parlamentare di SEL, inaugurare il programma di iniziative della neonata associazione politico-culturale \u201c<strong>In Officina<\/strong>\u201d, costituita a Mesagne negli scorsi giorni.<\/div>\n<div><\/div>\n<div>Appuntamento fissato per il prossimo 20 febbraio alle 17 nel frantoio ipogeo: nell&#8217;occasione Fava presenter\u00e0, coordinando la serata il giornalista della Gazzetta del Mezzogiorno <strong>Angelo Sconosciuto<\/strong>, il libro \u201c<strong>Mar de Plata<\/strong>\u201d,\u00a0con il quale ricostruisce la drammatica vicenda di una squadra di rugby annientata quasi completamente dalla dittatura di Videla.<\/div>\n<div><\/div>\n<div><a href=\"http:\/\/www.brundisium.net\/brun\/wp-content\/uploads\/2014\/02\/Antonio-Capodieci.jpg\"><img loading=\"lazy\" decoding=\"async\" class=\"size-thumbnail wp-image-5042 alignleft\" alt=\"IMG_8920\" src=\"http:\/\/www.brundisium.net\/brun\/wp-content\/uploads\/2014\/02\/Antonio-Capodieci-150x150.jpg\" width=\"150\" height=\"150\" data-id=\"5042\" srcset=\"https:\/\/www.brundisium.net\/brun\/wp-content\/uploads\/2014\/02\/Antonio-Capodieci-150x150.jpg 150w, https:\/\/www.brundisium.net\/brun\/wp-content\/uploads\/2014\/02\/Antonio-Capodieci-600x600.jpg 600w, https:\/\/www.brundisium.net\/brun\/wp-content\/uploads\/2014\/02\/Antonio-Capodieci-60x60.jpg 60w\" sizes=\"auto, (max-width: 150px) 100vw, 150px\" \/><\/a>Spiega il presidente di \u201cIn Officina\u201d <strong>Antonio Capodieci<\/strong>, ingegnere informatico e docente universitario: \u00ab<em>Nella nostra Officina intendiamo costruire un luogo di \u201cresistenza civica\u201d dove mettere insieme le vicende e le ambizioni migliori della sinistra contemporanea: di una sinistra, cio\u00e8, moderna, assertiva rispetto ad alcuni valori fondamentali, non timorosa di adempiere al ruolo assegnatole dalla tradizione democratica nazionale. <\/em><\/div>\n<div><em>A questo scopo stiamo provando a radunare giovani e meno giovani: per offrire un contributo di idee ed opinioni, confrontarsi al di fuori dei partiti costituiti, prefigurare modelli di societ\u00e0 e contesti immediatamente futuribili. L&#8217;\u00abOfficina\u00bb non sar\u00e0 ospitata in una sede fisica ma ne occuper\u00e0 varie e di varia natura: un blog, contenitore di ipotesi e tesi dai pi\u00f9 diversi settori della societ\u00e0; una pagina Facebook, come si conviene nell&#8217;epoca della comunicazione \u00abfast\u00bb; e quegli ambienti in cui saranno allestite via via le iniziative pubbliche in programma ed in via di definizione<\/em>\u00bb.<\/div>\n<div><\/div>\n<div><\/div>\n<div>Proprio quanto alle iniziative in allestimento, la prima stagione di appuntamenti \u00e8 gi\u00e0 parzialmente delineata: cogliendo l&#8217;opportunit\u00e0 di presentare libri appena editi o in procinto di esserlo, a Mesagne si avvicenderanno alcuni tra i protagonisti vecchi e nuovi della sinistra italiana.<\/div>\n<div><\/div>\n<div>Dopo Fava, nei prossimi mesi, porteranno la loro testimonianza di protagonisti vecchi e nuovi della sinistra anche Antonio Bassolino, Pippo Civati, Achille Occhetto, Michela Marzano.<\/div>\n<div><\/div>\n<div><strong>COMUNICATO STAMPA IN OFFICINA<\/strong><\/div>\n","protected":false},"excerpt":{"rendered":"<p>Spetter\u00e0 a Claudio Fava, intellettuale e scrittore raffinato, oggi parlamentare di SEL, inaugurare il programma di iniziative della neonata associazione politico-culturale \u201cIn Officina\u201d, costituita a Mesagne negli scorsi giorni. Appuntamento fissato per il prossimo 20 febbraio alle 17 nel frantoio ipogeo: nell&#8217;occasione Fava presenter\u00e0, coordinando la serata il giornalista della Gazzetta del Mezzogiorno Angelo Sconosciuto, il libro \u201cMar de Plata\u201d,\u00a0con il quale ricostruisce la drammatica vicenda di una squadra di rugby annientata quasi completamente dalla dittatura di Videla. Spiega il presidente di \u201cIn Officina\u201d Antonio Capodieci, ingegnere informatico e docente universitario: \u00abNella nostra Officina intendiamo costruire un luogo di \u201cresistenza civica\u201d dove mettere insieme le vicende e le ambizioni migliori della sinistra contemporanea: di una sinistra, cio\u00e8, moderna, assertiva rispetto ad alcuni valori fondamentali, non timorosa di adempiere al ruolo assegnatole dalla tradizione democratica nazionale. A questo scopo stiamo provando a radunare giovani e meno giovani: per offrire un contributo di idee ed opinioni, confrontarsi al di fuori dei partiti costituiti, prefigurare modelli di societ\u00e0 e contesti immediatamente futuribili. L&#8217;\u00abOfficina\u00bb&#8230;<\/p>\n","protected":false},"author":2,"featured_media":5041,"comment_status":"open","ping_status":"open","sticky":false,"template":"","format":"standard","meta":{"footnotes":""},"categories":[7],"tags":[941,940,210],"class_list":["post-5040","post","type-post","status-publish","format-standard","has-post-thumbnail","hentry","category-news","tag-claudio-fava","tag-in-officina","tag-mesagne"],"_links":{"self":[{"href":"https:\/\/www.brundisium.net\/index.php\/wp-json\/wp\/v2\/posts\/5040","targetHints":{"allow":["GET"]}}],"collection":[{"href":"https:\/\/www.brundisium.net\/index.php\/wp-json\/wp\/v2\/posts"}],"about":[{"href":"https:\/\/www.brundisium.net\/index.php\/wp-json\/wp\/v2\/types\/post"}],"author":[{"embeddable":true,"href":"https:\/\/www.brundisium.net\/index.php\/wp-json\/wp\/v2\/users\/2"}],"replies":[{"embeddable":true,"href":"https:\/\/www.brundisium.net\/index.php\/wp-json\/wp\/v2\/comments?post=5040"}],"version-history":[{"count":1,"href":"https:\/\/www.brundisium.net\/index.php\/wp-json\/wp\/v2\/posts\/5040\/revisions"}],"predecessor-version":[{"id":5043,"href":"https:\/\/www.brundisium.net\/index.php\/wp-json\/wp\/v2\/posts\/5040\/revisions\/5043"}],"wp:featuredmedia":[{"embeddable":true,"href":"https:\/\/www.brundisium.net\/index.php\/wp-json\/wp\/v2\/media\/5041"}],"wp:attachment":[{"href":"https:\/\/www.brundisium.net\/index.php\/wp-json\/wp\/v2\/media?parent=5040"}],"wp:term":[{"taxonomy":"category","embeddable":true,"href":"https:\/\/www.brundisium.net\/index.php\/wp-json\/wp\/v2\/categories?post=5040"},{"taxonomy":"post_tag","embeddable":true,"href":"https:\/\/www.brundisium.net\/index.php\/wp-json\/wp\/v2\/tags?post=5040"}],"curies":[{"name":"wp","href":"https:\/\/api.w.org\/{rel}","templated":true}]}}