{"id":53337,"date":"2015-10-08T11:39:19","date_gmt":"2015-10-08T09:39:19","guid":{"rendered":"http:\/\/www.brundisium.net\/brun\/?p=53337"},"modified":"2015-10-08T11:09:47","modified_gmt":"2015-10-08T09:09:47","slug":"xylella-domani-convegno-ms5-a-san-pietro-v-co","status":"publish","type":"post","link":"https:\/\/www.brundisium.net\/index.php\/xylella-domani-convegno-ms5-a-san-pietro-v-co\/","title":{"rendered":"Xylella, domani convegno MS5 a San Pietro V.co"},"content":{"rendered":"<p>Non possiamo sottacere al fenomeno Xylella. Con questo monito, il Meetuo &#8220;Cittadini in Movimento&#8221; indica una pubblica assemblea cittadina per ragguagliare la cittadinanza tutta sui drammatici avvenimenti che stanno colpendo i nostri ulivi. Come in tanti sapranno, le eradicazioni degli alberi pi\u00f9 storicamente rappresentativi dei nostri territori si verificano giornalmente.<\/p>\n<p>&nbsp;<\/p>\n<p>I paesi limitrofi a San Pietro Vernotico hanno, difatti, conosciuto tale triste operazione dettata dalla Unione Europea (su indicazioni della Regione Puglia), dapprima, ed accettata tacitamente dalle autorit\u00e0 locali (fortunatamente non tutte). Per questo motivo il nostro gruppo sanpietrano di attivisti vuole incontrare, non solo contadini e comuni cittadini, ma sopratutto l&#8217;Amministrazione comunale e gli assessori di settore.<\/p>\n<p>&nbsp;<\/p>\n<p>Proprio per questo motivi sono stato invitati a intervenire nel dibattito, il Sindaco Maurizio Renna e l&#8217;assessore alle attivit\u00e0 produttive Giuseppe Di Taranto. Ci\u00f2 che chiediamo \u00e8 infatti che il Comune di San Pietro Vernotico impugni e si opponga al famigerato Piano Silletti, con il quale sono previste le eradicazioni, al fine ultimo di non lasciare soli contadini i quali si vedrebbero abbandonati e costretti a fare un ricorso singolo o, nel migliori dei casi, congiunto. Siamo pi\u00f9 che certi che ben presto la notifica giunger\u00e0 a San Pietro Vernotico.<\/p>\n<p>Affinch\u00e9 ci\u00f2 non ci colga impreparati, il meetup ha invitato l&#8217;agronomo Cristian Casili, fra i primi ad essersi attivato da anni allo studio del batterio in questione, ora consigliere regionale M5S per illustrare alla gi\u00e0 invitata amministrazione e consiglio comunale come agire per evitare ulteriori danni per il nostro gi\u00e0 precario, ma comunque fertile, territorio.<\/p>\n<p>&nbsp;<\/p>\n<p>L&#8217;incontro \u00e8 previsto venerd\u00ec 9 ottobre alle ore 16:00 presso la &#8220;sala Scardino&#8221;, in Via Cagliari 37<\/p>\n<p>&nbsp;<\/p>\n<p><strong>COMUNICATO STAMPA M5S SAN PIETRO VERNOTICO<\/strong><\/p>\n","protected":false},"excerpt":{"rendered":"<p>Non possiamo sottacere al fenomeno Xylella. Con questo monito, il Meetuo &#8220;Cittadini in Movimento&#8221; indica una pubblica assemblea cittadina per ragguagliare la cittadinanza tutta sui drammatici avvenimenti che stanno colpendo i nostri ulivi. Come in tanti sapranno, le eradicazioni degli alberi pi\u00f9 storicamente rappresentativi dei nostri territori si verificano giornalmente. &nbsp; I paesi limitrofi a San Pietro Vernotico hanno, difatti, conosciuto tale triste operazione dettata dalla Unione Europea (su indicazioni della Regione Puglia), dapprima, ed accettata tacitamente dalle autorit\u00e0 locali (fortunatamente non tutte). Per questo motivo il nostro gruppo sanpietrano di attivisti vuole incontrare, non solo contadini e comuni cittadini, ma sopratutto l&#8217;Amministrazione comunale e gli assessori di settore. &nbsp; Proprio per questo motivi sono stato invitati a intervenire nel dibattito, il Sindaco Maurizio Renna e l&#8217;assessore alle attivit\u00e0 produttive Giuseppe Di Taranto. Ci\u00f2 che chiediamo \u00e8 infatti che il Comune di San Pietro Vernotico impugni e si opponga al famigerato Piano Silletti, con il quale sono previste le eradicazioni, al fine ultimo di non lasciare soli contadini i quali&#8230;<\/p>\n","protected":false},"author":2,"featured_media":37184,"comment_status":"open","ping_status":"closed","sticky":false,"template":"","format":"standard","meta":{"footnotes":""},"categories":[7],"tags":[435,2586],"class_list":["post-53337","post","type-post","status-publish","format-standard","has-post-thumbnail","hentry","category-news","tag-m5s","tag-xylella"],"_links":{"self":[{"href":"https:\/\/www.brundisium.net\/index.php\/wp-json\/wp\/v2\/posts\/53337","targetHints":{"allow":["GET"]}}],"collection":[{"href":"https:\/\/www.brundisium.net\/index.php\/wp-json\/wp\/v2\/posts"}],"about":[{"href":"https:\/\/www.brundisium.net\/index.php\/wp-json\/wp\/v2\/types\/post"}],"author":[{"embeddable":true,"href":"https:\/\/www.brundisium.net\/index.php\/wp-json\/wp\/v2\/users\/2"}],"replies":[{"embeddable":true,"href":"https:\/\/www.brundisium.net\/index.php\/wp-json\/wp\/v2\/comments?post=53337"}],"version-history":[{"count":1,"href":"https:\/\/www.brundisium.net\/index.php\/wp-json\/wp\/v2\/posts\/53337\/revisions"}],"predecessor-version":[{"id":53338,"href":"https:\/\/www.brundisium.net\/index.php\/wp-json\/wp\/v2\/posts\/53337\/revisions\/53338"}],"wp:featuredmedia":[{"embeddable":true,"href":"https:\/\/www.brundisium.net\/index.php\/wp-json\/wp\/v2\/media\/37184"}],"wp:attachment":[{"href":"https:\/\/www.brundisium.net\/index.php\/wp-json\/wp\/v2\/media?parent=53337"}],"wp:term":[{"taxonomy":"category","embeddable":true,"href":"https:\/\/www.brundisium.net\/index.php\/wp-json\/wp\/v2\/categories?post=53337"},{"taxonomy":"post_tag","embeddable":true,"href":"https:\/\/www.brundisium.net\/index.php\/wp-json\/wp\/v2\/tags?post=53337"}],"curies":[{"name":"wp","href":"https:\/\/api.w.org\/{rel}","templated":true}]}}