{"id":5455,"date":"2014-02-19T09:55:59","date_gmt":"2014-02-19T08:55:59","guid":{"rendered":"http:\/\/www.brundisium.net\/brun\/?p=5455"},"modified":"2014-02-19T09:55:59","modified_gmt":"2014-02-19T08:55:59","slug":"continua-la-protesta-dei-lavoratori-ex-lsu-ata","status":"publish","type":"post","link":"https:\/\/www.brundisium.net\/index.php\/continua-la-protesta-dei-lavoratori-ex-lsu-ata\/","title":{"rendered":"Continua la protesta dei lavoratori ex Lsu Ata"},"content":{"rendered":"<p>IL \u201cComitato unitario Brindisino ex Lsu Ata\u201d composto da lavoratori che operano nel settore delle pulizie delle scuole si \u00e8 riunito nella serata di ieri, Marted\u00ec 18 Febbraio 2014, per discutere delle prossime iniziative da realizzare contro i tagli operati dal governo alle ore di lavoro.<\/p>\n<p>Proprio nel corso dell\u2019incontro si \u00e8 appresa la notizia che il Ministro alla Pubblica Istruzione Carrozza sta realizzando per i lavoratori ex lsu Ata una proroga di 1 mese alle attuali condizioni di lavoro.<\/p>\n<p>Si evitano cos\u00ec ancora per 1 mese i tagli all\u2019orario di lavoro che dalle 35 ore settimanali dovevano diventare dal 1 Marzo nel migliore dei casi 18 ore settimanali.<\/p>\n<p>La proroga di 1 mese \u00e8 un piccolo ma importante risultato che nasce delle lotte a cui i lavoratori del \u201cComitato Brindisino\u201d, insieme agli altri comitati Pugliesi, hanno dato un importante contributo.<\/p>\n<p>Ricordiamo che proprio nella protesta leccese, realizzata ai margini di un convegno, incontrammo con gli altri Comitati pugliesi il Ministro all\u2019Istruzione Carrozza.<\/p>\n<p>In quella occasione formulammo al Ministro Carrozza la proposta intanto di cancellare il ricorso alle ditte private e con quei soldi a disposizione internalizzare il servizio di pulizia delle scuole, proposta che fu ripresa positivamente dalla stessa in sedi istituzionali.<\/p>\n<p>I diversi interventi dei lavoratori avvenuti nel corso dell\u2019incontro hanno confermato la positivit\u00e0 delle cose fatte , non ultima la manifestazione a Bari del 12 Febbraio sotto il provveditorato regionale , mantenendo forte l\u2019impegno a continuare la lotta.<\/p>\n<p>Le decisioni prese dall\u2019assemblea sono:<\/p>\n<p>&#8211; Stato di agitazione in tutte le scuole , che porter\u00e0 ad un forte stato di disagio delle pulizie .<\/p>\n<p>&#8211; Presidio Permanente dei lavoratori nei pressi dell\u2019Istituto Magistrale Palumbo di Brindisi a partire da Gioved\u00ec 20 Febbraio alle ore 7,00<\/p>\n<p>&#8211; Assemblea unitaria con studenti ed insegnanti davanti lo stesso Istituto Magistrale per la mattina sempre di Gioved\u00ec 20 Febbraio alle ore 8,00.<\/p>\n<p>&#8211; I lavoratori si raduneranno la mattina davanti l\u2019istituto Magistrale per spostarsi di giorno in giorno davanti ad una scuola diversa di Brindisi e Provincia, Provveditorato, incroci importanti della citt\u00e0, cortei per le strade della citt\u00e0, incontri con Enti Locali come il Comune dove il Sindaco ha gi\u00e0 dato la sua disponibilit\u00e0, partecipazione a scioperi nazionali.<\/p>\n<p>Insomma, l\u2019impegno dei lavoratori \u00e8 quello di evitare una condanna a morte realizzata dallo Stato Italiano in una situazione di crisi gravissima.<\/p>\n<p><strong>COMUNICATO STAMPA COMITATO UNITARIO BRINDISINO LAVORATORI EX LSU ATA<\/strong><\/p>\n","protected":false},"excerpt":{"rendered":"<p>IL \u201cComitato unitario Brindisino ex Lsu Ata\u201d composto da lavoratori che operano nel settore delle pulizie delle scuole si \u00e8 riunito nella serata di ieri, Marted\u00ec 18 Febbraio 2014, per discutere delle prossime iniziative da realizzare contro i tagli operati dal governo alle ore di lavoro. Proprio nel corso dell\u2019incontro si \u00e8 appresa la notizia che il Ministro alla Pubblica Istruzione Carrozza sta realizzando per i lavoratori ex lsu Ata una proroga di 1 mese alle attuali condizioni di lavoro. Si evitano cos\u00ec ancora per 1 mese i tagli all\u2019orario di lavoro che dalle 35 ore settimanali dovevano diventare dal 1 Marzo nel migliore dei casi 18 ore settimanali. La proroga di 1 mese \u00e8 un piccolo ma importante risultato che nasce delle lotte a cui i lavoratori del \u201cComitato Brindisino\u201d, insieme agli altri comitati Pugliesi, hanno dato un importante contributo. Ricordiamo che proprio nella protesta leccese, realizzata ai margini di un convegno, incontrammo con gli altri Comitati pugliesi il Ministro all\u2019Istruzione Carrozza. In quella occasione formulammo al Ministro Carrozza&#8230;<\/p>\n","protected":false},"author":2,"featured_media":5456,"comment_status":"open","ping_status":"open","sticky":false,"template":"","format":"standard","meta":{"footnotes":""},"categories":[7],"tags":[999],"class_list":["post-5455","post","type-post","status-publish","format-standard","has-post-thumbnail","hentry","category-news","tag-lsu-ata"],"_links":{"self":[{"href":"https:\/\/www.brundisium.net\/index.php\/wp-json\/wp\/v2\/posts\/5455","targetHints":{"allow":["GET"]}}],"collection":[{"href":"https:\/\/www.brundisium.net\/index.php\/wp-json\/wp\/v2\/posts"}],"about":[{"href":"https:\/\/www.brundisium.net\/index.php\/wp-json\/wp\/v2\/types\/post"}],"author":[{"embeddable":true,"href":"https:\/\/www.brundisium.net\/index.php\/wp-json\/wp\/v2\/users\/2"}],"replies":[{"embeddable":true,"href":"https:\/\/www.brundisium.net\/index.php\/wp-json\/wp\/v2\/comments?post=5455"}],"version-history":[{"count":1,"href":"https:\/\/www.brundisium.net\/index.php\/wp-json\/wp\/v2\/posts\/5455\/revisions"}],"predecessor-version":[{"id":5457,"href":"https:\/\/www.brundisium.net\/index.php\/wp-json\/wp\/v2\/posts\/5455\/revisions\/5457"}],"wp:featuredmedia":[{"embeddable":true,"href":"https:\/\/www.brundisium.net\/index.php\/wp-json\/wp\/v2\/media\/5456"}],"wp:attachment":[{"href":"https:\/\/www.brundisium.net\/index.php\/wp-json\/wp\/v2\/media?parent=5455"}],"wp:term":[{"taxonomy":"category","embeddable":true,"href":"https:\/\/www.brundisium.net\/index.php\/wp-json\/wp\/v2\/categories?post=5455"},{"taxonomy":"post_tag","embeddable":true,"href":"https:\/\/www.brundisium.net\/index.php\/wp-json\/wp\/v2\/tags?post=5455"}],"curies":[{"name":"wp","href":"https:\/\/api.w.org\/{rel}","templated":true}]}}