{"id":63960,"date":"2016-02-13T08:22:39","date_gmt":"2016-02-13T07:22:39","guid":{"rendered":"http:\/\/www.brundisium.net\/brun\/?p=63960"},"modified":"2016-07-04T17:50:34","modified_gmt":"2016-07-04T15:50:34","slug":"fermate-il-mondo-di-guido-giampietro","status":"publish","type":"post","link":"https:\/\/www.brundisium.net\/index.php\/fermate-il-mondo-di-guido-giampietro\/","title":{"rendered":"Fermate il mondo\u2026 Di Guido Giampietro"},"content":{"rendered":"<p><a href=\"http:\/\/www.brundisium.net\/brun\/wp-content\/uploads\/2016\/02\/fermate-il-mondo-loc.jpg\" rel=\"attachment wp-att-63962\"><img loading=\"lazy\" decoding=\"async\" class=\"alignright size-medium wp-image-63962\" src=\"http:\/\/www.brundisium.net\/brun\/wp-content\/uploads\/2016\/02\/fermate-il-mondo-loc-206x300.jpg\" alt=\"fermate-il-mondo loc\" width=\"206\" height=\"300\" srcset=\"https:\/\/www.brundisium.net\/brun\/wp-content\/uploads\/2016\/02\/fermate-il-mondo-loc-206x300.jpg 206w, https:\/\/www.brundisium.net\/brun\/wp-content\/uploads\/2016\/02\/fermate-il-mondo-loc.jpg 449w\" sizes=\"auto, (max-width: 206px) 100vw, 206px\" \/><\/a>Fermate il mondo\u2026 Voglio scendere! \u00c8 il titolo di una commedia amarognola del 1970 diretta da Giancarlo Cobelli. Con il film, per\u00f2, questo articolo non ha nulla a vedere. N\u00e9 il titolo \u00e8 fuori luogo. Perch\u00e9 io voglio scendere davvero da questo mondo. E non perch\u00e9 condizionato dall\u2019approssimarsi del fine corsa. S\u00ec, insomma, dell\u2019arrivo al deposito\u2026<\/p>\n<p>&nbsp;<\/p>\n<p>Nossignore. Voglio scendere perch\u00e9 il viaggio non m\u2019interessa pi\u00f9, non mi coinvolge, non mi emoziona. E tuttavia conservo integra la curiosit\u00e0, quella che, secondo Kadare\u2019, se non si soddisfa provoca sofferenza. E siccome non ho intenzione di soffrire, voglio vedere dove questo mondo sta andando.<\/p>\n<p>&nbsp;<\/p>\n<p>Il pretesto, l\u2019ultimo in ordine di tempo, me lo d\u00e0 il disegno di legge Cirinn\u00e0 che regolamenta le unioni civili e che da un bel po\u2019 tiene occupati i nostri parlamentari. Ma come? Con tanti problemi prioritari proprio adesso bisognava alzare questo polverone? Non basta l\u2019inferno che vuole scatenare il nostro Presidente della Regione contro chi ha affossato il PD e la citt\u00e0 di Brindisi?<\/p>\n<p>&nbsp;<\/p>\n<p>&nbsp;<\/p>\n<p><a href=\"http:\/\/www.brundisium.net\/brun\/wp-content\/uploads\/2016\/02\/unioni-civili1.jpg\" rel=\"attachment wp-att-63963\"><img loading=\"lazy\" decoding=\"async\" class=\"size-medium wp-image-63963 alignleft\" src=\"http:\/\/www.brundisium.net\/brun\/wp-content\/uploads\/2016\/02\/unioni-civili1-300x192.jpg\" alt=\"unioni-civili[1]\" width=\"300\" height=\"192\" srcset=\"https:\/\/www.brundisium.net\/brun\/wp-content\/uploads\/2016\/02\/unioni-civili1-300x192.jpg 300w, https:\/\/www.brundisium.net\/brun\/wp-content\/uploads\/2016\/02\/unioni-civili1.jpg 446w\" sizes=\"auto, (max-width: 300px) 100vw, 300px\" \/><\/a>Non voglio essere frainteso. Le unioni civili e le adozioni meritano da tempo una legge organica che ne disciplini la delicata materia, ma l\u2019intreccio con le unioni omosessuali e la possibilit\u00e0 di dare anche a loro il beneficio dell\u2019adozione mi sembra che abbia portato la discussione molto pi\u00f9 in l\u00e0 di quanto ci si proponeva.<\/p>\n<p>&nbsp;<\/p>\n<p>La frase del baronetto Elton John (\u201cI miei figli, l\u2019amore pi\u00f9 grande\u201d) mi lascia perplesso (insieme al cachet di 500.000 euro che noi abbonati RAI gli abbiamo versato per la sua comparsata!). Tot\u00f2 avrebbe esclamato: \u201cMa mi faccia il piacere!\u201d.<\/p>\n<p>&nbsp;<\/p>\n<p>Entrando nel vivo della discussione mi chiedo se c\u2019\u00e8 qualcosa di pi\u00f9 umiliante, per una donna, di commercializzare la maternit\u00e0. Esiste qualcosa di pi\u00f9 triste delle fabbriche di bambini nei paesi in via di sviluppo? Quelle dove ricchi omosessuali prenotano un figlio che verr\u00e0 strappato dal seno materno dopo qualche minuto dalla nascita.<\/p>\n<p>&nbsp;<\/p>\n<p>A questo punto si \u00e8 data la stura al variegato pensiero che soprassiede a questa problematica. E gli opinionisti, nemmeno a dirlo, si sono scatenati pro o contro. Come se si trattasse di una partita di calcio, quando invece \u00e8 in gioco il destino di migliaia di bambini, non tutti destinati a diventare figli di baronetti.<\/p>\n<p>&nbsp;<\/p>\n<p>&nbsp;<\/p>\n<p><a href=\"http:\/\/www.brundisium.net\/brun\/wp-content\/uploads\/2016\/02\/claudio-magris1.jpg\" rel=\"attachment wp-att-63964\"><img loading=\"lazy\" decoding=\"async\" class=\"alignright size-medium wp-image-63964\" src=\"http:\/\/www.brundisium.net\/brun\/wp-content\/uploads\/2016\/02\/claudio-magris1-300x242.jpg\" alt=\"magris\" width=\"300\" height=\"242\" srcset=\"https:\/\/www.brundisium.net\/brun\/wp-content\/uploads\/2016\/02\/claudio-magris1-300x242.jpg 300w, https:\/\/www.brundisium.net\/brun\/wp-content\/uploads\/2016\/02\/claudio-magris1-768x620.jpg 768w, https:\/\/www.brundisium.net\/brun\/wp-content\/uploads\/2016\/02\/claudio-magris1.jpg 1024w\" sizes=\"auto, (max-width: 300px) 100vw, 300px\" \/><\/a>Tra le voci a favore dell\u2019adozione anche tra omosessuali si \u00e8 levata quella, autorevolissima, di Claudio Magris. E mi fa specie che il mio scrittore preferito si sia schierato dall\u2019altra parte, quella dalla quale io prendo le distanze.<\/p>\n<p>Magris non affronta il problema se sia pi\u00f9 nobile l\u2019eros omosessuale o quello etero anche se lascia intuire per quale dei due propende. Infatti sottolinea come, a differenza della cultura biblica (che lo ha aborrito), quella classica, specialmente la greca (la pi\u00f9 grande civilt\u00e0 mai esistita) abbia celebrato il primo come l\u2019eros pi\u00f9 spirituale.<\/p>\n<p>E continua: \u00ab<em>L\u2019unico criterio in base al quale affidare o no un bambino che abbia perduto i suoi genitori, o sia stato giustamente sottratto nel caso di loro non integrit\u00e0 o incapacit\u00e0, \u00e8 la dimostrata capacit\u00e0 di una persona, o di due, ma forse anche pi\u00f9 di due, di amare, educare, tutelare la piccola vita che le (o loro) viene affidata<\/em>\u00bb.<\/p>\n<p>&nbsp;<\/p>\n<p>&nbsp;<\/p>\n<p>I bambini adottati, caro Magris, hanno certamente bisogno di amore, specie all\u2019alba della loro esistenza. Ma non \u00e8 sufficiente. Perch\u00e9 quando cominciano a misurarsi con la vita che pulsa al di fuori del rassicurante nido approntato dalla coppia omosessuale, cominciano a porsi delle domande. E le domande, nel tempo, se non ricevono risposte plausibili, finiscono per creare infelicit\u00e0.<\/p>\n<p>&nbsp;<\/p>\n<p>&nbsp;<\/p>\n<p>Quali domande? Una su tutte: perch\u00e9 gli altri bambini hanno un pap\u00e0 e una mamma (anche se questa terminologia \u00e8 stata soppiantata in alcuni registri anagrafici e scolastici da quella stupida di genitore 1 e genitore 2)?<\/p>\n<p>E man mano che si faranno pi\u00f9 grandicelli sentiranno il bisogno della figura paterna e di quella materna. Perch\u00e9, Magris, anche gli uomini delle caverne, inconsapevolmente, rivestivano questi ruoli. Perch\u00e9 l\u2019amore non pu\u00f2 surrogare quel filo invisibile che si crea tra padre e figlio o madre e figlia. Perch\u00e9 c\u2019\u00e8 una voce, impropriamente chiamata \u201cdel sangue\u201d, che \u00e8 una vera forza in grado di spingerci alla ricerca dei genitori naturali.<\/p>\n<p>&nbsp;<\/p>\n<p>Ebbene, se si vuole snaturare questo sentimento antico quanto il mondo, allora diamo agli omosessuali la possibilit\u00e0, attraverso il mostruoso istituto dell\u2019utero in affitto (un ritorno a pratiche neoschiaviste!), di adottare bambini che, da adulti, avranno a dir poco le idee confuse.<\/p>\n<p>&nbsp;<\/p>\n<p>Ma se il mondo lo vogliamo salvare per davvero abbiamo allora l\u2019obbligo di tenere presente che tra il capriccio di due adulti e i diritti di un bambino non dobbiamo avere alcuna esitazione nella scelta: si deve sempre difendere la persona pi\u00f9 debole.<\/p>\n<p>&nbsp;<\/p>\n<p><strong>Guido Giampietro<\/strong><\/p>\n","protected":false},"excerpt":{"rendered":"<p>Fermate il mondo\u2026 Voglio scendere! \u00c8 il titolo di una commedia amarognola del 1970 diretta da Giancarlo Cobelli. Con il film, per\u00f2, questo articolo non ha nulla a vedere. N\u00e9 il titolo \u00e8 fuori luogo. Perch\u00e9 io voglio scendere davvero da questo mondo. E non perch\u00e9 condizionato dall\u2019approssimarsi del fine corsa. S\u00ec, insomma, dell\u2019arrivo al deposito\u2026 &nbsp; Nossignore. Voglio scendere perch\u00e9 il viaggio non m\u2019interessa pi\u00f9, non mi coinvolge, non mi emoziona. E tuttavia conservo integra la curiosit\u00e0, quella che, secondo Kadare\u2019, se non si soddisfa provoca sofferenza. E siccome non ho intenzione di soffrire, voglio vedere dove questo mondo sta andando. &nbsp; Il pretesto, l\u2019ultimo in ordine di tempo, me lo d\u00e0 il disegno di legge Cirinn\u00e0 che regolamenta le unioni civili e che da un bel po\u2019 tiene occupati i nostri parlamentari. Ma come? Con tanti problemi prioritari proprio adesso bisognava alzare questo polverone? Non basta l\u2019inferno che vuole scatenare il nostro Presidente della Regione contro chi ha affossato il PD e la citt\u00e0 di Brindisi? &nbsp; &nbsp;&#8230;<\/p>\n","protected":false},"author":2,"featured_media":63961,"comment_status":"open","ping_status":"closed","sticky":false,"template":"","format":"standard","meta":{"footnotes":""},"categories":[3129,9],"tags":[],"class_list":["post-63960","post","type-post","status-publish","format-standard","has-post-thumbnail","hentry","category-guido-giampietro","category-interventi"],"_links":{"self":[{"href":"https:\/\/www.brundisium.net\/index.php\/wp-json\/wp\/v2\/posts\/63960","targetHints":{"allow":["GET"]}}],"collection":[{"href":"https:\/\/www.brundisium.net\/index.php\/wp-json\/wp\/v2\/posts"}],"about":[{"href":"https:\/\/www.brundisium.net\/index.php\/wp-json\/wp\/v2\/types\/post"}],"author":[{"embeddable":true,"href":"https:\/\/www.brundisium.net\/index.php\/wp-json\/wp\/v2\/users\/2"}],"replies":[{"embeddable":true,"href":"https:\/\/www.brundisium.net\/index.php\/wp-json\/wp\/v2\/comments?post=63960"}],"version-history":[{"count":1,"href":"https:\/\/www.brundisium.net\/index.php\/wp-json\/wp\/v2\/posts\/63960\/revisions"}],"predecessor-version":[{"id":63965,"href":"https:\/\/www.brundisium.net\/index.php\/wp-json\/wp\/v2\/posts\/63960\/revisions\/63965"}],"wp:featuredmedia":[{"embeddable":true,"href":"https:\/\/www.brundisium.net\/index.php\/wp-json\/wp\/v2\/media\/63961"}],"wp:attachment":[{"href":"https:\/\/www.brundisium.net\/index.php\/wp-json\/wp\/v2\/media?parent=63960"}],"wp:term":[{"taxonomy":"category","embeddable":true,"href":"https:\/\/www.brundisium.net\/index.php\/wp-json\/wp\/v2\/categories?post=63960"},{"taxonomy":"post_tag","embeddable":true,"href":"https:\/\/www.brundisium.net\/index.php\/wp-json\/wp\/v2\/tags?post=63960"}],"curies":[{"name":"wp","href":"https:\/\/api.w.org\/{rel}","templated":true}]}}