{"id":64600,"date":"2016-02-19T18:28:17","date_gmt":"2016-02-19T17:28:17","guid":{"rendered":"http:\/\/www.brundisium.net\/brun\/?p=64600"},"modified":"2016-02-19T17:31:11","modified_gmt":"2016-02-19T16:31:11","slug":"qui-e-ora-dal-26-febbraio-a-mesagne-la-mostra-di-daniela-errico","status":"publish","type":"post","link":"https:\/\/www.brundisium.net\/index.php\/qui-e-ora-dal-26-febbraio-a-mesagne-la-mostra-di-daniela-errico\/","title":{"rendered":"Qui e Ora: dal 26 Febbraio a Mesagne la mostra di Daniela Errico"},"content":{"rendered":"<p><a href=\"http:\/\/www.brundisium.net\/brun\/wp-content\/uploads\/2016\/02\/QUI-E-ORA-BRINDISI-DANIELA-ERRICO-2.jpg\" rel=\"attachment wp-att-64605\"><img loading=\"lazy\" decoding=\"async\" class=\"size-medium wp-image-64605 alignleft\" src=\"http:\/\/www.brundisium.net\/brun\/wp-content\/uploads\/2016\/02\/QUI-E-ORA-BRINDISI-DANIELA-ERRICO-2-300x300.jpg\" alt=\"QUI E ORA BRINDISI DANIELA ERRICO (2)\" width=\"300\" height=\"300\" srcset=\"https:\/\/www.brundisium.net\/brun\/wp-content\/uploads\/2016\/02\/QUI-E-ORA-BRINDISI-DANIELA-ERRICO-2-300x300.jpg 300w, https:\/\/www.brundisium.net\/brun\/wp-content\/uploads\/2016\/02\/QUI-E-ORA-BRINDISI-DANIELA-ERRICO-2-150x150.jpg 150w, https:\/\/www.brundisium.net\/brun\/wp-content\/uploads\/2016\/02\/QUI-E-ORA-BRINDISI-DANIELA-ERRICO-2-768x769.jpg 768w, https:\/\/www.brundisium.net\/brun\/wp-content\/uploads\/2016\/02\/QUI-E-ORA-BRINDISI-DANIELA-ERRICO-2-1024x1024.jpg 1024w, https:\/\/www.brundisium.net\/brun\/wp-content\/uploads\/2016\/02\/QUI-E-ORA-BRINDISI-DANIELA-ERRICO-2-600x600.jpg 600w, https:\/\/www.brundisium.net\/brun\/wp-content\/uploads\/2016\/02\/QUI-E-ORA-BRINDISI-DANIELA-ERRICO-2-60x60.jpg 60w, https:\/\/www.brundisium.net\/brun\/wp-content\/uploads\/2016\/02\/QUI-E-ORA-BRINDISI-DANIELA-ERRICO-2.jpg 1078w\" sizes=\"auto, (max-width: 300px) 100vw, 300px\" \/><\/a>Sar\u00e0 inaugurata venerd\u00ec 26 febbraio (ore 21), presso l\u2019associazione La Manovella di Mesagne (Br), la personale fotografica, \u201cQui e Ora\u201d, di Daniela Errico, patrocinata dall\u2019associazione fotografica \u201cCantierimmagine\u201d. Contestualmente, in programma con l\u2019apertura, anche il concerto de 2\/5 le Poet\u00e8modi, in una versione assolutamente inedita, in duo con Salvatore De Stradis (voce e chitarra) e Marilina De Stradis (tastiera e voci).<\/p>\n<p>&nbsp;<br \/>\nDopo l\u2019esposizione di \u201cQui e Ora\u201d avvenuta a dicembre presso il Binario 23, a cui \u00e8 seguita quella presso il teatro comunale di Torre Santa Susanna (Br), nell\u2019ambito della rassegna \u201cCine Qua Non\u201d, il nuovo progetto della fotografa brindisina arriva cos\u00ec anche a Mesagne. Si tratta di un progetto iniziato il 2 settembre 2013 e concluso il 2 settembre 2014: Daniela Errico si \u00e8 resa protagonista del desiderio di fotografare quotidianamente un attimo significativo di ogni singola giornata, per scegliere poi di pubblicarlo online, per sole 24 ore, sul proprio sito internet.<\/p>\n<p>&nbsp;<br \/>\n<a href=\"http:\/\/www.brundisium.net\/brun\/wp-content\/uploads\/2016\/02\/2-5-LE-POETEMODI-2-Foto-Pierangela-De-Matteis.jpg\" rel=\"attachment wp-att-64602\"><img loading=\"lazy\" decoding=\"async\" class=\"alignright size-medium wp-image-64602\" src=\"http:\/\/www.brundisium.net\/brun\/wp-content\/uploads\/2016\/02\/2-5-LE-POETEMODI-2-Foto-Pierangela-De-Matteis-300x200.jpg\" alt=\"2 5 LE POETEMODI (2) - Foto Pierangela De Matteis\" width=\"300\" height=\"200\" srcset=\"https:\/\/www.brundisium.net\/brun\/wp-content\/uploads\/2016\/02\/2-5-LE-POETEMODI-2-Foto-Pierangela-De-Matteis-300x200.jpg 300w, https:\/\/www.brundisium.net\/brun\/wp-content\/uploads\/2016\/02\/2-5-LE-POETEMODI-2-Foto-Pierangela-De-Matteis-768x512.jpg 768w, https:\/\/www.brundisium.net\/brun\/wp-content\/uploads\/2016\/02\/2-5-LE-POETEMODI-2-Foto-Pierangela-De-Matteis.jpg 960w\" sizes=\"auto, (max-width: 300px) 100vw, 300px\" \/><\/a>Il concerto de 2\/5 le Poet\u00e8modi sar\u00e0 invece la prima uscita di questa particolare versione per la piccola corrente d\u2019avanguardia che ritorna ad esibirsi dal vivo con due quinti della propria formazione. le Poet\u00e8modi \u00e8 infatti un gruppo composto da Salvatore, Salvatore, Marilina, Vincenzo e Antonio, che nel corso del tempo ha condiviso il palco con Gianni Maroccolo, Giorgio Canali, Amerigo Verardi, Emidio Clementi (Massimo Volume), Edda. Due sono gli album all&#8217;attivo, ormai esauriti in supporto fisico. le Poet\u00e8modi ha anche composto la colonna sonora dello spettacolo &#8220;dov&#8217;\u00e8 Desdemona?&#8221; vincitore del premio del pubblico al Fringe Festival 2014 di Roma, andato in scena anche a Parigi. Attualmente in duo, le Poet\u00e8modi con la tappa di Mesagne inaugurano la nuova versione live, che proseguir\u00e0 il prossimo 5 marzo al GustoVinile di Brindisi, il 13 marzo al Caff\u00e8 Teatro Il Melograno di Nard\u00f2, il 18 marzo allo Zei di Lecce e l\u2019uno aprile presso l\u2019Underground Pub di Porto Cesareo.<\/p>\n<p>&nbsp;<br \/>\n<a href=\"http:\/\/www.brundisium.net\/brun\/wp-content\/uploads\/2016\/02\/2-5-LE-POETEMODI-Foto-di-Daniela-Errico.jpg\" rel=\"attachment wp-att-64601\"><img loading=\"lazy\" decoding=\"async\" class=\"size-medium wp-image-64601 alignleft\" src=\"http:\/\/www.brundisium.net\/brun\/wp-content\/uploads\/2016\/02\/2-5-LE-POETEMODI-Foto-di-Daniela-Errico-300x300.jpg\" alt=\"2 5 LE POETEMODI - Foto di Daniela Errico\" width=\"300\" height=\"300\" srcset=\"https:\/\/www.brundisium.net\/brun\/wp-content\/uploads\/2016\/02\/2-5-LE-POETEMODI-Foto-di-Daniela-Errico-300x300.jpg 300w, https:\/\/www.brundisium.net\/brun\/wp-content\/uploads\/2016\/02\/2-5-LE-POETEMODI-Foto-di-Daniela-Errico-150x150.jpg 150w, https:\/\/www.brundisium.net\/brun\/wp-content\/uploads\/2016\/02\/2-5-LE-POETEMODI-Foto-di-Daniela-Errico-768x768.jpg 768w, https:\/\/www.brundisium.net\/brun\/wp-content\/uploads\/2016\/02\/2-5-LE-POETEMODI-Foto-di-Daniela-Errico-600x600.jpg 600w, https:\/\/www.brundisium.net\/brun\/wp-content\/uploads\/2016\/02\/2-5-LE-POETEMODI-Foto-di-Daniela-Errico-60x60.jpg 60w, https:\/\/www.brundisium.net\/brun\/wp-content\/uploads\/2016\/02\/2-5-LE-POETEMODI-Foto-di-Daniela-Errico.jpg 960w\" sizes=\"auto, (max-width: 300px) 100vw, 300px\" \/><\/a>Daniela Errico e le Poet\u00e8modi hanno spesso collaborato insieme in performance live contemporanee, nonch\u00e9 su set fotografici e realizzazioni video, fra cui, ad esempio, anche la realizzazione del booktrailer di \u201cHotel\u201d di Mino Pica, che ottenne il secondo posto come migliore originalit\u00e0 durante il \u201cBooktrailer Online Award 2014\u201d.<br \/>\nLa personale fotografica di Daniela Errico invece rester\u00e0 in esposizione fino al prossimo 11 marzo.<br \/>\n\u201cOgni immagine delle 365 create \u2013 si legge nella prefazione del libretto \u201cQui e Ora\u201d stampato, a condire la mostra fotografica &#8211; \u00e8 stato un riflesso di un particolare momento vissuto. La ricerca del significato di questo continuo presente \u00e8 stata arricchita ostinatamente, ogni giorno, condita e sostenuta con frasi, aforismi e parole volte a strappare ancora maggiore attenzione sul nostro presente; Qui&amp;ora nasce da qui, dull\u2019attenzione alla presenza mentale quotidiana e alla vita come dono da gustare con semplice estrema cura\u201d. Nata a Brindisi, Daniela Errico \u00e8 una fotografa in continuo movimento che passa dalla fotografia documentale alla rappresentazione espressiva di stati d&#8217;animo e ricerca. Docente di Phothoshop, nel 2012 firma &#8220;Esseri riflessi&#8221;, un progetto, premiato da &#8220;Damage Good&#8221;, che attraverso l&#8217;uso del camouflage, omaggia artisti contemporanei. Del 2015 il suo primo libro fotografico, &#8220;The Music Affair&#8221; (Blurb), per una collezione di immagini riproposta in diversi contesti in giro per la Puglia.<\/p>\n<p>&nbsp;<\/p>\n<p>&nbsp;<\/p>\n<p><a href=\"http:\/\/www.brundisium.net\/brun\/wp-content\/uploads\/2016\/02\/QUI-E-ORA-BRINDISI-DANIELA-ERRICO-1.jpg\" rel=\"attachment wp-att-64604\"><img loading=\"lazy\" decoding=\"async\" class=\"alignright size-medium wp-image-64604\" src=\"http:\/\/www.brundisium.net\/brun\/wp-content\/uploads\/2016\/02\/QUI-E-ORA-BRINDISI-DANIELA-ERRICO-1-300x300.jpg\" alt=\"QUI E ORA BRINDISI DANIELA ERRICO (1)\" width=\"300\" height=\"300\" srcset=\"https:\/\/www.brundisium.net\/brun\/wp-content\/uploads\/2016\/02\/QUI-E-ORA-BRINDISI-DANIELA-ERRICO-1-300x300.jpg 300w, https:\/\/www.brundisium.net\/brun\/wp-content\/uploads\/2016\/02\/QUI-E-ORA-BRINDISI-DANIELA-ERRICO-1-150x150.jpg 150w, https:\/\/www.brundisium.net\/brun\/wp-content\/uploads\/2016\/02\/QUI-E-ORA-BRINDISI-DANIELA-ERRICO-1-768x769.jpg 768w, https:\/\/www.brundisium.net\/brun\/wp-content\/uploads\/2016\/02\/QUI-E-ORA-BRINDISI-DANIELA-ERRICO-1-1024x1024.jpg 1024w, https:\/\/www.brundisium.net\/brun\/wp-content\/uploads\/2016\/02\/QUI-E-ORA-BRINDISI-DANIELA-ERRICO-1-600x600.jpg 600w, https:\/\/www.brundisium.net\/brun\/wp-content\/uploads\/2016\/02\/QUI-E-ORA-BRINDISI-DANIELA-ERRICO-1-60x60.jpg 60w, https:\/\/www.brundisium.net\/brun\/wp-content\/uploads\/2016\/02\/QUI-E-ORA-BRINDISI-DANIELA-ERRICO-1.jpg 1067w\" sizes=\"auto, (max-width: 300px) 100vw, 300px\" \/><\/a>La personale di Daniela Errico si inserisce all\u2019interno delle nuove attivit\u00e0 in programma di Cantierimmagine, che con questa intende dare il via al patrocinio delle mostre personali dei suoi soci. Cantierimmagine \u00e8 un\u2019associazione fotografica di volontariato nata a Brindisi nel settembre 2008 con gli obiettivi principali di diffondere l&#8217;interesse per la fotografia e contribuire alla promozione e valorizzazione del territorio, con particolare riferimento alla tutela del patrimonio artistico &#8211; ambientale, alla tutela dei diritti umani ed ogni altro tema di rilevanza sociale.<\/p>\n<p>&nbsp;<br \/>\nL\u2019associazione La Manovella di Mesagne (Br) \u00e8 in Piazza Criscuolo, 18<br \/>\nIngresso libero<br \/>\nIniziativa patrocinata dal Comune di Mesagne<br \/>\nStart ore 21.00<br \/>\nPer maggiori informazioni \u00e8 possibile inviare una mail a associazionelamanovella@gmail.com.<\/p>\n<p>&nbsp;<\/p>\n<p>&nbsp;<\/p>\n<p><strong>COMUNICATO STAMPA<\/strong><\/p>\n","protected":false},"excerpt":{"rendered":"<p>Sar\u00e0 inaugurata venerd\u00ec 26 febbraio (ore 21), presso l\u2019associazione La Manovella di Mesagne (Br), la personale fotografica, \u201cQui e Ora\u201d, di Daniela Errico, patrocinata dall\u2019associazione fotografica \u201cCantierimmagine\u201d. Contestualmente, in programma con l\u2019apertura, anche il concerto de 2\/5 le Poet\u00e8modi, in una versione assolutamente inedita, in duo con Salvatore De Stradis (voce e chitarra) e Marilina De Stradis (tastiera e voci). &nbsp; Dopo l\u2019esposizione di \u201cQui e Ora\u201d avvenuta a dicembre presso il Binario 23, a cui \u00e8 seguita quella presso il teatro comunale di Torre Santa Susanna (Br), nell\u2019ambito della rassegna \u201cCine Qua Non\u201d, il nuovo progetto della fotografa brindisina arriva cos\u00ec anche a Mesagne. Si tratta di un progetto iniziato il 2 settembre 2013 e concluso il 2 settembre 2014: Daniela Errico si \u00e8 resa protagonista del desiderio di fotografare quotidianamente un attimo significativo di ogni singola giornata, per scegliere poi di pubblicarlo online, per sole 24 ore, sul proprio sito internet. &nbsp; Il concerto de 2\/5 le Poet\u00e8modi sar\u00e0 invece la prima uscita di questa particolare versione per&#8230;<\/p>\n","protected":false},"author":2,"featured_media":64603,"comment_status":"open","ping_status":"closed","sticky":false,"template":"","format":"standard","meta":{"footnotes":""},"categories":[489,7],"tags":[],"class_list":["post-64600","post","type-post","status-publish","format-standard","has-post-thumbnail","hentry","category-mostra-cultura-2","category-news"],"_links":{"self":[{"href":"https:\/\/www.brundisium.net\/index.php\/wp-json\/wp\/v2\/posts\/64600","targetHints":{"allow":["GET"]}}],"collection":[{"href":"https:\/\/www.brundisium.net\/index.php\/wp-json\/wp\/v2\/posts"}],"about":[{"href":"https:\/\/www.brundisium.net\/index.php\/wp-json\/wp\/v2\/types\/post"}],"author":[{"embeddable":true,"href":"https:\/\/www.brundisium.net\/index.php\/wp-json\/wp\/v2\/users\/2"}],"replies":[{"embeddable":true,"href":"https:\/\/www.brundisium.net\/index.php\/wp-json\/wp\/v2\/comments?post=64600"}],"version-history":[{"count":1,"href":"https:\/\/www.brundisium.net\/index.php\/wp-json\/wp\/v2\/posts\/64600\/revisions"}],"predecessor-version":[{"id":64606,"href":"https:\/\/www.brundisium.net\/index.php\/wp-json\/wp\/v2\/posts\/64600\/revisions\/64606"}],"wp:featuredmedia":[{"embeddable":true,"href":"https:\/\/www.brundisium.net\/index.php\/wp-json\/wp\/v2\/media\/64603"}],"wp:attachment":[{"href":"https:\/\/www.brundisium.net\/index.php\/wp-json\/wp\/v2\/media?parent=64600"}],"wp:term":[{"taxonomy":"category","embeddable":true,"href":"https:\/\/www.brundisium.net\/index.php\/wp-json\/wp\/v2\/categories?post=64600"},{"taxonomy":"post_tag","embeddable":true,"href":"https:\/\/www.brundisium.net\/index.php\/wp-json\/wp\/v2\/tags?post=64600"}],"curies":[{"name":"wp","href":"https:\/\/api.w.org\/{rel}","templated":true}]}}