{"id":651,"date":"2013-11-22T20:00:39","date_gmt":"2013-11-22T19:00:39","guid":{"rendered":"http:\/\/www.seltest.info\/brun\/?p=651"},"modified":"2013-12-02T09:06:49","modified_gmt":"2013-12-02T08:06:49","slug":"il-tar-accoglie-ricorso-del-comune-niente-rifiuti-baresi-ad-autigno","status":"publish","type":"post","link":"https:\/\/www.brundisium.net\/index.php\/il-tar-accoglie-ricorso-del-comune-niente-rifiuti-baresi-ad-autigno\/","title":{"rendered":"Congresso PD: domenica 24 Pippo Civati a Brindisi"},"content":{"rendered":"<p>Domenica 24 Novembre Pippo Civati, candidato alla Segreteria del Partito Democratico, sar\u00e0 a Brindisi per un\u2019iniziativa pubblica che si svolger\u00e0 alle ore 18.30 \u00a0presso la sede cittadina del Partito Democratico, in Via Conserva 6,.<\/p>\n<p>\u201c<i>Il Paese che vogliamo \u00e8 un paese con citt\u00e0 che vogliamo realizzare assieme. Che cerca la massima compatibilit\u00e0 ambientale e favorisce la partecipazione diretta dei cittadini. Una citt\u00e0 dove le case sfitte sono disponibili a prezzi accessibili a chi ne ha bisogno. Una citt\u00e0 che si prenda cura delle persone. Una citt\u00e0 che si prenda cura dell&#8217;ambiente, dell&#8217;istruzione e della conoscenza. Dei giovani<\/i>\u201d.<\/p>\n<p>Di questo ed altro ancora si parler\u00e0 nell&#8217;incontro con Pippo Civati che sar\u00e0 accompagnato da Corradino Mineo, parlamentare PD.<\/p>\n<p>\u201c<i>La presenza di Pippo Civati <\/i>\u2013 dice Gigi Rizzi, responsabile provinciale della mozione Civati \u2013 <i>\u00e8 un attestato di attenzione alla nostra difficile realt\u00e0 ed \u00e8 un segnale di gratificazione per il nostro lavoro. Brindisi, infatti, con il 9,1%, \u00e8 la quarta provincia del meridione come percentuale di consensi alla candidatura di Pippo Civati\u201d<\/i>.<\/p>\n<p>Conclude Rizzi: \u201c<i>Confido che tale percentuale possa crescere l\u20198 Dicembre quando alle Primarie nazionali andranno a votare non solo gli iscritti ma tutti i cittadini. Allora ancor pi\u00f9 Civati rappresenter\u00e0 la vera sorpresa positiva di questo congresso nazionale del PD. Perch\u00e9 \u00e8 chiaro a tutti che Pippo Civati non ha la nomenclatura alle spalle ed \u00e8 portatore di quel cambiamento radicale\u00a0 che \u00e8 coerente con la storia della Sinistra Italiana e con lo spirito che ha originato la nascita del Partito Democratico<\/i>\u201d.<\/p>\n<p>&nbsp;<\/p>\n","protected":false},"excerpt":{"rendered":"<p>Domenica 24 Novembre Pippo Civati, candidato alla Segreteria del Partito Democratico, sar\u00e0 a Brindisi per un\u2019iniziativa pubblica che si svolger\u00e0 alle ore 18.30 \u00a0presso la sede cittadina del Partito Democratico, in Via Conserva 6,. \u201cIl Paese che vogliamo \u00e8 un paese con citt\u00e0 che vogliamo realizzare assieme. Che cerca la massima compatibilit\u00e0 ambientale e favorisce la partecipazione diretta dei cittadini. Una citt\u00e0 dove le case sfitte sono disponibili a prezzi accessibili a chi ne ha bisogno. Una citt\u00e0 che si prenda cura delle persone. Una citt\u00e0 che si prenda cura dell&#8217;ambiente, dell&#8217;istruzione e della conoscenza. Dei giovani\u201d. Di questo ed altro ancora si parler\u00e0 nell&#8217;incontro con Pippo Civati che sar\u00e0 accompagnato da Corradino Mineo, parlamentare PD. \u201cLa presenza di Pippo Civati \u2013 dice Gigi Rizzi, responsabile provinciale della mozione Civati \u2013 \u00e8 un attestato di attenzione alla nostra difficile realt\u00e0 ed \u00e8 un segnale di gratificazione per il nostro lavoro. Brindisi, infatti, con il 9,1%, \u00e8 la quarta provincia del meridione come percentuale di consensi alla candidatura di Pippo Civati\u201d&#8230;.<\/p>\n","protected":false},"author":2,"featured_media":658,"comment_status":"open","ping_status":"open","sticky":false,"template":"","format":"standard","meta":{"footnotes":""},"categories":[7],"tags":[242,44,43],"class_list":["post-651","post","type-post","status-publish","format-standard","has-post-thumbnail","hentry","category-news","tag-civati","tag-partito-democratico","tag-pd"],"_links":{"self":[{"href":"https:\/\/www.brundisium.net\/index.php\/wp-json\/wp\/v2\/posts\/651","targetHints":{"allow":["GET"]}}],"collection":[{"href":"https:\/\/www.brundisium.net\/index.php\/wp-json\/wp\/v2\/posts"}],"about":[{"href":"https:\/\/www.brundisium.net\/index.php\/wp-json\/wp\/v2\/types\/post"}],"author":[{"embeddable":true,"href":"https:\/\/www.brundisium.net\/index.php\/wp-json\/wp\/v2\/users\/2"}],"replies":[{"embeddable":true,"href":"https:\/\/www.brundisium.net\/index.php\/wp-json\/wp\/v2\/comments?post=651"}],"version-history":[{"count":3,"href":"https:\/\/www.brundisium.net\/index.php\/wp-json\/wp\/v2\/posts\/651\/revisions"}],"predecessor-version":[{"id":659,"href":"https:\/\/www.brundisium.net\/index.php\/wp-json\/wp\/v2\/posts\/651\/revisions\/659"}],"wp:featuredmedia":[{"embeddable":true,"href":"https:\/\/www.brundisium.net\/index.php\/wp-json\/wp\/v2\/media\/658"}],"wp:attachment":[{"href":"https:\/\/www.brundisium.net\/index.php\/wp-json\/wp\/v2\/media?parent=651"}],"wp:term":[{"taxonomy":"category","embeddable":true,"href":"https:\/\/www.brundisium.net\/index.php\/wp-json\/wp\/v2\/categories?post=651"},{"taxonomy":"post_tag","embeddable":true,"href":"https:\/\/www.brundisium.net\/index.php\/wp-json\/wp\/v2\/tags?post=651"}],"curies":[{"name":"wp","href":"https:\/\/api.w.org\/{rel}","templated":true}]}}