{"id":68803,"date":"2016-04-08T21:19:44","date_gmt":"2016-04-08T19:19:44","guid":{"rendered":"http:\/\/www.brundisium.net\/brun\/?p=68803"},"modified":"2016-07-04T17:50:10","modified_gmt":"2016-07-04T15:50:10","slug":"e-adesso-il-faro-dove-lo-metto-di-guido-giampietro","status":"publish","type":"post","link":"https:\/\/www.brundisium.net\/index.php\/e-adesso-il-faro-dove-lo-metto-di-guido-giampietro\/","title":{"rendered":"E adesso il Faro dove lo metto? Di Guido Giampietro"},"content":{"rendered":"<div id=\"attachment_4706\" style=\"width: 310px\" class=\"wp-caption alignleft\"><a href=\"http:\/\/www.brundisium.net\/brun\/wp-content\/uploads\/2014\/02\/castello2004.jpg\" rel=\"attachment wp-att-4706\"><img loading=\"lazy\" decoding=\"async\" aria-describedby=\"caption-attachment-4706\" class=\"size-medium wp-image-4706\" src=\"http:\/\/www.brundisium.net\/brun\/wp-content\/uploads\/2014\/02\/castello2004-300x211.jpg\" alt=\"Castello Alfonsino\" width=\"300\" height=\"211\" srcset=\"https:\/\/www.brundisium.net\/brun\/wp-content\/uploads\/2014\/02\/castello2004-300x211.jpg 300w, https:\/\/www.brundisium.net\/brun\/wp-content\/uploads\/2014\/02\/castello2004.jpg 400w\" sizes=\"auto, (max-width: 300px) 100vw, 300px\" \/><\/a><p id=\"caption-attachment-4706\" class=\"wp-caption-text\"><span style=\"color: #ff0000;\">Castello Alfonsino<\/span><\/p><\/div>\n<p>La notizia sta girando sui mass media locali, pi\u00f9 ancora di quella sul referendum antitrivelle. Eccola: il Provveditorato interregionale per le Opere Pubbliche ha reso noto che lo storico Faro (posto da circa ottant\u2019anni sul bastione pi\u00f9 alto del \u201crosso\u201d Castello alfonsino) sar\u00e0 smontato. Ma non demolito, ha precisato.<\/p>\n<p>&nbsp;<\/p>\n<p>Inoltre, grazie a un \u201ctesoretto\u201d riveniente dal piano triennale per le opere marittime, dopo lo smontaggio le sue parti saranno sottoposte a interventi conservativi di sabbiatura e zincatura a caldo, come prescritto nel parere della Soprintendenza per i Beni architettonici e paesaggistici di Lecce.<\/p>\n<p>&nbsp;<\/p>\n<p>L\u2019unica azione (urgente, visto che il Provveditorato per le OO.PP. sta per stipulare il contratto d\u2019appalto) demandata alla citt\u00e0 rimane quella legata al reperimento del luogo ove conservarlo \u201cin attesa di tempi migliori\u201d.<\/p>\n<p>Forte a Mare e il Castello alfonsino non sono infatti idonei, stante i reiterati furti e atti vandalici perpetrati negli ultimi tempi, a custodire in sicurezza le parti del Faro (struttura metallica, castelletto e lanterna).<\/p>\n<p>&nbsp;<\/p>\n<p>Ebbene, io dico che il luogo idoneo c\u2019\u00e8! Ed \u00e8 il pi\u00f9 idoneo in assoluto ad accogliere (subito) e valorizzare (in un secondo momento) questo reperto storico.<\/p>\n<p>Perch\u00e9 di questo si tratta.<\/p>\n<p>Infatti Antonio Monte, docente universitario e studioso di archeologia industriale, in seguito al censimento delle antiche opere marittime di Brindisi, ha ricordato che \u201cil faro a castelletto \u00e8 un unicum nel panorama italiano dei fari\u201d.<\/p>\n<p>&nbsp;<\/p>\n<p>Dir\u00f2 di pi\u00f9. L\u2019utilizzo di questo luogo per la conservazione del Faro (ad eccezione, forse, dell\u2019ingombrante castelletto) consentirebbe il raggiungimento di un altro obiettivo: la costituzione, nel medesimo locale, di un Museo delle tradizioni marinare in una millenaria citt\u00e0 di mare quale \u00e8 Brindisi.<\/p>\n<p>&nbsp;<\/p>\n<p>&nbsp;<\/p>\n<p><a href=\"http:\/\/www.brundisium.net\/brun\/wp-content\/uploads\/2014\/02\/castello1024x768.jpg\" rel=\"attachment wp-att-3669\"><img loading=\"lazy\" decoding=\"async\" class=\"size-medium wp-image-3669 alignright\" src=\"http:\/\/www.brundisium.net\/brun\/wp-content\/uploads\/2014\/02\/castello1024x768-300x225.jpg\" alt=\"castello1024x768\" width=\"300\" height=\"225\" srcset=\"https:\/\/www.brundisium.net\/brun\/wp-content\/uploads\/2014\/02\/castello1024x768-300x225.jpg 300w, https:\/\/www.brundisium.net\/brun\/wp-content\/uploads\/2014\/02\/castello1024x768.jpg 1024w\" sizes=\"auto, (max-width: 300px) 100vw, 300px\" \/><\/a>I pi\u00f9 anziani tra i lettori certamente ricordano lo storico locale del Circolo Nautico che si affaccia sul piazzale Lenio Flacco.<\/p>\n<p>Quel Circolo alle cui pareti, come una gioiosa panoplia, \u201criposavano\u201d gli armi (le elegantissime iole) al termine dei duri allenamenti su e gi\u00f9 per il Canale Pigonati e delle sfide con i pi\u00f9 importanti sodalizi dell\u2019Italia marinara.<\/p>\n<p>Lo stesso Circolo che nelle notti di Carnevale, vestendosi di paillette, sfolgorante di luci e \u201cfasciato\u201d dalla pioggia colorata di stelle filanti, ospitava veglioni rimasti immemorabili nelle menti e nei cuori dei brindisini.<\/p>\n<p>&nbsp;<\/p>\n<p>&nbsp;<\/p>\n<p>Quel locale \u00e8 stato frequentato dal meglio della giovent\u00f9 sportiva brindisina. Ma anche dagli amanti del mare, delle sue tradizioni, della musica. In una parola: della vita\u2026 Quel locale appartiene alla storia di Brindisi e ad essa deve tornare.<\/p>\n<p>&nbsp;<\/p>\n<p>&nbsp;<\/p>\n<p>Attualmente rientra tra i beni immobiliari dell\u2019Amministrazione provinciale.<\/p>\n<p>Quale archivio storico dell\u2019Ente, vi chiederete?<\/p>\n<p>Nossignore. La destinazione, mi riesce penoso affrontare l\u2019argomento, sembra sia quella di un garage!<\/p>\n<p>Ma come?<\/p>\n<p>Nel posto dove si custodivano imbarcazioni e trofei, dove si respirava il profumo del mare (il mare pi\u00f9 antico di Brindisi, quello delle Sciabiche) e dove sono sbocciati anche tanti amori, adesso ci sarebbe un parco auto (pubbliche o private, non fa alcuna differenza)?<\/p>\n<p>&nbsp;<\/p>\n<p>Cos\u00ec, saltando a pi\u00e8 pari le lungaggini burocratiche, da queste pagine mi rivolgo direttamente al responsabile della Provincia.<\/p>\n<p><a href=\"http:\/\/www.brundisium.net\/brun\/wp-content\/uploads\/2014\/02\/1620492_10202396091416462_1648074068_n1.jpg\" rel=\"attachment wp-att-4369\"><img loading=\"lazy\" decoding=\"async\" class=\"alignleft size-medium wp-image-4369\" src=\"http:\/\/www.brundisium.net\/brun\/wp-content\/uploads\/2014\/02\/1620492_10202396091416462_1648074068_n1-300x225.jpg\" alt=\"salviamo il castello alfonsino\" width=\"300\" height=\"225\" srcset=\"https:\/\/www.brundisium.net\/brun\/wp-content\/uploads\/2014\/02\/1620492_10202396091416462_1648074068_n1-300x225.jpg 300w, https:\/\/www.brundisium.net\/brun\/wp-content\/uploads\/2014\/02\/1620492_10202396091416462_1648074068_n1.jpg 960w\" sizes=\"auto, (max-width: 300px) 100vw, 300px\" \/><\/a>\u00a0 Presidente Bruno, in questo momento che precede la chiusura, gi\u00e0 decretata, dell\u2019Ente, non crede di potere prendere in considerazione l\u2019idea di destinare quel luogo \u201csacro\u201d alla memoria dei brindisini alla conservazione delle parti del Faro?<\/p>\n<p>E non pensa che in quei locali, in un secondo tempo, possa trovare sistemazione un Museo che, oltre a rendere testimonianza alle tradizioni marinaresche locali, faccia giustizia a un intero quartiere, quello delle Sciabiche, che da oltre mezzo secolo si chiede ancora perch\u00e9 sia successo quello che \u00e8 successo?<\/p>\n<p>&nbsp;<\/p>\n<p>&nbsp;<\/p>\n<p>S\u00ec, me ne rendo conto, parlare di Museo a lei che si trova alle prese con la sopravvivenza del prestigioso MAPRI, il Museo Archeologico Provinciale Ribezzo ha quasi del provocatorio.<\/p>\n<p>Mi corre perci\u00f2 l\u2019obbligo di precisare che il costituendo Museo del Mare rappresenta un obiettivo a medio\/lungo termine.<\/p>\n<p>La cosa urgente riguarda i locali\u2026<\/p>\n<p>&nbsp;<\/p>\n<p>&nbsp;<\/p>\n<p>Presidente Bruno, mi scusi se ritorno sull\u2019argomento.<\/p>\n<p>Ma lei non riesce proprio a vederla la lanterna, quella che per decenni ha indicato ai naviganti la via per giungere salvi al nostro porto, situata al centro dell\u2019ex Circolo Nautico? Allo stesso modo di come il capitello delle Colonne romane si erge nel cuore del palazzo Granafei Nervegna.<\/p>\n<p>Presidente, si tratta di due importanti simboli della citt\u00e0. Senza contare che le lungaggini per trovare un locale \u201cidoneo\u201d possono indurre qualcuno a scipparci anche questo bene\u2026<\/p>\n<p>&nbsp;<\/p>\n<p>&nbsp;<\/p>\n<p>In tal modo la lanterna avrebbe attorno a s\u00e9 gli spazi in cui i visitatori, un giorno, potrebbero ammirare da vicino uno \u0161chifari\u00e8ddu (la barca da pesca degli sciabbic\u00f2ti), l\u2019elmo dell\u2019ultimo palombaro brindisino, pannelli esplicativi, modellini in scala, strumenti, attrezzi da pesca (le famose reti che prendono il nome dal quartiere), foto d\u2019epoca e, soprattutto, tante storie. Quelle, belle e brutte, della gente delle Sciabiche.<\/p>\n<p>&nbsp;<\/p>\n<p>&nbsp;<\/p>\n<p>Dalla quale emergono, fulgide, le figure dei suoi pi\u00f9 illustri figli. Quei fratelli Donato e Teodoro Marinazzo che il 5 giugno 1647 guidano nel Sud, prima ancora della rivoluzione napoletana di Masaniello, la rivolta contro l\u2019oppressivo potere spagnolo. Ed ai quali andrebbe, di diritto, intitolato il Museo.<\/p>\n<p>&nbsp;<\/p>\n<p>&nbsp;<\/p>\n<p>Affinch\u00e9 la mia non rimanga una <em>vox clamantis in deserto<\/em>, chiamo anche in causa le Associazioni ambientaliste che tanto si sono spese affinch\u00e9 il Faro venisse restaurato.<\/p>\n<p>&nbsp;<\/p>\n<p>Il mio augurio? Che la lanterna, ancorch\u00e9 spenta, illumini le menti di coloro ai quali sta \u201cveramente\u201d a cuore il bene della citt\u00e0.<\/p>\n<p>&nbsp;<\/p>\n<p><strong>Guido Giampietro<\/strong><\/p>\n","protected":false},"excerpt":{"rendered":"<p>La notizia sta girando sui mass media locali, pi\u00f9 ancora di quella sul referendum antitrivelle. Eccola: il Provveditorato interregionale per le Opere Pubbliche ha reso noto che lo storico Faro (posto da circa ottant\u2019anni sul bastione pi\u00f9 alto del \u201crosso\u201d Castello alfonsino) sar\u00e0 smontato. Ma non demolito, ha precisato. &nbsp; Inoltre, grazie a un \u201ctesoretto\u201d riveniente dal piano triennale per le opere marittime, dopo lo smontaggio le sue parti saranno sottoposte a interventi conservativi di sabbiatura e zincatura a caldo, come prescritto nel parere della Soprintendenza per i Beni architettonici e paesaggistici di Lecce. &nbsp; L\u2019unica azione (urgente, visto che il Provveditorato per le OO.PP. sta per stipulare il contratto d\u2019appalto) demandata alla citt\u00e0 rimane quella legata al reperimento del luogo ove conservarlo \u201cin attesa di tempi migliori\u201d. Forte a Mare e il Castello alfonsino non sono infatti idonei, stante i reiterati furti e atti vandalici perpetrati negli ultimi tempi, a custodire in sicurezza le parti del Faro (struttura metallica, castelletto e lanterna). &nbsp; Ebbene, io dico che il luogo&#8230;<\/p>\n","protected":false},"author":2,"featured_media":3670,"comment_status":"open","ping_status":"closed","sticky":false,"template":"","format":"standard","meta":{"footnotes":""},"categories":[3129],"tags":[],"class_list":["post-68803","post","type-post","status-publish","format-standard","has-post-thumbnail","hentry","category-guido-giampietro"],"_links":{"self":[{"href":"https:\/\/www.brundisium.net\/index.php\/wp-json\/wp\/v2\/posts\/68803","targetHints":{"allow":["GET"]}}],"collection":[{"href":"https:\/\/www.brundisium.net\/index.php\/wp-json\/wp\/v2\/posts"}],"about":[{"href":"https:\/\/www.brundisium.net\/index.php\/wp-json\/wp\/v2\/types\/post"}],"author":[{"embeddable":true,"href":"https:\/\/www.brundisium.net\/index.php\/wp-json\/wp\/v2\/users\/2"}],"replies":[{"embeddable":true,"href":"https:\/\/www.brundisium.net\/index.php\/wp-json\/wp\/v2\/comments?post=68803"}],"version-history":[{"count":1,"href":"https:\/\/www.brundisium.net\/index.php\/wp-json\/wp\/v2\/posts\/68803\/revisions"}],"predecessor-version":[{"id":68804,"href":"https:\/\/www.brundisium.net\/index.php\/wp-json\/wp\/v2\/posts\/68803\/revisions\/68804"}],"wp:featuredmedia":[{"embeddable":true,"href":"https:\/\/www.brundisium.net\/index.php\/wp-json\/wp\/v2\/media\/3670"}],"wp:attachment":[{"href":"https:\/\/www.brundisium.net\/index.php\/wp-json\/wp\/v2\/media?parent=68803"}],"wp:term":[{"taxonomy":"category","embeddable":true,"href":"https:\/\/www.brundisium.net\/index.php\/wp-json\/wp\/v2\/categories?post=68803"},{"taxonomy":"post_tag","embeddable":true,"href":"https:\/\/www.brundisium.net\/index.php\/wp-json\/wp\/v2\/tags?post=68803"}],"curies":[{"name":"wp","href":"https:\/\/api.w.org\/{rel}","templated":true}]}}