{"id":68991,"date":"2016-04-11T11:10:08","date_gmt":"2016-04-11T09:10:08","guid":{"rendered":"http:\/\/www.brundisium.net\/brun\/?p=68991"},"modified":"2016-04-11T12:14:54","modified_gmt":"2016-04-11T10:14:54","slug":"al-via-i-tavoli-per-la-sussidiarieta-circolare-modello-vitacom-a-villa-castelli","status":"publish","type":"post","link":"https:\/\/www.brundisium.net\/index.php\/al-via-i-tavoli-per-la-sussidiarieta-circolare-modello-vitacom-a-villa-castelli\/","title":{"rendered":"Al via i \u201cTavoli per la Sussidiariet\u00e0 Circolare \u2013 Modello VITACOM\u201d a Villa Castelli"},"content":{"rendered":"<p>Il percorso di partecipazione, promosso dall\u2019Ambito Territoriale Sociale Br\/3 e dall\u2019Amministrazione Comunale in collaborazione con VITACOM, sar\u00e0 articolato in diversi appuntamenti e attivit\u00e0 atte a favorire l\u2019incontro tra cittadini, organizzazioni no profit, imprese e amministrazioni pubbliche.<\/p>\n<p>&nbsp;<\/p>\n<p>Si partir\u00e0 gioved\u00ec 21 aprile alle ore 17.00 nella Sala Consiliare di Palazzo di Citt\u00e0 con il primo incontro, al quale \u00e8 invitata a partecipare l\u2019intera comunit\u00e0. Protagonista e artefice del cambiamento sociale sul territorio sar\u00e0 la cittadinanza a cui verr\u00e0 affidato il compito di proporre, condividere ed elaborare idee progettuali utili allo sviluppo sociale ed economico del territorio, grazie alla fattiva collaborazione fra persone e istituzioni.<\/p>\n<p>&nbsp;<\/p>\n<p>\u201cInvitiamo la comunit\u00e0 di Villa Castelli a riunirsi attorno ai <em>Tavoli per la Sussidiariet\u00e0 Circolare \u2013 <\/em>dichiara l\u2019amministratore unico della societ\u00e0 VITACOM, Giovanni Vita &#8211; e a sperimentare il Modello VITACOM nato dal basso per promuovere il diritto e il dovere di cittadinanza attiva. Il Sindaco e l\u2019amministrazione stanno interpretando al meglio i caratteri del modello organizzativo, promuovendo con noi il senso di partecipazione e di comunit\u00e0\u201d.<\/p>\n<p>&nbsp;<\/p>\n<p>L\u2019invito a partecipare ai Tavoli per la Sussidiariet\u00e0 Circolare giunge anche dal Sindaco di Villa Castelli, Vitantonio Caliandro.<\/p>\n<p>&nbsp;<\/p>\n<p>\u201cInvito le imprese, le associazioni di volontariato, i no profit e tutte le persone a partecipare ai Tavoli per la Sussidiariet\u00e0 Circolare al fine di costruire insieme un welfare che appartenga alla comunit\u00e0 e non soltanto ai vertici politici. Il 21 aprile prossimo nella sede comunale di Villa Castelli avremo modo, infatti, di confrontarci con una filosofia del tutto nuova, quella proposta dal Modello VITACOM con i Tavoli per la Sussidiariet\u00e0 Circolare, che permette di mettere a confronto energie nuove, risorse nuove e idee nuove. L\u2019obiettivo \u00e8 quello di rendere ciascuno di noi protagonista del proprio territorio, di far emergere i servizi realmente bisognevoli e necessari per Villa Castelli e di creare progetti definiti nei particolari da proporre a livello regionale cos\u00ec da poterli in qualche modo finanziare\u201d.<\/p>\n","protected":false},"excerpt":{"rendered":"<p>Il percorso di partecipazione, promosso dall\u2019Ambito Territoriale Sociale Br\/3 e dall\u2019Amministrazione Comunale in collaborazione con VITACOM, sar\u00e0 articolato in diversi appuntamenti e attivit\u00e0 atte a favorire l\u2019incontro tra cittadini, organizzazioni no profit, imprese e amministrazioni pubbliche. &nbsp; Si partir\u00e0 gioved\u00ec 21 aprile alle ore 17.00 nella Sala Consiliare di Palazzo di Citt\u00e0 con il primo incontro, al quale \u00e8 invitata a partecipare l\u2019intera comunit\u00e0. Protagonista e artefice del cambiamento sociale sul territorio sar\u00e0 la cittadinanza a cui verr\u00e0 affidato il compito di proporre, condividere ed elaborare idee progettuali utili allo sviluppo sociale ed economico del territorio, grazie alla fattiva collaborazione fra persone e istituzioni. &nbsp; \u201cInvitiamo la comunit\u00e0 di Villa Castelli a riunirsi attorno ai Tavoli per la Sussidiariet\u00e0 Circolare \u2013 dichiara l\u2019amministratore unico della societ\u00e0 VITACOM, Giovanni Vita &#8211; e a sperimentare il Modello VITACOM nato dal basso per promuovere il diritto e il dovere di cittadinanza attiva. Il Sindaco e l\u2019amministrazione stanno interpretando al meglio i caratteri del modello organizzativo, promuovendo con noi il senso di partecipazione e&#8230;<\/p>\n","protected":false},"author":4,"featured_media":14189,"comment_status":"open","ping_status":"closed","sticky":false,"template":"","format":"standard","meta":{"footnotes":""},"categories":[7],"tags":[],"class_list":["post-68991","post","type-post","status-publish","format-standard","has-post-thumbnail","hentry","category-news"],"_links":{"self":[{"href":"https:\/\/www.brundisium.net\/index.php\/wp-json\/wp\/v2\/posts\/68991","targetHints":{"allow":["GET"]}}],"collection":[{"href":"https:\/\/www.brundisium.net\/index.php\/wp-json\/wp\/v2\/posts"}],"about":[{"href":"https:\/\/www.brundisium.net\/index.php\/wp-json\/wp\/v2\/types\/post"}],"author":[{"embeddable":true,"href":"https:\/\/www.brundisium.net\/index.php\/wp-json\/wp\/v2\/users\/4"}],"replies":[{"embeddable":true,"href":"https:\/\/www.brundisium.net\/index.php\/wp-json\/wp\/v2\/comments?post=68991"}],"version-history":[{"count":1,"href":"https:\/\/www.brundisium.net\/index.php\/wp-json\/wp\/v2\/posts\/68991\/revisions"}],"predecessor-version":[{"id":68992,"href":"https:\/\/www.brundisium.net\/index.php\/wp-json\/wp\/v2\/posts\/68991\/revisions\/68992"}],"wp:featuredmedia":[{"embeddable":true,"href":"https:\/\/www.brundisium.net\/index.php\/wp-json\/wp\/v2\/media\/14189"}],"wp:attachment":[{"href":"https:\/\/www.brundisium.net\/index.php\/wp-json\/wp\/v2\/media?parent=68991"}],"wp:term":[{"taxonomy":"category","embeddable":true,"href":"https:\/\/www.brundisium.net\/index.php\/wp-json\/wp\/v2\/categories?post=68991"},{"taxonomy":"post_tag","embeddable":true,"href":"https:\/\/www.brundisium.net\/index.php\/wp-json\/wp\/v2\/tags?post=68991"}],"curies":[{"name":"wp","href":"https:\/\/api.w.org\/{rel}","templated":true}]}}