{"id":6983,"date":"2014-03-05T16:21:58","date_gmt":"2014-03-05T15:21:58","guid":{"rendered":"http:\/\/www.brundisium.net\/brun\/?p=6983"},"modified":"2014-03-15T12:48:46","modified_gmt":"2014-03-15T11:48:46","slug":"francavilla-galiano-e-i-giovani-sulle-adesioni-al-ncd","status":"publish","type":"post","link":"https:\/\/www.brundisium.net\/index.php\/francavilla-galiano-e-i-giovani-sulle-adesioni-al-ncd\/","title":{"rendered":"Francavilla: Galiano e i giovani sulle adesioni al NCD"},"content":{"rendered":"<p><a href=\"http:\/\/www.brundisium.net\/brun\/wp-content\/uploads\/2014\/01\/1463471_10201591284962213_1503235214_n1.jpg\"><img loading=\"lazy\" decoding=\"async\" class=\"alignleft size-thumbnail wp-image-2128\" alt=\"Luigi Galiano\" src=\"http:\/\/www.brundisium.net\/brun\/wp-content\/uploads\/2014\/01\/1463471_10201591284962213_1503235214_n1-150x150.jpg\" width=\"150\" height=\"150\" data-id=\"2128\" srcset=\"https:\/\/www.brundisium.net\/brun\/wp-content\/uploads\/2014\/01\/1463471_10201591284962213_1503235214_n1-150x150.jpg 150w, https:\/\/www.brundisium.net\/brun\/wp-content\/uploads\/2014\/01\/1463471_10201591284962213_1503235214_n1-300x300.jpg 300w, https:\/\/www.brundisium.net\/brun\/wp-content\/uploads\/2014\/01\/1463471_10201591284962213_1503235214_n1-600x600.jpg 600w, https:\/\/www.brundisium.net\/brun\/wp-content\/uploads\/2014\/01\/1463471_10201591284962213_1503235214_n1-60x60.jpg 60w, https:\/\/www.brundisium.net\/brun\/wp-content\/uploads\/2014\/01\/1463471_10201591284962213_1503235214_n1.jpg 640w\" sizes=\"auto, (max-width: 150px) 100vw, 150px\" \/><\/a>\u201c<em>Insieme ai miei colleghi apprendo con grandissimo entusiasmo i risultati dei circoli NCD nella provincia di Brindisi e mi auguro che si possa proseguire sempre su questa strada<\/em>\u201d.<\/p>\n<p>Si esprime cosi Luigi Galiano, Presidente del circolo NCD Francavilla Fontana.<\/p>\n<p>\u201c<em>La nostra citt\u00e0 ha contribuito in maniera importante al raggiungimento della quota di 130 circoli in tutta la provincia ma ci\u00f2 che mi preme sottolineare \u00e8 l&#8217;adesione di tanti giovani a questa realt\u00e0, segno che questa nuova politica piace e attira a s\u00e9 molti ragazzi che vogliono realizzare un cambiamento. L&#8217;abbiamo dimostrato anche nella scelta del candidato sindaco per le prossime amministrative con la nomina di Domenico Attanasi. Il responsabile NCD per il Salento, Massimo Ferrarese, ha fortemente voluto che fossero i giovani la parte trainante del movimento e ci \u00e8 riuscito. Questo per\u00f2 \u00e8 solo l&#8217;inizio di una grande sfida che punta a far si che il Nuovo Centrodestra attecchisca con sempre maggior forza a Francavilla e in tutta la provincia di Brindisi<\/em>\u201d.<\/p>\n<p>&nbsp;<\/p>\n<p><a href=\"http:\/\/www.brundisium.net\/brun\/wp-content\/uploads\/2014\/03\/dario-mancino.jpg\"><img loading=\"lazy\" decoding=\"async\" class=\"alignright size-thumbnail wp-image-6984\" alt=\"dario mancino\" src=\"http:\/\/www.brundisium.net\/brun\/wp-content\/uploads\/2014\/03\/dario-mancino-150x150.jpg\" width=\"150\" height=\"150\" data-id=\"6984\" srcset=\"https:\/\/www.brundisium.net\/brun\/wp-content\/uploads\/2014\/03\/dario-mancino-150x150.jpg 150w, https:\/\/www.brundisium.net\/brun\/wp-content\/uploads\/2014\/03\/dario-mancino-60x60.jpg 60w\" sizes=\"auto, (max-width: 150px) 100vw, 150px\" \/><\/a>Per Dario Mancino (Giovani Noi Centro-NCD) &#8220;<em>per troppo tempo in questa citt\u00e0 sono state prese decisioni che per quanto potessero avere buone intenzioni hanno avuto con evidenza un corso differente. Prova di ci\u00f2 \u00e9 l&#8217;esigenza dei giovani francavillesi di un cambiamento, parola questa che riecheggia da un po&#8217; e che, ora, pare prendere forma. Grazie alla fiducia mostrata dal presidente Massimo Ferrarese nei confronti del movimento giovanile di Noi Centro-NCD Imperiali, aseguito dell&#8217; iniziativa che ha visto protagonisti i 3 candidati sindaci del centro destra, si \u00e8 avuta prova della propositivit\u00e0 dei giovani e delle forti intenzioni di progettare e creare, che hanno assunto basi ancora pi\u00f9 solide con la scelta di Domenico Attanasi&#8221;<\/em>.<\/p>\n<p>Lo stesso Dario Mancino afferma: &#8220;<em>attendevo con grande ansia di raggiungere questo primo obiettivo. Sono rimasto particolarmente soddisfatto del peso che si \u00e9 dato a quella iniziativa e credo che ci\u00f2 possa condurre verso aspettative migliori.&#8221; Continuando aggiunge: &#8220;..vogliamo essere noi costruttori di nuove strade e percorsi che facciano tornare a splendere questa citt\u00e0&#8221;. Mancino conclude affermando: &#8220;ufficializzando il rapporto di collaborazione politico tra noi giovani ed Attanasi sono certo che in questa citt\u00e0 la partecipazione e l&#8217;interesse politico aumenteranno proporzionalmente ad uno sviluppo comune<\/em>&#8220;.<\/p>\n","protected":false},"excerpt":{"rendered":"<p>\u201cInsieme ai miei colleghi apprendo con grandissimo entusiasmo i risultati dei circoli NCD nella provincia di Brindisi e mi auguro che si possa proseguire sempre su questa strada\u201d. Si esprime cosi Luigi Galiano, Presidente del circolo NCD Francavilla Fontana. \u201cLa nostra citt\u00e0 ha contribuito in maniera importante al raggiungimento della quota di 130 circoli in tutta la provincia ma ci\u00f2 che mi preme sottolineare \u00e8 l&#8217;adesione di tanti giovani a questa realt\u00e0, segno che questa nuova politica piace e attira a s\u00e9 molti ragazzi che vogliono realizzare un cambiamento. L&#8217;abbiamo dimostrato anche nella scelta del candidato sindaco per le prossime amministrative con la nomina di Domenico Attanasi. Il responsabile NCD per il Salento, Massimo Ferrarese, ha fortemente voluto che fossero i giovani la parte trainante del movimento e ci \u00e8 riuscito. Questo per\u00f2 \u00e8 solo l&#8217;inizio di una grande sfida che punta a far si che il Nuovo Centrodestra attecchisca con sempre maggior forza a Francavilla e in tutta la provincia di Brindisi\u201d. &nbsp; Per Dario Mancino (Giovani Noi Centro-NCD)&#8230;<\/p>\n","protected":false},"author":2,"featured_media":5874,"comment_status":"open","ping_status":"open","sticky":false,"template":"","format":"standard","meta":{"footnotes":""},"categories":[7],"tags":[27,251],"class_list":["post-6983","post","type-post","status-publish","format-standard","has-post-thumbnail","hentry","category-news","tag-francavilla","tag-ncd"],"_links":{"self":[{"href":"https:\/\/www.brundisium.net\/index.php\/wp-json\/wp\/v2\/posts\/6983","targetHints":{"allow":["GET"]}}],"collection":[{"href":"https:\/\/www.brundisium.net\/index.php\/wp-json\/wp\/v2\/posts"}],"about":[{"href":"https:\/\/www.brundisium.net\/index.php\/wp-json\/wp\/v2\/types\/post"}],"author":[{"embeddable":true,"href":"https:\/\/www.brundisium.net\/index.php\/wp-json\/wp\/v2\/users\/2"}],"replies":[{"embeddable":true,"href":"https:\/\/www.brundisium.net\/index.php\/wp-json\/wp\/v2\/comments?post=6983"}],"version-history":[{"count":3,"href":"https:\/\/www.brundisium.net\/index.php\/wp-json\/wp\/v2\/posts\/6983\/revisions"}],"predecessor-version":[{"id":6987,"href":"https:\/\/www.brundisium.net\/index.php\/wp-json\/wp\/v2\/posts\/6983\/revisions\/6987"}],"wp:featuredmedia":[{"embeddable":true,"href":"https:\/\/www.brundisium.net\/index.php\/wp-json\/wp\/v2\/media\/5874"}],"wp:attachment":[{"href":"https:\/\/www.brundisium.net\/index.php\/wp-json\/wp\/v2\/media?parent=6983"}],"wp:term":[{"taxonomy":"category","embeddable":true,"href":"https:\/\/www.brundisium.net\/index.php\/wp-json\/wp\/v2\/categories?post=6983"},{"taxonomy":"post_tag","embeddable":true,"href":"https:\/\/www.brundisium.net\/index.php\/wp-json\/wp\/v2\/tags?post=6983"}],"curies":[{"name":"wp","href":"https:\/\/api.w.org\/{rel}","templated":true}]}}