{"id":7022,"date":"2014-03-05T18:50:18","date_gmt":"2014-03-05T17:50:18","guid":{"rendered":"http:\/\/www.brundisium.net\/brun\/?p=7022"},"modified":"2014-03-05T19:39:44","modified_gmt":"2014-03-05T18:39:44","slug":"pittella-ha-inaugurato-il-labdem-brindisi","status":"publish","type":"post","link":"https:\/\/www.brundisium.net\/index.php\/pittella-ha-inaugurato-il-labdem-brindisi\/","title":{"rendered":"Pittella ha inaugurato il LabDem Brindisi"},"content":{"rendered":"<p>L\u2019on. Gianni Pittella ha ufficializzato oggi la nascita di Laboratorio Democratico Brindisi.<\/p>\n<p>A guidare LabDem Brindisi sar\u00e0 Anna Maria Scalera, componente della direzione regionale del PD.<\/p>\n<p>Scalera ha sottolineato la necessit\u00e0 di non disperdere lo straordinario patrimonio di conoscenze, competenze, idee che \u00e8 nei territori e che deve essere la base su cui costruire un partito radicato nella societ\u00e0. LabDem si propone di colmare il vuoto politico e di contenuti che spesso caratterizza la vita dei partiti.<\/p>\n<p>Bisogna fare in modo che le migliori pratiche e idee diventino spunto per le politiche territoriali, mettendo insieme iscritti ma anche elettori del PD.<\/p>\n<p>\u201cSiamo consapevoli ha detto che si \u00e8 classe dirigente quando si intercettano interessi e bisogni e si \u00e8 capaci di rappresentarli e di delineare soluzioni ai problemi del territorio. Le elezioni europee saranno il primo test per il PD e sulla sua capacit\u00e0 di cambiare l\u2019Europa, attuando politiche ambientali, economiche positive e puntando sull\u2019occupazione. Pittella ha gi\u00e0 dimostrato di essere un parlamentare radicato nel territorio. Conosce meglio la nostra realt\u00e0 lui di tanti parlamentari espressione di questa provincia. Con lui porteremo il Sud in Europa\u201d.<\/p>\n<p>Hanno preso poi la parola il coordinatore regionale e componente della segreteria regionale Mino Carriero di LabDem che si \u00e8 soffermato sui temi europei, il vicesindaco di Oria Zanzarelli e diversi dirigenti del PD.<\/p>\n<p>A chiudere l\u2019on.Pittella che ha indicacato i quattro temi dell\u2019agenda politica di LabDem : Europa, Mezzogiorno, Sanit\u00e0 e Formazione Politica.<\/p>\n","protected":false},"excerpt":{"rendered":"<p>L\u2019on. Gianni Pittella ha ufficializzato oggi la nascita di Laboratorio Democratico Brindisi. A guidare LabDem Brindisi sar\u00e0 Anna Maria Scalera, componente della direzione regionale del PD. Scalera ha sottolineato la necessit\u00e0 di non disperdere lo straordinario patrimonio di conoscenze, competenze, idee che \u00e8 nei territori e che deve essere la base su cui costruire un partito radicato nella societ\u00e0. LabDem si propone di colmare il vuoto politico e di contenuti che spesso caratterizza la vita dei partiti. Bisogna fare in modo che le migliori pratiche e idee diventino spunto per le politiche territoriali, mettendo insieme iscritti ma anche elettori del PD. \u201cSiamo consapevoli ha detto che si \u00e8 classe dirigente quando si intercettano interessi e bisogni e si \u00e8 capaci di rappresentarli e di delineare soluzioni ai problemi del territorio. Le elezioni europee saranno il primo test per il PD e sulla sua capacit\u00e0 di cambiare l\u2019Europa, attuando politiche ambientali, economiche positive e puntando sull\u2019occupazione. Pittella ha gi\u00e0 dimostrato di essere un parlamentare radicato nel territorio. Conosce meglio la nostra&#8230;<\/p>\n","protected":false},"author":2,"featured_media":6772,"comment_status":"open","ping_status":"open","sticky":false,"template":"","format":"standard","meta":{"footnotes":""},"categories":[7],"tags":[1161,1212,1211],"class_list":["post-7022","post","type-post","status-publish","format-standard","has-post-thumbnail","hentry","category-news","tag-labdem","tag-pittella","tag-scalera"],"_links":{"self":[{"href":"https:\/\/www.brundisium.net\/index.php\/wp-json\/wp\/v2\/posts\/7022","targetHints":{"allow":["GET"]}}],"collection":[{"href":"https:\/\/www.brundisium.net\/index.php\/wp-json\/wp\/v2\/posts"}],"about":[{"href":"https:\/\/www.brundisium.net\/index.php\/wp-json\/wp\/v2\/types\/post"}],"author":[{"embeddable":true,"href":"https:\/\/www.brundisium.net\/index.php\/wp-json\/wp\/v2\/users\/2"}],"replies":[{"embeddable":true,"href":"https:\/\/www.brundisium.net\/index.php\/wp-json\/wp\/v2\/comments?post=7022"}],"version-history":[{"count":1,"href":"https:\/\/www.brundisium.net\/index.php\/wp-json\/wp\/v2\/posts\/7022\/revisions"}],"predecessor-version":[{"id":7023,"href":"https:\/\/www.brundisium.net\/index.php\/wp-json\/wp\/v2\/posts\/7022\/revisions\/7023"}],"wp:featuredmedia":[{"embeddable":true,"href":"https:\/\/www.brundisium.net\/index.php\/wp-json\/wp\/v2\/media\/6772"}],"wp:attachment":[{"href":"https:\/\/www.brundisium.net\/index.php\/wp-json\/wp\/v2\/media?parent=7022"}],"wp:term":[{"taxonomy":"category","embeddable":true,"href":"https:\/\/www.brundisium.net\/index.php\/wp-json\/wp\/v2\/categories?post=7022"},{"taxonomy":"post_tag","embeddable":true,"href":"https:\/\/www.brundisium.net\/index.php\/wp-json\/wp\/v2\/tags?post=7022"}],"curies":[{"name":"wp","href":"https:\/\/api.w.org\/{rel}","templated":true}]}}