{"id":7122,"date":"2014-03-06T18:15:47","date_gmt":"2014-03-06T17:15:47","guid":{"rendered":"http:\/\/www.brundisium.net\/brun\/?p=7122"},"modified":"2014-03-06T21:20:42","modified_gmt":"2014-03-06T20:20:42","slug":"tutto-pronto-per-la-seconda-regata-del-circolo-della-vela-di-ostuni","status":"publish","type":"post","link":"https:\/\/www.brundisium.net\/index.php\/tutto-pronto-per-la-seconda-regata-del-circolo-della-vela-di-ostuni\/","title":{"rendered":"Tutto pronto per la seconda regata del Circolo della Vela di Ostuni"},"content":{"rendered":"<p>Il campionato velico organizzato presso il Porto di Villanova dal Circolo della Vela e dalla Lega Navale di Ostuni \u00e8 soltanto all\u2019inizio e, il secondo appuntamento \u00e8 fissato nei giorni 8 e 9 marzo.<br \/>\nSi comincia sabato pomeriggio alle ore 15:00 p.m. con una prova di allenamento che, a partire da questo fine settimana, si arricchir\u00e0 di uno spazio didattico, affidato al noto e consumato velista Francesco Oriolo.<br \/>\nPer chi non lo sapesse, lui di vela se ne intende, eccome: pi\u00f9 volte campione nazionale di meteor, intratterr\u00e0 i partecipanti all\u2019evento con una lezione teorica sulle regolazioni di fino della barca e sulle regole di regata, su cui spesso sorgono le c.d. \u201cproteste\u201d. Insomma le cose da imparare non mancheranno!!<br \/>\nAvventura, sport e nuove emozioni aspettano armatori ed equipaggi, questa volta ansiosi di rifarsi dopo l\u2019interruzione della prima veleggiata di domenica 23 febbraio u.s., rimandata al primo giro di boa per i problemi tecnici occorsi ad uno dei partecipanti, trovatosi con la barca disalberata.<br \/>\nMa il mare e la vela non sono soltanto competizione e audacia, ma anche altruismo e solidariet\u00e0; questi i valori che hanno spinto gli altri partecipanti a lasciar perdere la gara e a soccorrere l\u2019equipaggio in difficolt\u00e0.<br \/>\nDomenica per\u00f2 ricomincia la gara e, come andr\u00e0 \u00e8 tutto da vedere.<\/p>\n<p>&nbsp;<br \/>\nPer chi non si \u00e8 ancora iscritto o \u00e8 solo timoroso, fa ancora in tempo a rompere il ghiaccio e, \u201cVILLANOVA METE OR E\u2026.\u201d potrebbe essere l\u2019occasione giusta, a giudicare dal calendario.<br \/>\nPer info: bando di Veleggiata, regolamento e calendario, contattare il Circolo della Vela Ostuni ai seguenti numeri: 393 3820492; 339\/5788867 o scrivere e-mail al seguente indirizzo: circolodellavelaostuni@gmail.com.<br \/>\nE\u2019 possibile inoltre scaricare il bando e guardare tutte le iniziative sul sito: <a href=\"https:\/\/sites.google.com\/site\/circolovelaostuni\/home\">https:\/\/sites.google.com\/site\/circolovelaostuni\/home<\/a>.<\/p>\n<p>&nbsp;<\/p>\n<p><strong>COMUNICATO STAMPA CIRCOLO DELLA VELA OSTUNI<\/strong><\/p>\n","protected":false},"excerpt":{"rendered":"<p>Il campionato velico organizzato presso il Porto di Villanova dal Circolo della Vela e dalla Lega Navale di Ostuni \u00e8 soltanto all\u2019inizio e, il secondo appuntamento \u00e8 fissato nei giorni 8 e 9 marzo. Si comincia sabato pomeriggio alle ore 15:00 p.m. con una prova di allenamento che, a partire da questo fine settimana, si arricchir\u00e0 di uno spazio didattico, affidato al noto e consumato velista Francesco Oriolo. Per chi non lo sapesse, lui di vela se ne intende, eccome: pi\u00f9 volte campione nazionale di meteor, intratterr\u00e0 i partecipanti all\u2019evento con una lezione teorica sulle regolazioni di fino della barca e sulle regole di regata, su cui spesso sorgono le c.d. \u201cproteste\u201d. Insomma le cose da imparare non mancheranno!! Avventura, sport e nuove emozioni aspettano armatori ed equipaggi, questa volta ansiosi di rifarsi dopo l\u2019interruzione della prima veleggiata di domenica 23 febbraio u.s., rimandata al primo giro di boa per i problemi tecnici occorsi ad uno dei partecipanti, trovatosi con la barca disalberata. Ma il mare e la vela non&#8230;<\/p>\n","protected":false},"author":2,"featured_media":7124,"comment_status":"open","ping_status":"open","sticky":false,"template":"","format":"standard","meta":{"footnotes":""},"categories":[1232],"tags":[],"class_list":["post-7122","post","type-post","status-publish","format-standard","has-post-thumbnail","hentry","category-vela"],"_links":{"self":[{"href":"https:\/\/www.brundisium.net\/index.php\/wp-json\/wp\/v2\/posts\/7122","targetHints":{"allow":["GET"]}}],"collection":[{"href":"https:\/\/www.brundisium.net\/index.php\/wp-json\/wp\/v2\/posts"}],"about":[{"href":"https:\/\/www.brundisium.net\/index.php\/wp-json\/wp\/v2\/types\/post"}],"author":[{"embeddable":true,"href":"https:\/\/www.brundisium.net\/index.php\/wp-json\/wp\/v2\/users\/2"}],"replies":[{"embeddable":true,"href":"https:\/\/www.brundisium.net\/index.php\/wp-json\/wp\/v2\/comments?post=7122"}],"version-history":[{"count":1,"href":"https:\/\/www.brundisium.net\/index.php\/wp-json\/wp\/v2\/posts\/7122\/revisions"}],"predecessor-version":[{"id":7125,"href":"https:\/\/www.brundisium.net\/index.php\/wp-json\/wp\/v2\/posts\/7122\/revisions\/7125"}],"wp:featuredmedia":[{"embeddable":true,"href":"https:\/\/www.brundisium.net\/index.php\/wp-json\/wp\/v2\/media\/7124"}],"wp:attachment":[{"href":"https:\/\/www.brundisium.net\/index.php\/wp-json\/wp\/v2\/media?parent=7122"}],"wp:term":[{"taxonomy":"category","embeddable":true,"href":"https:\/\/www.brundisium.net\/index.php\/wp-json\/wp\/v2\/categories?post=7122"},{"taxonomy":"post_tag","embeddable":true,"href":"https:\/\/www.brundisium.net\/index.php\/wp-json\/wp\/v2\/tags?post=7122"}],"curies":[{"name":"wp","href":"https:\/\/api.w.org\/{rel}","templated":true}]}}