{"id":71934,"date":"2016-05-14T16:43:29","date_gmt":"2016-05-14T14:43:29","guid":{"rendered":"http:\/\/www.brundisium.net\/brun\/?p=71934"},"modified":"2016-05-17T00:46:47","modified_gmt":"2016-05-16T22:46:47","slug":"oria-in-festa-con-la-notte-dellimperatore-e-il-corteo-dei-50-anni","status":"publish","type":"post","link":"https:\/\/www.brundisium.net\/index.php\/oria-in-festa-con-la-notte-dellimperatore-e-il-corteo-dei-50-anni\/","title":{"rendered":"Oria in festa con La Notte dell&#8217;imperatore e il Corteo dei 50 anni"},"content":{"rendered":"<p><a href=\"http:\/\/www.brundisium.net\/brun\/wp-content\/uploads\/2016\/05\/percorso-corteo-domenica.jpg\"><img loading=\"lazy\" decoding=\"async\" class=\"alignright size-medium wp-image-71937\" src=\"http:\/\/www.brundisium.net\/brun\/wp-content\/uploads\/2016\/05\/percorso-corteo-domenica-300x300.jpg\" alt=\"_percorso-corteo-domenica\" width=\"300\" height=\"300\" srcset=\"https:\/\/www.brundisium.net\/brun\/wp-content\/uploads\/2016\/05\/percorso-corteo-domenica-300x300.jpg 300w, https:\/\/www.brundisium.net\/brun\/wp-content\/uploads\/2016\/05\/percorso-corteo-domenica-150x150.jpg 150w, https:\/\/www.brundisium.net\/brun\/wp-content\/uploads\/2016\/05\/percorso-corteo-domenica-768x768.jpg 768w, https:\/\/www.brundisium.net\/brun\/wp-content\/uploads\/2016\/05\/percorso-corteo-domenica-600x600.jpg 600w, https:\/\/www.brundisium.net\/brun\/wp-content\/uploads\/2016\/05\/percorso-corteo-domenica-60x60.jpg 60w, https:\/\/www.brundisium.net\/brun\/wp-content\/uploads\/2016\/05\/percorso-corteo-domenica.jpg 800w\" sizes=\"auto, (max-width: 300px) 100vw, 300px\" \/><\/a>\u00c8 come se fosse una grande festa di compleanno che coinvolge tutta la citt\u00e0, quella che Oria si prepara a vivere oggi e domani con due grandi eventi: \u201cLa Notte dell&#8217;Imperatore\u201d e l&#8217;edizione straordinaria del \u201cCorteo Storico di Federico II\u201d.<br \/>\nEra domenica 14 maggio 1967 quando intorno al castello normanno-svevo di Oria si svolse la prima edizione del \u201cCorteo Storico di Federico II &#8211; Torneo dei Rioni\u201d, organizzata dalla locale Associazione Turistica \u201cPro Loco\u201d.<\/p>\n<p>&nbsp;<br \/>\nNegli anni a seguire l&#8217;appuntamento si \u00e8 sempre svolto con continuit\u00e0 e, spostato varie volte, da tempo si tiene costantemente nel secondo fine settimana di agosto. Nel 2016 l&#8217;evento raggiunger\u00e0 la cinquantesima edizione e per ricordare la storia del \u201cTorneo\u201d, la Pro Loco ha voluto rispolverare quella prima importante data con due eventi &#8211; aggiuntivi rispetto a quelli estivi &#8211; programmati oggi, 14 maggio, e domani, domenica 15.<\/p>\n<p>&nbsp;<br \/>\nLe iniziative sono state predisposte in collaborazione con l&#8217;Amministrazione Comunale, con i quattro Rioni, i gruppi sbandieratori e numerose altre istituzioni e associazioni locali.<\/p>\n<p>&nbsp;<br \/>\nQuesta sera si terr\u00e0 \u201cLa Notte dell&#8217;Imperatore\u201d: dalle 19:00 sino a notte, le vie del centro storico di Oria saranno animate da attrazioni di vario genere, non esclusivamente medievali, con la partecipazione dei Rioni, degli sbandieratori, delle compagnie d&#8217;arme e di altri figuranti in abiti d&#8217;epoca. Sono stati previsti quattro punti di accesso, situati in piazza Donnolo, via Giacinto D&#8217;Oria, piazza Lama e piazza Manfredi.<\/p>\n<p>&nbsp;<br \/>\nUn importante contributo sar\u00e0 offerto da tutte le scuole, primarie e secondarie, che si occuperanno di accoglienza turistica e animazione con spettacoli in strada.<br \/>\n<a href=\"http:\/\/www.brundisium.net\/brun\/wp-content\/uploads\/2016\/05\/notte-imperatore-attrazioni-piantina.jpg\"><img loading=\"lazy\" decoding=\"async\" class=\"size-medium wp-image-71936 alignleft\" src=\"http:\/\/www.brundisium.net\/brun\/wp-content\/uploads\/2016\/05\/notte-imperatore-attrazioni-piantina-300x300.jpg\" alt=\"_notte-imperatore-attrazioni-piantina\" width=\"300\" height=\"300\" srcset=\"https:\/\/www.brundisium.net\/brun\/wp-content\/uploads\/2016\/05\/notte-imperatore-attrazioni-piantina-300x300.jpg 300w, https:\/\/www.brundisium.net\/brun\/wp-content\/uploads\/2016\/05\/notte-imperatore-attrazioni-piantina-150x150.jpg 150w, https:\/\/www.brundisium.net\/brun\/wp-content\/uploads\/2016\/05\/notte-imperatore-attrazioni-piantina-768x768.jpg 768w, https:\/\/www.brundisium.net\/brun\/wp-content\/uploads\/2016\/05\/notte-imperatore-attrazioni-piantina-600x600.jpg 600w, https:\/\/www.brundisium.net\/brun\/wp-content\/uploads\/2016\/05\/notte-imperatore-attrazioni-piantina-60x60.jpg 60w, https:\/\/www.brundisium.net\/brun\/wp-content\/uploads\/2016\/05\/notte-imperatore-attrazioni-piantina.jpg 800w\" sizes=\"auto, (max-width: 300px) 100vw, 300px\" \/><\/a>Lungo il percorso imbandierato, che abbraccia le principali vie del borgo antico, sar\u00e0 allestito un mercatino dell&#8217;artigianato con espositori provenienti anche da fuori regione e si potranno vedere all&#8217;opera trampolieri, giocolieri, maghi e altri artisti di strada. A stupire i visitatori ci penseranno anche numerose esibizioni disseminate in pi\u00f9 punti d&#8217;interesse.<br \/>\nSaranno aperte sino a tardi le principali attrazioni turistiche e culturali: musei, chiese, edifici di pregio, mostre d&#8217;arte, la cripta delle mummie e gli ipogei.<br \/>\nA seguire, dopo la mezzanotte, la serata sar\u00e0 dedicata ai pi\u00f9 giovani, con la musica \u201cUrban Street Sound\u201d, a cura dei locali di piazza Manfredi. L&#8217;evento godr\u00e0 dell&#8217;assistenza della Prociv-Arci di Oria.<\/p>\n<p>&nbsp;<br \/>\nNel pomeriggio di domani, domenica 15 maggio, si svolger\u00e0 l&#8217;edizione straordinaria del &#8220;Corteo Storico di Federico II&#8221;. Si tratta di una \u201crievocazione della rievocazione\u201d, che ricorder\u00e0 la prima edizione dell&#8217;evento. La partenza del corteo sar\u00e0 da piazzale municipio, mentre lo spettacolo conclusivo si svolger\u00e0 in piazza Manfredi, con la premiazione di alcune personalit\u00e0 legate alla storia del Torneo dei Rioni e la sfilata di tutti i palii realizzati nel corso delle quarantanove edizioni precedenti.<\/p>\n<p>&nbsp;<br \/>\n<a href=\"http:\/\/www.brundisium.net\/brun\/wp-content\/uploads\/2016\/05\/notte-imperatore-attrazioni.jpg\"><img loading=\"lazy\" decoding=\"async\" class=\"alignright size-medium wp-image-71935\" src=\"http:\/\/www.brundisium.net\/brun\/wp-content\/uploads\/2016\/05\/notte-imperatore-attrazioni-300x300.jpg\" alt=\"_notte-imperatore-attrazioni\" width=\"300\" height=\"300\" srcset=\"https:\/\/www.brundisium.net\/brun\/wp-content\/uploads\/2016\/05\/notte-imperatore-attrazioni-300x300.jpg 300w, https:\/\/www.brundisium.net\/brun\/wp-content\/uploads\/2016\/05\/notte-imperatore-attrazioni-150x150.jpg 150w, https:\/\/www.brundisium.net\/brun\/wp-content\/uploads\/2016\/05\/notte-imperatore-attrazioni-768x768.jpg 768w, https:\/\/www.brundisium.net\/brun\/wp-content\/uploads\/2016\/05\/notte-imperatore-attrazioni-600x600.jpg 600w, https:\/\/www.brundisium.net\/brun\/wp-content\/uploads\/2016\/05\/notte-imperatore-attrazioni-60x60.jpg 60w, https:\/\/www.brundisium.net\/brun\/wp-content\/uploads\/2016\/05\/notte-imperatore-attrazioni.jpg 800w\" sizes=\"auto, (max-width: 300px) 100vw, 300px\" \/><\/a>In tutta la sua imponenza, il corteo si snoder\u00e0 lungo le principali vie cittadine fastosamente addobbate con i vessilli dei quattro rioni. I figuranti che indossando abiti d&#8217;epoca perfettamente ricostruiti sfileranno insieme all&#8217;Imperatore Federico II saranno circa mille, tra nobili e dame, crociati, armigeri, portatori di animali esotici, falconieri, portainsegne, cavalieri in arme, giocolieri, mangiafuoco, arcieri, danzatrici e saraceni, accompagnati da sbandieratori e musici. Nel corteo, inoltre, verr\u00e0 riproposta la sfarzosa corte orientale di Giovanni Di Brienne, futuro suocero di Federico II e Re di Gerusalemme con danzatrici del ventre, armigeri mori, portatori di cammelli, nobili e dame orientali. Ecco in dettaglio il percorso della sfilata: ore 17:00 partenza da piazzale Municipio, via G. D\u2019Oria, Piazza Lama, via Latiano, via Tripoli, via Senatore Martini, via M. Pagano, via Isonzo, via Torre S.S., Porta Manfredi, via D. Bonifacio, Piazza Donnolo, via F. Milizia, Piazza Manfredi.<\/p>\n<p>&nbsp;<\/p>\n<p>Ma le sorprese non finiscono, perch\u00e9 per volont\u00e0 della famiglia Romanin-Caliandro, che ha subito accolto la richiesta del sindaco Cosimo Ferretti, dopo lungo tempo il Castello Normanno-Svevo di Oria rester\u00e0 aperto per le visite guidate della Cooperativa Nuova Hyria dalle ore 10:00 alle 19:00 in entrambe le giornate. Inoltre, in vista degli eventi, oggi alle 17:30 alla presenza del primo cittadino di Oria, del borgomastro della citt\u00e0 gemella di Lorch e del prefetto di Brindisi, sar\u00e0 inaugurato e riaperto al pubblico il rinnovato e ampliato Parco Montalbano, da ammirare per gli importanti ritrovamenti di epoca bizantina emersi durante i lavori di restauro e con lo scenario mozzafiato ai piedi del castello.<br \/>\n\u00abL&#8217;impegno dei numerosi volontari della nostra associazione che da mesi sono a lavoro &#8211; fanno sapere dalla Pro Loco di Oria &#8211; potr\u00e0 offrire un concentrato di importanti novit\u00e0 e di attrazioni per tutti i gusti perci\u00f2 non resta che cogliere al volo la possibilit\u00e0 di partecipare agli eventi ad accesso gratuito. Ci auguriamo di offrire la possibilit\u00e0 di vivere un fine settimana di maggio differente, all&#8217;insegna della cultura e del sano divertimento\u00bb.<\/p>\n<p>&nbsp;<\/p>\n<p>&nbsp;<\/p>\n","protected":false},"excerpt":{"rendered":"<p>\u00c8 come se fosse una grande festa di compleanno che coinvolge tutta la citt\u00e0, quella che Oria si prepara a vivere oggi e domani con due grandi eventi: \u201cLa Notte dell&#8217;Imperatore\u201d e l&#8217;edizione straordinaria del \u201cCorteo Storico di Federico II\u201d. Era domenica 14 maggio 1967 quando intorno al castello normanno-svevo di Oria si svolse la prima edizione del \u201cCorteo Storico di Federico II &#8211; Torneo dei Rioni\u201d, organizzata dalla locale Associazione Turistica \u201cPro Loco\u201d. &nbsp; Negli anni a seguire l&#8217;appuntamento si \u00e8 sempre svolto con continuit\u00e0 e, spostato varie volte, da tempo si tiene costantemente nel secondo fine settimana di agosto. Nel 2016 l&#8217;evento raggiunger\u00e0 la cinquantesima edizione e per ricordare la storia del \u201cTorneo\u201d, la Pro Loco ha voluto rispolverare quella prima importante data con due eventi &#8211; aggiuntivi rispetto a quelli estivi &#8211; programmati oggi, 14 maggio, e domani, domenica 15. &nbsp; Le iniziative sono state predisposte in collaborazione con l&#8217;Amministrazione Comunale, con i quattro Rioni, i gruppi sbandieratori e numerose altre istituzioni e associazioni locali. &nbsp; Questa&#8230;<\/p>\n","protected":false},"author":2,"featured_media":71938,"comment_status":"open","ping_status":"closed","sticky":false,"template":"","format":"standard","meta":{"footnotes":""},"categories":[7,389],"tags":[],"class_list":["post-71934","post","type-post","status-publish","format-standard","has-post-thumbnail","hentry","category-news","category-territorio"],"_links":{"self":[{"href":"https:\/\/www.brundisium.net\/index.php\/wp-json\/wp\/v2\/posts\/71934","targetHints":{"allow":["GET"]}}],"collection":[{"href":"https:\/\/www.brundisium.net\/index.php\/wp-json\/wp\/v2\/posts"}],"about":[{"href":"https:\/\/www.brundisium.net\/index.php\/wp-json\/wp\/v2\/types\/post"}],"author":[{"embeddable":true,"href":"https:\/\/www.brundisium.net\/index.php\/wp-json\/wp\/v2\/users\/2"}],"replies":[{"embeddable":true,"href":"https:\/\/www.brundisium.net\/index.php\/wp-json\/wp\/v2\/comments?post=71934"}],"version-history":[{"count":1,"href":"https:\/\/www.brundisium.net\/index.php\/wp-json\/wp\/v2\/posts\/71934\/revisions"}],"predecessor-version":[{"id":71939,"href":"https:\/\/www.brundisium.net\/index.php\/wp-json\/wp\/v2\/posts\/71934\/revisions\/71939"}],"wp:featuredmedia":[{"embeddable":true,"href":"https:\/\/www.brundisium.net\/index.php\/wp-json\/wp\/v2\/media\/71938"}],"wp:attachment":[{"href":"https:\/\/www.brundisium.net\/index.php\/wp-json\/wp\/v2\/media?parent=71934"}],"wp:term":[{"taxonomy":"category","embeddable":true,"href":"https:\/\/www.brundisium.net\/index.php\/wp-json\/wp\/v2\/categories?post=71934"},{"taxonomy":"post_tag","embeddable":true,"href":"https:\/\/www.brundisium.net\/index.php\/wp-json\/wp\/v2\/tags?post=71934"}],"curies":[{"name":"wp","href":"https:\/\/api.w.org\/{rel}","templated":true}]}}