{"id":73048,"date":"2016-05-27T09:31:48","date_gmt":"2016-05-27T07:31:48","guid":{"rendered":"http:\/\/www.brundisium.net\/brun\/?p=73048"},"modified":"2016-05-27T09:31:48","modified_gmt":"2016-05-27T07:31:48","slug":"manifestazione-di-fine-anno-alla-scuola-primaria-don-milani","status":"publish","type":"post","link":"https:\/\/www.brundisium.net\/index.php\/manifestazione-di-fine-anno-alla-scuola-primaria-don-milani\/","title":{"rendered":"Manifestazione di fine anno alla scuola primaria Don Milani"},"content":{"rendered":"<p><img loading=\"lazy\" decoding=\"async\" src=\"http:\/\/www.brundisium.net\/brun\/wp-content\/uploads\/2016\/05\/sportdiclasselogo.jpg\" alt=\"sportdiclasselogo\" width=\"250\" height=\"202\" class=\"alignleft size-full wp-image-73052\" \/>Le maestre e gli alunni della scuola primaria Don Milani I lotto si preparano a salutare l\u2019anno scolastico 2015-2016 che volge al termine, con una serie di manifestazioni.<br \/>\nTre appuntamenti per domani venerd\u00ec 27 maggio: festa con la Coldiretti (referente la maestra Marialuisa Di Simone) in cui \u00e8 coinvolto l\u2019intero I lotto della Don Milani: a partire dalle ore 10 nel giardino della scuola sono protagonisti dodici classi di scuola primaria e nove sezioni dell\u2019infanzia Piaget e Don Bosco.<br \/>\nNel giardino sono organizzati laboratori didattici come la \u201cCaccia all\u2019uovo\u201d e con le arnie \u201cL\u2019ape amica\u201d offerti da masserie didattiche del territorio.<br \/>\nSempre domani mattina \u00e8 prevista una passeggiata al parco Cesare Braico delle classi I D ed E e II D, E ed F del I lotto per la Festa della Primavera.<br \/>\n\u201cLa Scuola Primaria ha deciso di realizzare una \u2018Festa di Primavera\u2019 con l\u2019intento di coniugare due delle vocazioni che la scuola vive e persegue: lo sforzo verso una sempre pi\u00f9 proficua collaborazione scuola-famiglia e l\u2019essere scuole attente alla natura e all&#8217;ecologia\u201d, dichiara Marialuisa Di Simone.<br \/>\nLa festa della Primavera vede coinvolti tutti i bambini della Scuola Primaria Don Milani, i quali quest\u2019anno hanno partecipato, guidati dalle loro insegnanti, ad una serie di iniziative e progetti che li hanno visti non solo protagonisti ma fattivi conoscitori del loro ambiente e realt\u00e0 stagionale (Festa dell\u2019Autunno, \u201cM\u2019illumino di meno\u201d; Progetto \u201dDieta Mediterranea\u201d \u201cFrutta nelle Scuole\u201d, \u201cTutti per la Frutta\u201d- Hortus).<br \/>\n\u201cL\u2019evento \u00e8 stato pensato come un momento di convivialit\u00e0 con prodotti stagionali e soprattutto locali, poi i bambini si recheranno verso il parco Cesare Braico, accompagnati dai vigili urbani, per una passeggiata ecologica\u201d.<br \/>\n<img loading=\"lazy\" decoding=\"async\" src=\"http:\/\/www.brundisium.net\/brun\/wp-content\/uploads\/2016\/05\/fotoconcorsoAIL-300x169.jpg\" alt=\"fotoconcorsoAIL\" width=\"300\" height=\"169\" class=\"alignleft size-medium wp-image-73053\" srcset=\"https:\/\/www.brundisium.net\/brun\/wp-content\/uploads\/2016\/05\/fotoconcorsoAIL-300x169.jpg 300w, https:\/\/www.brundisium.net\/brun\/wp-content\/uploads\/2016\/05\/fotoconcorsoAIL.jpg 448w\" sizes=\"auto, (max-width: 300px) 100vw, 300px\" \/>Sempre domani mattina, un allegro arrivederci dal titolo \u2026e il viaggio continua delle maestre della classe V A (Rosanna Viva, Gina De Filippis, Giusy Carbone, Alessandra Fischetto e Sandra Taveri) ai loro bimbi: appuntamento nella palestra del plesso Don Milani II lotto, a partire dalle ore 10, dove \u00e8 presente Adama, il ragazzo di colore del Burkina Faso adottato da genitori di San Vito dei Normanni e strappato al lavoro in miniera (progetto intercultura) e della professoressa Angela Chiara Gioia che ha svolto il progetto \u201cSport in classe\u201d. \u201cE\u2019 una carrellata di discipline studiate in questi cinque anni di scuola primaria\u201d fanno sapere le maestre della V A. \u201cI bambini si esibiscono in canti popolari brindisini, in percorsi e giochi di motoria, in canti africani con Adama, in balli che coinvolgono genitori e la stessa Dirigente Scolastica, professoressa Elvira D\u2019Al\u00f2, che saranno invitati a cantare con noi \u2018Volare\u2019 e \u2018Nel blu dipinto di blu\u2019\u201d. Gli alunni recitano anche filastrocche e dialoghi inventati da loro e dedicati alle maestre e ai genitori. In conclusione la Dirigente consegna diplomi e cappellini a ciascuno di loro.<br \/>\nL\u20191 giugno nel giardino della scuola ci sar\u00e0 invece la giornata conclusiva del progetto intercultura dal titolo In viaggio con Adama (maestre referente Ornella Di Scanno e Isabella Bennardi), a partire dalle ore 10.<br \/>\nInfine il 3 giugno presso la vicina chiesa dei Salesiani si tiene la manifestazione finale del progetto Miur Sport di classe (referente la maestra Daniela Doria), con le esperte Chiara Gioia e Sara Tricarico: dalle ore 8.30 alle 10 le classi prime e seconde; dalle 10.30 alle 12 le classi terze, quarte e quinte.<br \/>\nIntanto si \u00e8 concluso oggi, gioved\u00ec 26 maggio, il concorso Ail, presso il parco del Cillarese, dove la classe IV C della maestra Ada Saracino della Scuola Primaria &#8220;Don Milani&#8221; I lotto si \u00e8 classificata all&#8217;ottavo posto, pertanto la favola scritta da questi alunni rappresenter\u00e0 il mese di agosto e sar\u00e0 presente sul calendario Ail dell&#8217;anno 2017.<\/p>\n<p>C.S. ISTITUTO COMPRENSIVO SANTA CHIARA<\/p>\n<p><img loading=\"lazy\" decoding=\"async\" src=\"http:\/\/www.brundisium.net\/brun\/wp-content\/uploads\/2016\/05\/sportdiclasse-300x60.jpg\" alt=\"sportdiclasse\" width=\"300\" height=\"60\" class=\"alignleft size-medium wp-image-73050\" srcset=\"https:\/\/www.brundisium.net\/brun\/wp-content\/uploads\/2016\/05\/sportdiclasse-300x60.jpg 300w, https:\/\/www.brundisium.net\/brun\/wp-content\/uploads\/2016\/05\/sportdiclasse.jpg 640w\" sizes=\"auto, (max-width: 300px) 100vw, 300px\" \/><\/p>\n","protected":false},"excerpt":{"rendered":"<p>Le maestre e gli alunni della scuola primaria Don Milani I lotto si preparano a salutare l\u2019anno scolastico 2015-2016 che volge al termine, con una serie di manifestazioni. Tre appuntamenti per domani venerd\u00ec 27 maggio: festa con la Coldiretti (referente la maestra Marialuisa Di Simone) in cui \u00e8 coinvolto l\u2019intero I lotto della Don Milani: a partire dalle ore 10 nel giardino della scuola sono protagonisti dodici classi di scuola primaria e nove sezioni dell\u2019infanzia Piaget e Don Bosco. Nel giardino sono organizzati laboratori didattici come la \u201cCaccia all\u2019uovo\u201d e con le arnie \u201cL\u2019ape amica\u201d offerti da masserie didattiche del territorio. Sempre domani mattina \u00e8 prevista una passeggiata al parco Cesare Braico delle classi I D ed E e II D, E ed F del I lotto per la Festa della Primavera. \u201cLa Scuola Primaria ha deciso di realizzare una \u2018Festa di Primavera\u2019 con l\u2019intento di coniugare due delle vocazioni che la scuola vive e persegue: lo sforzo verso una sempre pi\u00f9 proficua collaborazione scuola-famiglia e l\u2019essere scuole attente alla&#8230;<\/p>\n","protected":false},"author":4,"featured_media":73049,"comment_status":"open","ping_status":"closed","sticky":false,"template":"","format":"standard","meta":{"footnotes":""},"categories":[7],"tags":[],"class_list":["post-73048","post","type-post","status-publish","format-standard","has-post-thumbnail","hentry","category-news"],"_links":{"self":[{"href":"https:\/\/www.brundisium.net\/index.php\/wp-json\/wp\/v2\/posts\/73048","targetHints":{"allow":["GET"]}}],"collection":[{"href":"https:\/\/www.brundisium.net\/index.php\/wp-json\/wp\/v2\/posts"}],"about":[{"href":"https:\/\/www.brundisium.net\/index.php\/wp-json\/wp\/v2\/types\/post"}],"author":[{"embeddable":true,"href":"https:\/\/www.brundisium.net\/index.php\/wp-json\/wp\/v2\/users\/4"}],"replies":[{"embeddable":true,"href":"https:\/\/www.brundisium.net\/index.php\/wp-json\/wp\/v2\/comments?post=73048"}],"version-history":[{"count":2,"href":"https:\/\/www.brundisium.net\/index.php\/wp-json\/wp\/v2\/posts\/73048\/revisions"}],"predecessor-version":[{"id":73054,"href":"https:\/\/www.brundisium.net\/index.php\/wp-json\/wp\/v2\/posts\/73048\/revisions\/73054"}],"wp:featuredmedia":[{"embeddable":true,"href":"https:\/\/www.brundisium.net\/index.php\/wp-json\/wp\/v2\/media\/73049"}],"wp:attachment":[{"href":"https:\/\/www.brundisium.net\/index.php\/wp-json\/wp\/v2\/media?parent=73048"}],"wp:term":[{"taxonomy":"category","embeddable":true,"href":"https:\/\/www.brundisium.net\/index.php\/wp-json\/wp\/v2\/categories?post=73048"},{"taxonomy":"post_tag","embeddable":true,"href":"https:\/\/www.brundisium.net\/index.php\/wp-json\/wp\/v2\/tags?post=73048"}],"curies":[{"name":"wp","href":"https:\/\/api.w.org\/{rel}","templated":true}]}}